{"id":40796,"date":"2024-05-11T21:43:54","date_gmt":"2024-05-11T21:43:54","guid":{"rendered":"http:\/\/historiografija.hr\/?p=40796"},"modified":"2024-05-11T21:43:54","modified_gmt":"2024-05-11T21:43:54","slug":"predstavljanje-knjige-ivana-mancea-kosinjska-tiskara-u-rijeci","status":"publish","type":"post","link":"https:\/\/historiografija.hr\/?p=40796","title":{"rendered":"Predstavljanje knjige Ivana Mancea \u201cKosinjska tiskara\u201d u Rijeci"},"content":{"rendered":"\n<p>U utorak, 14. svibnja 2024. u 18 sati, Gradska knji\u017enica Rijeka, Dvorana susreta, Viktora Cara Emina 1, Rijeka.<\/p>\n\n\n\n<p>Knjigu Ivana Mancea \u201cKosinjska tiskara: povijesna, kartografska i informacijska studija\u201d predstavit \u0107e prof. dr. sc Josip Jur\u010devi\u0107, prof. dr. sc. Daniel Patafta i autor dr. sc. Ivan Mance.<\/p>\n\n\n\n<hr class=\"wp-block-separator\"\/>\n","protected":false},"excerpt":{"rendered":"","protected":false},"author":2,"featured_media":40797,"comment_status":"open","ping_status":"open","sticky":false,"template":"","format":"standard","meta":{"_acf_changed":false,"jetpack_post_was_ever_published":false,"_jetpack_newsletter_access":"","_jetpack_dont_email_post_to_subs":false,"_jetpack_newsletter_tier_id":0,"_jetpack_memberships_contains_paywalled_content":false,"_jetpack_memberships_contains_paid_content":false,"footnotes":"","jetpack_publicize_message":"","jetpack_publicize_feature_enabled":true,"jetpack_social_post_already_shared":true,"jetpack_social_options":{"image_generator_settings":{"template":"highway","default_image_id":0,"font":"","enabled":false},"version":2}},"categories":[3],"tags":[],"class_list":["post-40796","post","type-post","status-publish","format-standard","has-post-thumbnail","hentry","category-novosti"],"acf":{"facebook_opis":""},"jetpack_publicize_connections":[],"jetpack_featured_media_url":"https:\/\/i0.wp.com\/historiografija.hr\/wp-content\/uploads\/2024\/05\/Plakat-Rijeka.jpg?fit=1240%2C1754&ssl=1","jetpack_sharing_enabled":true,"jetpack-related-posts":[],"_links":{"self":[{"href":"https:\/\/historiografija.hr\/index.php?rest_route=\/wp\/v2\/posts\/40796","targetHints":{"allow":["GET"]}}],"collection":[{"href":"https:\/\/historiografija.hr\/index.php?rest_route=\/wp\/v2\/posts"}],"about":[{"href":"https:\/\/historiografija.hr\/index.php?rest_route=\/wp\/v2\/types\/post"}],"author":[{"embeddable":true,"href":"https:\/\/historiografija.hr\/index.php?rest_route=\/wp\/v2\/users\/2"}],"replies":[{"embeddable":true,"href":"https:\/\/historiografija.hr\/index.php?rest_route=%2Fwp%2Fv2%2Fcomments&post=40796"}],"version-history":[{"count":1,"href":"https:\/\/historiografija.hr\/index.php?rest_route=\/wp\/v2\/posts\/40796\/revisions"}],"predecessor-version":[{"id":40798,"href":"https:\/\/historiografija.hr\/index.php?rest_route=\/wp\/v2\/posts\/40796\/revisions\/40798"}],"wp:featuredmedia":[{"embeddable":true,"href":"https:\/\/historiografija.hr\/index.php?rest_route=\/wp\/v2\/media\/40797"}],"wp:attachment":[{"href":"https:\/\/historiografija.hr\/index.php?rest_route=%2Fwp%2Fv2%2Fmedia&parent=40796"}],"wp:term":[{"taxonomy":"category","embeddable":true,"href":"https:\/\/historiografija.hr\/index.php?rest_route=%2Fwp%2Fv2%2Fcategories&post=40796"},{"taxonomy":"post_tag","embeddable":true,"href":"https:\/\/historiografija.hr\/index.php?rest_route=%2Fwp%2Fv2%2Ftags&post=40796"}],"curies":[{"name":"wp","href":"https:\/\/api.w.org\/{rel}","templated":true}]}}