{"id":40757,"date":"2024-05-08T21:59:47","date_gmt":"2024-05-08T21:59:47","guid":{"rendered":"http:\/\/historiografija.hr\/?p=40757"},"modified":"2024-05-08T21:59:47","modified_gmt":"2024-05-08T21:59:47","slug":"predstavljanje-udzbenika-hrvatska-heraldicka-bastina-i-odabrane-teme-prirucnik-za-studente","status":"publish","type":"post","link":"https:\/\/historiografija.hr\/?p=40757","title":{"rendered":"Predstavljanje ud\u017ebenika &#8220;HRVATSKA HERALDI\u010cKA BA\u0160TINA I. \u2013 ODABRANE TEME: PRIRU\u010cNIK ZA STUDENTE&#8221;"},"content":{"rendered":"\n<p>Hrvatsko grboslovno i zastavoslovno dru\u0161tvo i Povijesna sekcija Dru\u017ebe \u201eBra\u0107a Hrvatskoga Zmaja\u201c imaju \u010dast i zadovoljstvo pozvati Vas<br>&nbsp;<\/p>\n\n\n\n<p><strong>15. svibnja 2024., srijeda<\/strong><\/p>\n\n\n\n<p><strong>Kula nad Kamenitim vratima<\/strong><\/p>\n\n\n\n<p><strong>u 19.00 sati<\/strong><\/p>\n\n\n\n<p><strong>Predstavljanje ud\u017ebenika<\/strong><\/p>\n\n\n\n<p><strong>HRVATSKA HERALDI\u010cKA BA\u0160TINA I. \u2013 ODABRANE TEME: PRIRU\u010cNIK ZA STUDENTE<\/strong><\/p>\n\n\n\n<p>iz nakladni\u010dkog niza<br><em>Katedarska knji\u017enica: Pomo\u0107ne povijesne znanosti, sv. 1. \/ Bibliotheca Cathedrae: Scientiae auxiliares historiae, vol. I.<\/em><\/p>\n\n\n\n<p>Uredili: prof. emer. dr. h. c. Mirjana Matijevi\u0107 Sokol i izv. prof. dr. sc. Tomislav Galovi\u0107<\/p>\n\n\n\n<p>Nakladnik: Filozofski fakultet Sveu\u010dili\u0161ta u Zagrebu \u2013 FF press<br><br>Autori: prof. dr. sc. Ivo Banac+, nasl. izv. prof. dr. sc. Ivan Botica, Zmaj od Otoka na Cetini, Matea Brstilo Re\u0161etar, prof., Zmajica of Gri\u010da VI., mr. sc. Ladislav Dobrica, Zmaj od Maruli\u0107evog trga, Vicko Fiskovi\u0107, prof., izv. prof. dr. sc. Tomislav Galovi\u0107, nasl. doc. dr. sc. \u017deljko Heimer, Zmaj od Mesni\u010dkih vrata, nasl. izv. prof. dr. sc. Mario Jareb, Zmaj Jurjevgradski od Tribunja, prof. dr. sc. Hrvoje Kekez, Zmaj of Katuna, prof. emer. dr. h. c. Mirjana Matijevi\u0107 Sokol, Sanja Miljan, mag. hist., dr. sc. Dubravka Pei\u0107 \u010caldarovi\u0107, Antonio Perkovi\u0107, mag. educ. hist., dr. sc. Jak\u0161a Ragu\u017e, dr. sc. Suzana Simon, akademik Nik\u0161a Stan\u010di\u0107, Maja Tabak Demo, asist.<\/p>\n\n\n\n<p><em>Iz recenzija:<\/em><br><br>Knjiga ure\u0111iva\u010da i prire\u0111iva\u010da Mirjane Matijevi\u0107 Sokol i Tomislava Galovi\u0107a <em>Hrvatska heraldi\u010dka ba\u0161tina I. \u2013 odabrane teme<\/em> historiografski je relevantan i dobro strukturiran izbor tekstova o hrvatskoj heraldi\u010dkoj ba\u0161tini nastao radom niza autora. Rije\u010d je o izboru relevantnih tema iz hrvatske heraldike od osnovnih pojmova i heraldi\u010dke prakse u srednjem vijeku i ranonovovjekovlju (doba \u201e\u017eive heraldike\u201c) do ne manje zanimljivih pitanja o suvremenoj uporabi grbova te o polo\u017eaju heraldike kao pomo\u0107ne povijesne discipline i heraldi\u010dke ba\u0161tine u dana\u0161njem dru\u0161tvu. Kao dodatak na kraju knjige uvr\u0161ten je i tekst \u201eUvod u veksilologiju\u201c. Suvremene studije i radovi o hrvatskoj heraldici uglavnom se odnose na pojedine regije i u\u017ea podru\u010dja, dok pregledi ukupne heraldi\u010dke ba\u0161tine na znanstvenoj razini predstavljaju rijetkost. Rije\u010d je o uredni\u010dki vje\u0161to objedinjenom zborniku tekstova skupine autora o relevantnim temama iz hrvatske heraldike koje obuhva\u0107aju \u0161iri kulturnopovijesni kontekst. U tom smislu rije\u010d je o pionirskome priru\u010dniku neophodnome u nastavi pomo\u0107nih povijesnih znanosti, ali i u studiju ba\u0161tinskih znanosti op\u0107enito.<\/p>\n\n\n\n<p>akademik Stjepan \u0106osi\u0107<\/p>\n\n\n\n<p><br>Knjiga je koncipirana kao ud\u017ebenik za predavanja iz predmeta Pomo\u0107nih povijesnih znanosti (discipline heraldike i veksilologije) i priru\u010dnik za studente zainteresirane za produbljivanje te teme. Budu\u0107i da je posve\u0107en heraldici, kod nas jo\u0161 nedovoljno obra\u0111enoj pomo\u0107noj povijesnoj znanosti, tema je znanstveno relevantna unutar same povijesne znanosti, a zanimljiva i \u0161irem krugu znanstvenika zainteresiranih za druge znanstvene i umjetni\u010dke discipline (povijest umjetnosti, arheologija, design i sl.), kao i \u0161ire javnosti. Osim za razumijevanje hrvatske heraldi\u010dke ba\u0161tine, knjiga pru\u017ea i dobar temelj za njezino smje\u0161tanje i evaluaciju unutar europskog kulturnog prostora, a zasigurno \u0107e pridonijeti i boljem poznavanju hrvatske heraldike i povijesti u drugim europskim historiografijama. Knjiga ima \u0161iru dru\u0161tvenu relevantnost uklapaju\u0107i se u suvremene trendove prou\u010davanja dru\u0161tvene uloge pojedinih dru\u0161tvenih grupa (u ovom slu\u010daju prvenstveno plemstva), ali i teritorijalnih jedinica koje tako\u0111er posjeduju svoje simbole u obliku grbova i drugog znakovlja. Uzimaju\u0107i u obzir sve navedeno smatram da knjiga <em>Hrvatska heraldi\u010dka ba\u0161tina I. \u2013 odabrane teme\u00a0<\/em>predstavlja va\u017ean doprinos kako hrvatskoj tako i me\u0111unarodnoj znanstvenoj misli.<\/p>\n\n\n\n<p>dr. sc. Damir Karbi\u0107<\/p>\n\n\n\n<hr class=\"wp-block-separator\"\/>\n\n\n\n<p>Izvor:<\/p>\n\n\n\n<figure class=\"wp-block-embed-wordpress wp-block-embed is-type-wp-embed is-provider-druzba-quot-braca-hrvatskoga-zmaja-quot\"><div class=\"wp-block-embed__wrapper\">\n<blockquote class=\"wp-embedded-content\" data-secret=\"LcXpWbXvNb\"><a href=\"https:\/\/dbhz.hr\/najava\/predstavljanje-udzbenika-hrvatska-heraldicka-bastina-i-odabrane-teme-prirucnik-za-studente\/\">Predstavljanje ud\u017ebenika: HRVATSKA HERALDI\u010cKA BA\u0160TINA I &#8211; ODABRANE TEME: PRIRU\u010cNIK ZA STUDENTE<\/a><\/blockquote><iframe loading=\"lazy\" class=\"wp-embedded-content\" sandbox=\"allow-scripts\" security=\"restricted\" style=\"position: absolute; clip: rect(1px, 1px, 1px, 1px);\" title=\"&#8220;Predstavljanje ud\u017ebenika: HRVATSKA HERALDI\u010cKA BA\u0160TINA I &#8211; ODABRANE TEME: PRIRU\u010cNIK ZA STUDENTE&#8221; &#8212; Dru\u017eba &quot;Bra\u0107a Hrvatskoga Zmaja&quot;\" src=\"https:\/\/dbhz.hr\/najava\/predstavljanje-udzbenika-hrvatska-heraldicka-bastina-i-odabrane-teme-prirucnik-za-studente\/embed\/#?secret=LcXpWbXvNb\" data-secret=\"LcXpWbXvNb\" width=\"600\" height=\"338\" frameborder=\"0\" marginwidth=\"0\" marginheight=\"0\" scrolling=\"no\"><\/iframe>\n<\/div><\/figure>\n\n\n\n<hr class=\"wp-block-separator\"\/>\n","protected":false},"excerpt":{"rendered":"","protected":false},"author":2,"featured_media":40758,"comment_status":"open","ping_status":"open","sticky":false,"template":"","format":"standard","meta":{"_acf_changed":false,"jetpack_post_was_ever_published":false,"_jetpack_newsletter_access":"","_jetpack_dont_email_post_to_subs":false,"_jetpack_newsletter_tier_id":0,"_jetpack_memberships_contains_paywalled_content":false,"_jetpack_memberships_contains_paid_content":false,"footnotes":"","jetpack_publicize_message":"","jetpack_publicize_feature_enabled":true,"jetpack_social_post_already_shared":true,"jetpack_social_options":{"image_generator_settings":{"template":"highway","default_image_id":0,"font":"","enabled":false},"version":2}},"categories":[3],"tags":[],"class_list":["post-40757","post","type-post","status-publish","format-standard","has-post-thumbnail","hentry","category-novosti"],"acf":{"facebook_opis":""},"jetpack_publicize_connections":[],"jetpack_featured_media_url":"https:\/\/i0.wp.com\/historiografija.hr\/wp-content\/uploads\/2024\/05\/hrvatska_heraldicka_bastina.jpg?fit=800%2C497&ssl=1","jetpack_sharing_enabled":true,"jetpack-related-posts":[{"id":52589,"url":"https:\/\/historiografija.hr\/?p=52589","url_meta":{"origin":40757,"position":0},"title":"Predstavljena knjiga Miomira \u017du\u017eula &#8220;Dayton: Diplomacija &#8211; druga strana rata&#8221;","author":"Branimir Jankovi\u0107","date":"22. travnja 2026.","format":false,"excerpt":"Knjiga Miomira \u017du\u017eula \u201eDayton: Diplomacija \u2013 druga strana rata\u201d predstavljena je u srijedu, 22. travnja 2026. godine u foajeu Hrvatskoga narodnog kazali\u0161ta u Zagrebu. Op\u0161irnije: https:\/\/vijesti.hrt.hr\/hrvatska\/predstavljena-knjiga-miomira-zuzula-dayton-diplomacija-druga-strana-rata-12683259 https:\/\/www.vecernji.ba\/amp\/vijesti\/zuzulova-knjiga-o-daytonu-predstavljena-u-zagrebu-diplomacija-kao-druga-strana-rata-1953700 https:\/\/www.tportal.hr\/vijesti\/clanak\/bivsi-sanaderov-ministar-odrzao-promociju-evo-tko-je-sve-dosao-na-predstavljanje-knjige-miomira-zuzula-foto-20260422 https:\/\/direktno.hr\/zivot\/kultura\/zuzul-otkrio-sve-o-drugoj-strani-rata-za-hrvatsku-se-nije-libio-povuci-nekoga-i-za-kosu-395042 https:\/\/www.24sata.hr\/news\/miomir-zuzul-predstavio-je-knjigu-o-daytonu-diplomacija-je-bila-druga-strana-rata-1123152 https:\/\/www.vecernji.hr\/kultura\/kolinda-grabar-kitarovic-otvoreno-miomir-zuzul-nije-vukao-samo-za-rukav-nego-i-za-kosu-1953722 https:\/\/www.vecernji.hr\/kultura\/i-papa-lav-xiv-eksplicitno-je-daytonski-sporazum-istaknuo-kao-primjer-uspjesna-rjesavanja-sukoba-1952215","rel":"","context":"U &quot;Novosti&quot;","block_context":{"text":"Novosti","link":"https:\/\/historiografija.hr\/?cat=3"},"img":{"alt_text":"","src":"https:\/\/i0.wp.com\/historiografija.hr\/wp-content\/uploads\/2026\/04\/Dayton.jpg?fit=1024%2C683&ssl=1&resize=350%2C200","width":350,"height":200,"srcset":"https:\/\/i0.wp.com\/historiografija.hr\/wp-content\/uploads\/2026\/04\/Dayton.jpg?fit=1024%2C683&ssl=1&resize=350%2C200 1x, https:\/\/i0.wp.com\/historiografija.hr\/wp-content\/uploads\/2026\/04\/Dayton.jpg?fit=1024%2C683&ssl=1&resize=525%2C300 1.5x, https:\/\/i0.wp.com\/historiografija.hr\/wp-content\/uploads\/2026\/04\/Dayton.jpg?fit=1024%2C683&ssl=1&resize=700%2C400 2x"},"classes":[]},{"id":52592,"url":"https:\/\/historiografija.hr\/?p=52592","url_meta":{"origin":40757,"position":1},"title":"Predstavljanje knjige &#8220;Turska ku\u0107a u Rijeci&#8221; u Zagrebu","author":"Branimir Jankovi\u0107","date":"22. travnja 2026.","format":false,"excerpt":"U prostorijama Turskog kulturnog centra Yunus Emre u Zagrebu, u utorak 21. travnja 2026. godine, odr\u017eano je sve\u010dano predstavljanje dopunjenog izdanja knjige Turska ku\u0107a u Rijeci, u organizaciji Hrvatsko-turskog dru\u0161tva Rijeka i partnerstvu sa Skupinom prijateljstva Hrvatska-Turska Hrvatskog sabora, Veleposlanstvom Republike Turske u Republici Hrvatskoj te Turskim kulturnim centrom Yunus\u2026","rel":"","context":"U &quot;Novosti&quot;","block_context":{"text":"Novosti","link":"https:\/\/historiografija.hr\/?cat=3"},"img":{"alt_text":"","src":"https:\/\/i0.wp.com\/historiografija.hr\/wp-content\/uploads\/2026\/04\/Turska-kuca-ZG.jpg?fit=1200%2C800&ssl=1&resize=350%2C200","width":350,"height":200,"srcset":"https:\/\/i0.wp.com\/historiografija.hr\/wp-content\/uploads\/2026\/04\/Turska-kuca-ZG.jpg?fit=1200%2C800&ssl=1&resize=350%2C200 1x, https:\/\/i0.wp.com\/historiografija.hr\/wp-content\/uploads\/2026\/04\/Turska-kuca-ZG.jpg?fit=1200%2C800&ssl=1&resize=525%2C300 1.5x, https:\/\/i0.wp.com\/historiografija.hr\/wp-content\/uploads\/2026\/04\/Turska-kuca-ZG.jpg?fit=1200%2C800&ssl=1&resize=700%2C400 2x, https:\/\/i0.wp.com\/historiografija.hr\/wp-content\/uploads\/2026\/04\/Turska-kuca-ZG.jpg?fit=1200%2C800&ssl=1&resize=1050%2C600 3x"},"classes":[]},{"id":52520,"url":"https:\/\/historiografija.hr\/?p=52520","url_meta":{"origin":40757,"position":2},"title":"Predstavljanje knjige &#8220;Socialist Economics in Yugoslavia: A Critical History&#8221; u Zagrebu","author":"Branimir Jankovi\u0107","date":"17. travnja 2026.","format":false,"excerpt":"Pozivamo vas na predstavljanje knjige \"Socialist Economics in Yugoslavia: A Critical History\", autora Mislava \u00a0\u017ditka i Marka Grde\u0161i\u0107a (Routledge, 2026). Na predstavljanju \u0107e govoriti Branko Milanovi\u0107 (CUNY), Milica Uvali\u0107 (EUI), Zdravko Petak (FPZG) te autori.\u00a0 Predstavljanje \u0107e se odr\u017eati u srijedu 22. travnja u 16:00 sati na Fakultetu politi\u010dkih znanosti\u2026","rel":"","context":"U &quot;Novosti&quot;","block_context":{"text":"Novosti","link":"https:\/\/historiografija.hr\/?cat=3"},"img":{"alt_text":"","src":"https:\/\/i0.wp.com\/historiografija.hr\/wp-content\/uploads\/2026\/04\/Poziv-na-predstavljanje.png?fit=800%2C652&ssl=1&resize=350%2C200","width":350,"height":200,"srcset":"https:\/\/i0.wp.com\/historiografija.hr\/wp-content\/uploads\/2026\/04\/Poziv-na-predstavljanje.png?fit=800%2C652&ssl=1&resize=350%2C200 1x, https:\/\/i0.wp.com\/historiografija.hr\/wp-content\/uploads\/2026\/04\/Poziv-na-predstavljanje.png?fit=800%2C652&ssl=1&resize=525%2C300 1.5x, https:\/\/i0.wp.com\/historiografija.hr\/wp-content\/uploads\/2026\/04\/Poziv-na-predstavljanje.png?fit=800%2C652&ssl=1&resize=700%2C400 2x"},"classes":[]},{"id":52573,"url":"https:\/\/historiografija.hr\/?p=52573","url_meta":{"origin":40757,"position":3},"title":"Znanstvena konferencija &#8220;Filozofija odgoja: povijest, praksa, perspektive&#8221;","author":"Branimir Jankovi\u0107","date":"21. travnja 2026.","format":false,"excerpt":"Znanstvena konferencija \"Filozofija odgoja: povijest, praksa, perspektive\" odr\u017eat \u0107e se 23. i 24. travnja 2026. u Konferencijskoj dvorani Knji\u017enice Filozofskog fakulteta u Zagrebu (2. kat).\u00a0Konferencija je organizirana u okviru projekta\u00a0SUMKOS (voditeljica prof. dr. sc. Ivana Zagorac, financiran\u00a0sredstvima NextGenerationEU), uz potporu Odsjeka za filozofiju.\u00a0 Uz izlaga\u010dki dio, konferencija obuhva\u0107a i izlo\u017ebu\u2026","rel":"","context":"U &quot;Novosti&quot;","block_context":{"text":"Novosti","link":"https:\/\/historiografija.hr\/?cat=3"},"img":{"alt_text":"","src":"","width":0,"height":0},"classes":[]},{"id":52675,"url":"https:\/\/historiografija.hr\/?p=52675","url_meta":{"origin":40757,"position":4},"title":"Predstavljanje knjige Luke Peji\u0107a &#8220;U taboru anarhista: \u017divot Ivana Zeppa&#8221; u Osijeku","author":"Branimir Jankovi\u0107","date":"27. travnja 2026.","format":false,"excerpt":"U \u010detvrtak, 30. travnja 2026.\u00a0u\u00a019.00 sati\u00a0u Klubu knji\u017eare Nova\u00a0(Trg Ante Star\u010devi\u0107a 4, Osijek) odr\u017eat \u0107e se predstavljanje nove knjige Luke Peji\u0107a U taboru anarhista: \u017divot Ivana Zeppa (DAF, 2025.). Uz autora o knjizi \u0107e govoriti recenzent i povjesni\u010dar Nikola Toma\u0161egovi\u0107 te povjesni\u010darka Ana Rajkovi\u0107 Peji\u0107. Razgovor \u0107e moderirati doktorandica\u00a0Valentina Kezi\u0107.\u2026","rel":"","context":"U &quot;Novosti&quot;","block_context":{"text":"Novosti","link":"https:\/\/historiografija.hr\/?cat=3"},"img":{"alt_text":"","src":"https:\/\/i0.wp.com\/historiografija.hr\/wp-content\/uploads\/2025\/11\/Pejic.jpg?fit=574%2C790&ssl=1&resize=350%2C200","width":350,"height":200,"srcset":"https:\/\/i0.wp.com\/historiografija.hr\/wp-content\/uploads\/2025\/11\/Pejic.jpg?fit=574%2C790&ssl=1&resize=350%2C200 1x, https:\/\/i0.wp.com\/historiografija.hr\/wp-content\/uploads\/2025\/11\/Pejic.jpg?fit=574%2C790&ssl=1&resize=525%2C300 1.5x"},"classes":[]},{"id":52502,"url":"https:\/\/historiografija.hr\/?p=52502","url_meta":{"origin":40757,"position":5},"title":"Novi znanstveni projekt Hrvatskog instituta za povijest: \u201c\u017drtve ratova i dr\u017eavnog\/politi\u010dkog nasilja u hrvatskoj povijesti 20. stolje\u0107a\u201d","author":"Branimir Jankovi\u0107","date":"17. travnja 2026.","format":false,"excerpt":"Na redovitoj sjednici Vlade RH, 16. travnja 2026., donijet je Zaklju\u010dak kojim se pokre\u0107e znanstveni projekt \u201c\u017drtve ratova i dr\u017eavnog\/politi\u010dkog nasilja u hrvatskoj povijesti 20. stolje\u0107a\u201d. Projekt \u0107e provoditi i koordinirati Hrvatski institut za povijest u razdoblju trajanja projekta od pet godina. Zakljucak Vlade RH Iz teksta projektnog prijedloga: Problematika\u2026","rel":"","context":"U &quot;Novosti&quot;","block_context":{"text":"Novosti","link":"https:\/\/historiografija.hr\/?cat=3"},"img":{"alt_text":"","src":"https:\/\/i0.wp.com\/historiografija.hr\/wp-content\/uploads\/2026\/04\/Vlada-RH.jpg?fit=1200%2C557&ssl=1&resize=350%2C200","width":350,"height":200,"srcset":"https:\/\/i0.wp.com\/historiografija.hr\/wp-content\/uploads\/2026\/04\/Vlada-RH.jpg?fit=1200%2C557&ssl=1&resize=350%2C200 1x, https:\/\/i0.wp.com\/historiografija.hr\/wp-content\/uploads\/2026\/04\/Vlada-RH.jpg?fit=1200%2C557&ssl=1&resize=525%2C300 1.5x, https:\/\/i0.wp.com\/historiografija.hr\/wp-content\/uploads\/2026\/04\/Vlada-RH.jpg?fit=1200%2C557&ssl=1&resize=700%2C400 2x, https:\/\/i0.wp.com\/historiografija.hr\/wp-content\/uploads\/2026\/04\/Vlada-RH.jpg?fit=1200%2C557&ssl=1&resize=1050%2C600 3x"},"classes":[]}],"_links":{"self":[{"href":"https:\/\/historiografija.hr\/index.php?rest_route=\/wp\/v2\/posts\/40757","targetHints":{"allow":["GET"]}}],"collection":[{"href":"https:\/\/historiografija.hr\/index.php?rest_route=\/wp\/v2\/posts"}],"about":[{"href":"https:\/\/historiografija.hr\/index.php?rest_route=\/wp\/v2\/types\/post"}],"author":[{"embeddable":true,"href":"https:\/\/historiografija.hr\/index.php?rest_route=\/wp\/v2\/users\/2"}],"replies":[{"embeddable":true,"href":"https:\/\/historiografija.hr\/index.php?rest_route=%2Fwp%2Fv2%2Fcomments&post=40757"}],"version-history":[{"count":1,"href":"https:\/\/historiografija.hr\/index.php?rest_route=\/wp\/v2\/posts\/40757\/revisions"}],"predecessor-version":[{"id":40759,"href":"https:\/\/historiografija.hr\/index.php?rest_route=\/wp\/v2\/posts\/40757\/revisions\/40759"}],"wp:featuredmedia":[{"embeddable":true,"href":"https:\/\/historiografija.hr\/index.php?rest_route=\/wp\/v2\/media\/40758"}],"wp:attachment":[{"href":"https:\/\/historiografija.hr\/index.php?rest_route=%2Fwp%2Fv2%2Fmedia&parent=40757"}],"wp:term":[{"taxonomy":"category","embeddable":true,"href":"https:\/\/historiografija.hr\/index.php?rest_route=%2Fwp%2Fv2%2Fcategories&post=40757"},{"taxonomy":"post_tag","embeddable":true,"href":"https:\/\/historiografija.hr\/index.php?rest_route=%2Fwp%2Fv2%2Ftags&post=40757"}],"curies":[{"name":"wp","href":"https:\/\/api.w.org\/{rel}","templated":true}]}}