{"id":40730,"date":"2024-05-04T20:10:11","date_gmt":"2024-05-04T20:10:11","guid":{"rendered":"http:\/\/historiografija.hr\/?p=40730"},"modified":"2024-05-04T20:10:11","modified_gmt":"2024-05-04T20:10:11","slug":"kliofest-2024-marko-veselica-zov-savjesti","status":"publish","type":"post","link":"https:\/\/historiografija.hr\/?p=40730","title":{"rendered":"(Kliofest 2024) Marko Veselica, \u201eZov savjesti\u201c"},"content":{"rendered":"\n<p>Me\u0111u knjigama koje \u0107e biti predstavljene na Kliofestu 2024., a o kojima jo\u0161 nismo obavijestili na na\u0161em portalu jer su nedavno objavljene, mo\u017eemo spomenuti knjigu Marko Veselica \u201eZov savjesti\u201c. Knjiga \u0107e biti predstavljena na Kliofestu u srijedu, 8. svibnja 2024. u 14 sati u Nacionalnoj i sveu\u010dili\u0161noj knji\u017enici. Sudjeluju: Anita \u0160iki\u0107, Domagoj Kne\u017eevi\u0107, Snje\u017eana Veselica Majhut.<\/p>\n\n\n\n<hr class=\"wp-block-separator\"\/>\n\n\n\n<p><strong>Priredila: <\/strong>Snje\u017eana Veselica Majhut<\/p>\n\n\n\n<p><strong>Izdava\u010d<\/strong>: Hrvatska sveu\u010dili\u0161na naklada d.o.o., Udruga HVIDR-a Imotski<br><strong>Godina izdavanja<\/strong>: 2023<br><strong>Op\u0107e informacije<\/strong>: 170 str.<br><\/p>\n\n\n\n<p>Tema knjige ZOV SAVJESTI Marka Veselice (priredila Snje\u017eana Veselica Majhut) montirani su politi\u010dki procesi u Hrvatskoj nakon sloma Hrvatskog prolje\u0107a 1971. godine te osobni znanstveni, duhovni i du\u0161evni do\u017eivljaj tih procesa. Iako su politi\u010dki procesi u Hrvatskoj, biv\u0161oj Jugoslaviji i u biv\u0161im komunisti\u010dkim zemljama bili predmetom brojnih znanstvenih analiza, va\u017enost je ove knjige u tome \u0161to je njen autor istodobno znanstveni analiti\u010dar i predmet znanstvene analize. Na dva montirana politi\u010dka procesa, 1972. i 1981. godine, zbog \u201cverbalnih delikata\u201d, osu\u0111en je na 18 godina robije i 8 godina izgona iz javnosti. Sadr\u017eaj knjige podijeljen je u 2 dijela: Umjesto predgovora; <em>Prvi dio &#8211; <\/em>Intervju <em>Der Spiegelu<\/em>; <em>Drugi dio: <\/em>Sudski postupak-Odgovor na zavr\u0161nu rije\u010d javnog tu\u017eitelja; Zavr\u0161na rije\u010d na su\u0111enju; Presuda Okru\u017enog suda u Zagrebu; Marko Veselica \u2013 Bilje\u0161ka.<\/p>\n\n\n\n<p>Traumati\u010dno i tragi\u010dno \u017eivotno iskustvo koje je do\u017eivio dr. Marko Veselica kroz montirane politi\u010dke procese i zastra\u0161uju\u0107u zatvorsku torturu \u2013 u samici je proveo nekoliko godina, a nakon brojnih \u0161trajkova gla\u0111u \u010desto se nalazio na granici \u017eivota i smrti \u2013 potvrdili su tri klju\u010dna zaklju\u010dka o potrazi i pronala\u017eenju volje za \u017eivotom i \u017eivotnoga smisla u najstra\u0161nijim logorima i kazamatima: (a) \u201csvakom od nas potrebno je ne\u0161to ili netko za \u0161to ili za koga bismo mogli \u017eivjeti\u201d, (b) \u201cnajve\u0107e patnje mo\u017eemo pre\u017eivjeti ako volimo, ako postoji netko koga volimo\u201d i (c) \u201ckad ne mo\u017ee\u0161 ni\u0161ta promijeniti, ta \u0107e te situacija promijeniti iz temelja\u201d.<\/p>\n\n\n\n<p>Dr. Marko Veselica pre\u017eivio je najstra\u0161nije patnje i mu\u010denja jer je u tamnicama razvio i odr\u017eavao tri velike, vje\u010dne ljubavi: prema Domovini, Bogu i obitelji.&nbsp;<\/p>\n\n\n\n<p>Evo kako jednu od tih ljubavi koje su dale smisao njegovu \u017eivotu i patnji opisuje na samom po\u010detku knjige: \u201cZa mene je Hrvatska tajna koju je nemogu\u0107e racionalno doku\u010diti, jer je nedoku\u010diva, kao i svaka velika tajna \u017eivota: ljubav i mr\u017enja, smrt i besmrtnost, dobro i zlo, ljepota i rugobnost.\u201d<\/p>\n\n\n\n<p>Knjiga Marka Veselice <em>Zov savjesti <\/em>nadasve je va\u017ena i dokumentarna knjiga te autobiografsko svjedo\u010danstvo \u010dovjeka, intelektualca, kojega je komunisti\u010dki totalitarni re\u017eim sa svom svojom brutalno\u0161\u0107u progonio: samo za rije\u010d, za mi\u0161ljenje, za intervju stranom novinaru, osu\u0111en je na dugogodi\u0161nju robiju i izgon iz javnosti. Kao perspektivni docent na Ekonomskom fakultetu osu\u0111en je na te\u0161ku tamnicu i zbog dokazivinja da je Hrvatska gospodarski, politi\u010dki, kulturno ugro\u017eena u Jugoslaviji, \u010dime je i njegov \u017eivot i \u017eivot njegove obitelji brutalno pogo\u0111en, a karijera kao znanstvenika uni\u0161tena. Kao zatvorenik dva puta je progla\u0161en zatvorenikom savjesti Zemlje. Briga sv. Oca Ivana Pavla II i me\u0111unarodnih institucija sa\u010duvala ga je od sigurnoga atentata koji je na njega spreman u zatvoru.<\/p>\n\n\n\n<hr class=\"wp-block-separator\"\/>\n\n\n\n<p>Izvor:<\/p>\n\n\n\n<p><a href=\"https:\/\/www.hsn.hr\/product\/1607\/zov-savjesti\">https:\/\/www.hsn.hr\/product\/1607\/zov-savjesti<\/a><\/p>\n\n\n\n<hr class=\"wp-block-separator\"\/>\n\n\n\n<p>Festival povijesti \u2013 Kliofest<\/p>\n\n\n\n<p><strong>Srijeda, 8. svibnja 2024.<\/strong><\/p>\n\n\n\n<p>Nacionalna i sveu\u010dili\u0161na knji\u017enica<\/p>\n\n\n\n<p>POZORNICA I.<\/p>\n\n\n\n<p>14.00-14.45 Predstavljanje knjige Marko Veselica, <strong>Zov savjesti<\/strong>, Hrvatska sveu\u010dili\u0161na naklada, Udruga HVIDR-a Imotski<\/p>\n\n\n\n<p>Sudjeluju: Anita \u0160iki\u0107, Domagoj Kne\u017eevi\u0107, Snje\u017eana Veselica Majhut<\/p>\n\n\n\n<hr class=\"wp-block-separator\"\/>\n\n\n\n<p><a href=\"https:\/\/www.kliofest.hr\/\">https:\/\/www.kliofest.hr\/<\/a><\/p>\n\n\n\n<hr class=\"wp-block-separator\"\/>\n","protected":false},"excerpt":{"rendered":"","protected":false},"author":2,"featured_media":40731,"comment_status":"open","ping_status":"open","sticky":false,"template":"","format":"standard","meta":{"_acf_changed":false,"jetpack_post_was_ever_published":false,"_jetpack_newsletter_access":"","_jetpack_dont_email_post_to_subs":false,"_jetpack_newsletter_tier_id":0,"_jetpack_memberships_contains_paywalled_content":false,"_jetpack_memberships_contains_paid_content":false,"footnotes":"","jetpack_publicize_message":"","jetpack_publicize_feature_enabled":true,"jetpack_social_post_already_shared":true,"jetpack_social_options":{"image_generator_settings":{"template":"highway","default_image_id":0,"font":"","enabled":false},"version":2}},"categories":[8,3],"tags":[],"class_list":["post-40730","post","type-post","status-publish","format-standard","has-post-thumbnail","hentry","category-knjige","category-novosti"],"acf":{"facebook_opis":""},"jetpack_publicize_connections":[],"jetpack_featured_media_url":"https:\/\/i0.wp.com\/historiografija.hr\/wp-content\/uploads\/2024\/05\/ZOV_SAVJESTI.png?fit=512%2C771&ssl=1","jetpack_sharing_enabled":true,"jetpack-related-posts":[],"_links":{"self":[{"href":"https:\/\/historiografija.hr\/index.php?rest_route=\/wp\/v2\/posts\/40730","targetHints":{"allow":["GET"]}}],"collection":[{"href":"https:\/\/historiografija.hr\/index.php?rest_route=\/wp\/v2\/posts"}],"about":[{"href":"https:\/\/historiografija.hr\/index.php?rest_route=\/wp\/v2\/types\/post"}],"author":[{"embeddable":true,"href":"https:\/\/historiografija.hr\/index.php?rest_route=\/wp\/v2\/users\/2"}],"replies":[{"embeddable":true,"href":"https:\/\/historiografija.hr\/index.php?rest_route=%2Fwp%2Fv2%2Fcomments&post=40730"}],"version-history":[{"count":1,"href":"https:\/\/historiografija.hr\/index.php?rest_route=\/wp\/v2\/posts\/40730\/revisions"}],"predecessor-version":[{"id":40732,"href":"https:\/\/historiografija.hr\/index.php?rest_route=\/wp\/v2\/posts\/40730\/revisions\/40732"}],"wp:featuredmedia":[{"embeddable":true,"href":"https:\/\/historiografija.hr\/index.php?rest_route=\/wp\/v2\/media\/40731"}],"wp:attachment":[{"href":"https:\/\/historiografija.hr\/index.php?rest_route=%2Fwp%2Fv2%2Fmedia&parent=40730"}],"wp:term":[{"taxonomy":"category","embeddable":true,"href":"https:\/\/historiografija.hr\/index.php?rest_route=%2Fwp%2Fv2%2Fcategories&post=40730"},{"taxonomy":"post_tag","embeddable":true,"href":"https:\/\/historiografija.hr\/index.php?rest_route=%2Fwp%2Fv2%2Ftags&post=40730"}],"curies":[{"name":"wp","href":"https:\/\/api.w.org\/{rel}","templated":true}]}}