{"id":40727,"date":"2024-05-04T19:53:30","date_gmt":"2024-05-04T19:53:30","guid":{"rendered":"http:\/\/historiografija.hr\/?p=40727"},"modified":"2024-05-04T19:53:30","modified_gmt":"2024-05-04T19:53:30","slug":"kliofest-2024-znanstveni-kolokvij-konzervativizam-teorija-i-povijest-jedne-ideje-i-predstavljanje-knjige-liberalizam-teorija-i-povijest-jedne-ideje","status":"publish","type":"post","link":"https:\/\/historiografija.hr\/?p=40727","title":{"rendered":"Kliofest 2024: Znanstveni kolokvij \u201eKonzervativizam: teorija i povijest jedne ideje\u201c i predstavljanje knjige \u201eLiberalizam: teorija i povijest jedne ideje\u201c"},"content":{"rendered":"\n<p><strong>Festival povijesti &#8211; Kliofest<\/strong><\/p>\n\n\n\n<hr class=\"wp-block-separator\"\/>\n\n\n\n<p><strong>Srijeda, 8. svibnja 2024.<\/strong><\/p>\n\n\n\n<p>Filozofski fakultet Sveu\u010dili\u0161ta u Zagrebu, Vije\u0107nica<\/p>\n\n\n\n<p>Po\u010detak u 11 sati<\/p>\n\n\n\n<p>Znanstveni kolokvij <strong>Konzervativizam: teorija i povijest jedne ideje<\/strong><\/p>\n\n\n\n<p>Sudjeluju: Andrea Feldman, Daniel Hin\u0161t, Tvrtko Jakovina, Aleksandar Joksi\u0107, Neven Petrovi\u0107, Darko Pol\u0161ek, Martino Rossi Monti, Bruno \u0160agi, Adrijan \u0160tivi\u0107<\/p>\n\n\n\n<hr class=\"wp-block-separator\"\/>\n\n\n\n<p><strong>Petak, 10. svibnja 2024.<\/strong><\/p>\n\n\n\n<p>Nacionalna i sveu\u010dili\u0161na knji\u017enica<\/p>\n\n\n\n<p>POZORNICA II.<\/p>\n\n\n\n<p>17.00-17.45 Predstavljanje knjige <strong>Liberalizam: teorija i povijest jedne ideje<\/strong> (ur. Darko Pol\u0161ek, Bruno \u0160agi, Adrijan \u0160tivi\u0107), FF Press<\/p>\n\n\n\n<p>Sudjeluju: Darko Pol\u0161ek, Bruno \u0160agi, Adrijan \u0160tivi\u0107<\/p>\n\n\n\n<hr class=\"wp-block-separator\"\/>\n\n\n\n<p><a href=\"https:\/\/www.kliofest.hr\/\">https:\/\/www.kliofest.hr\/<\/a><\/p>\n\n\n\n<hr class=\"wp-block-separator\"\/>\n","protected":false},"excerpt":{"rendered":"","protected":false},"author":2,"featured_media":40728,"comment_status":"open","ping_status":"open","sticky":false,"template":"","format":"standard","meta":{"_acf_changed":false,"jetpack_post_was_ever_published":false,"_jetpack_newsletter_access":"","_jetpack_dont_email_post_to_subs":false,"_jetpack_newsletter_tier_id":0,"_jetpack_memberships_contains_paywalled_content":false,"_jetpack_memberships_contains_paid_content":false,"footnotes":"","jetpack_publicize_message":"","jetpack_publicize_feature_enabled":true,"jetpack_social_post_already_shared":true,"jetpack_social_options":{"image_generator_settings":{"template":"highway","default_image_id":0,"font":"","enabled":false},"version":2}},"categories":[3,9],"tags":[],"class_list":["post-40727","post","type-post","status-publish","format-standard","has-post-thumbnail","hentry","category-novosti","category-skupovi"],"acf":{"facebook_opis":""},"jetpack_publicize_connections":[],"jetpack_featured_media_url":"https:\/\/i0.wp.com\/historiografija.hr\/wp-content\/uploads\/2024\/05\/Kliofest-04-petak-II-14-PK-Liberalizam.jpg?fit=1241%2C585&ssl=1","jetpack_sharing_enabled":true,"jetpack-related-posts":[],"_links":{"self":[{"href":"https:\/\/historiografija.hr\/index.php?rest_route=\/wp\/v2\/posts\/40727","targetHints":{"allow":["GET"]}}],"collection":[{"href":"https:\/\/historiografija.hr\/index.php?rest_route=\/wp\/v2\/posts"}],"about":[{"href":"https:\/\/historiografija.hr\/index.php?rest_route=\/wp\/v2\/types\/post"}],"author":[{"embeddable":true,"href":"https:\/\/historiografija.hr\/index.php?rest_route=\/wp\/v2\/users\/2"}],"replies":[{"embeddable":true,"href":"https:\/\/historiografija.hr\/index.php?rest_route=%2Fwp%2Fv2%2Fcomments&post=40727"}],"version-history":[{"count":1,"href":"https:\/\/historiografija.hr\/index.php?rest_route=\/wp\/v2\/posts\/40727\/revisions"}],"predecessor-version":[{"id":40729,"href":"https:\/\/historiografija.hr\/index.php?rest_route=\/wp\/v2\/posts\/40727\/revisions\/40729"}],"wp:featuredmedia":[{"embeddable":true,"href":"https:\/\/historiografija.hr\/index.php?rest_route=\/wp\/v2\/media\/40728"}],"wp:attachment":[{"href":"https:\/\/historiografija.hr\/index.php?rest_route=%2Fwp%2Fv2%2Fmedia&parent=40727"}],"wp:term":[{"taxonomy":"category","embeddable":true,"href":"https:\/\/historiografija.hr\/index.php?rest_route=%2Fwp%2Fv2%2Fcategories&post=40727"},{"taxonomy":"post_tag","embeddable":true,"href":"https:\/\/historiografija.hr\/index.php?rest_route=%2Fwp%2Fv2%2Ftags&post=40727"}],"curies":[{"name":"wp","href":"https:\/\/api.w.org\/{rel}","templated":true}]}}