{"id":40721,"date":"2024-05-04T19:21:38","date_gmt":"2024-05-04T19:21:38","guid":{"rendered":"http:\/\/historiografija.hr\/?p=40721"},"modified":"2024-05-04T19:21:38","modified_gmt":"2024-05-04T19:21:38","slug":"kliofest-2024-radovi-zavoda-za-hrvatsku-povijest-br-1-2023-tematski-broj-modern-women-thinkers-intellectual-development-of-women-in-the-20th-century","status":"publish","type":"post","link":"https:\/\/historiografija.hr\/?p=40721","title":{"rendered":"(Kliofest 2024) \u201eRadovi Zavoda za hrvatsku povijest\u201c (br. 1, 2023): tematski broj \u201eModern Women Thinkers: Intellectual Development of Women in the 20th Century\u201d"},"content":{"rendered":"\n<p>Na portalu Hr\u010dak dostupan je broj 1 za 2023. godinu \u201cRadova Zavoda za hrvatsku povijest Filozofskoga fakulteta Sveu\u010dili\u0161ta u Zagrebu\u201d, kao poseban broj \u201cModern Women Thinkers: Intellectual Development of Women in the 20th Century\u201d, \u010dije su gostuju\u0107e urednice Andrea Feldman i Ida Ograj\u0161ek Gorenjak. Predstavljanje posebnog broja bit \u0107e na Kliofestu u srijedu, 8. svibnja 2024. u 15 sati u Nacionalnoj i sveu\u010dili\u0161noj knji\u017enici. Sudjeluju: Andrea Feldman, Ida Ograj\u0161ek Gorenjak, Inga Vilogorac Br\u010di\u0107.<\/p>\n\n\n\n<hr class=\"wp-block-separator\"\/>\n\n\n\n<p><strong>Radovi Zavoda za hrvatsku povijest Filozofskoga fakulteta Sveu\u010dili\u0161ta u Zagrebu<\/strong><\/p>\n\n\n\n<p>Vol. 55 No. 1, 2023.<\/p>\n\n\n\n<p><a href=\"https:\/\/hrcak.srce.hr\/broj\/24470\">https:\/\/hrcak.srce.hr\/broj\/24470<\/a><\/p>\n\n\n\n<hr class=\"wp-block-separator\"\/>\n\n\n\n<p>Festival povijesti \u2013 Kliofest<\/p>\n\n\n\n<p><strong>Srijeda, 8. svibnja 2024.<\/strong><\/p>\n\n\n\n<p>Nacionalna i sveu\u010dili\u0161na knji\u017enica<\/p>\n\n\n\n<p>POZORNICA II.<\/p>\n\n\n\n<p>15.00-15.45 <strong>\u201eModerne misle\u0107e \u017eene\u201c. Predstavljanje posebnog broja <em>Radova Zavoda za hrvatsku povijest Filozofskog fakulteta u Zagrebu<\/em><\/strong><\/p>\n\n\n\n<p>Sudjeluju: Andrea Feldman, Ida Ograj\u0161ek Gorenjak, Inga Vilogorac Br\u010di\u0107<\/p>\n\n\n\n<hr class=\"wp-block-separator\"\/>\n\n\n\n<p><a href=\"https:\/\/www.kliofest.hr\/\">https:\/\/www.kliofest.hr\/<\/a><\/p>\n\n\n\n<hr class=\"wp-block-separator\"\/>\n","protected":false},"excerpt":{"rendered":"","protected":false},"author":2,"featured_media":40722,"comment_status":"open","ping_status":"open","sticky":false,"template":"","format":"standard","meta":{"_acf_changed":false,"jetpack_post_was_ever_published":false,"_jetpack_newsletter_access":"","_jetpack_dont_email_post_to_subs":false,"_jetpack_newsletter_tier_id":0,"_jetpack_memberships_contains_paywalled_content":false,"_jetpack_memberships_contains_paid_content":false,"footnotes":"","jetpack_publicize_message":"","jetpack_publicize_feature_enabled":true,"jetpack_social_post_already_shared":true,"jetpack_social_options":{"image_generator_settings":{"template":"highway","default_image_id":0,"font":"","enabled":false},"version":2}},"categories":[21,3],"tags":[],"class_list":["post-40721","post","type-post","status-publish","format-standard","has-post-thumbnail","hentry","category-casopisi","category-novosti"],"acf":{"facebook_opis":""},"jetpack_publicize_connections":[],"jetpack_featured_media_url":"https:\/\/i0.wp.com\/historiografija.hr\/wp-content\/uploads\/2024\/05\/Radovi-2023.jpg?fit=2068%2C1624&ssl=1","jetpack_sharing_enabled":true,"jetpack-related-posts":[],"_links":{"self":[{"href":"https:\/\/historiografija.hr\/index.php?rest_route=\/wp\/v2\/posts\/40721","targetHints":{"allow":["GET"]}}],"collection":[{"href":"https:\/\/historiografija.hr\/index.php?rest_route=\/wp\/v2\/posts"}],"about":[{"href":"https:\/\/historiografija.hr\/index.php?rest_route=\/wp\/v2\/types\/post"}],"author":[{"embeddable":true,"href":"https:\/\/historiografija.hr\/index.php?rest_route=\/wp\/v2\/users\/2"}],"replies":[{"embeddable":true,"href":"https:\/\/historiografija.hr\/index.php?rest_route=%2Fwp%2Fv2%2Fcomments&post=40721"}],"version-history":[{"count":1,"href":"https:\/\/historiografija.hr\/index.php?rest_route=\/wp\/v2\/posts\/40721\/revisions"}],"predecessor-version":[{"id":40723,"href":"https:\/\/historiografija.hr\/index.php?rest_route=\/wp\/v2\/posts\/40721\/revisions\/40723"}],"wp:featuredmedia":[{"embeddable":true,"href":"https:\/\/historiografija.hr\/index.php?rest_route=\/wp\/v2\/media\/40722"}],"wp:attachment":[{"href":"https:\/\/historiografija.hr\/index.php?rest_route=%2Fwp%2Fv2%2Fmedia&parent=40721"}],"wp:term":[{"taxonomy":"category","embeddable":true,"href":"https:\/\/historiografija.hr\/index.php?rest_route=%2Fwp%2Fv2%2Fcategories&post=40721"},{"taxonomy":"post_tag","embeddable":true,"href":"https:\/\/historiografija.hr\/index.php?rest_route=%2Fwp%2Fv2%2Ftags&post=40721"}],"curies":[{"name":"wp","href":"https:\/\/api.w.org\/{rel}","templated":true}]}}