{"id":40718,"date":"2024-05-04T16:50:27","date_gmt":"2024-05-04T16:50:27","guid":{"rendered":"http:\/\/historiografija.hr\/?p=40718"},"modified":"2024-05-22T17:58:58","modified_gmt":"2024-05-22T17:58:58","slug":"kliofest-2024-ondrej-vojtechovsky-jan-pelikan-ne-bas-lako-socijalisticko-prijateljstvo-cehoslovacka-i-jugoslavija-u-razdoblju-kasnog-socijalizma","status":"publish","type":"post","link":"https:\/\/historiografija.hr\/?p=40718","title":{"rendered":"(Kliofest 2024) Ond\u0159ej Vojt\u011bchovsk\u00fd \/ Jan Pelik\u00e1n, \u201eNe ba\u0161 lako socijalisti\u010dko prijateljstvo. \u010cehoslova\u010dka i Jugoslavija u razdoblju kasnog socijalizma\u201c"},"content":{"rendered":"\n<p>Me\u0111u knjigama koje \u0107e biti predstavljene na Kliofestu 2024., a o kojima jo\u0161 nismo obavijestili na na\u0161em portalu jer su upravo pred tiskom, isti\u010demo knjigu \u201eNe ba\u0161 lako socijalisti\u010dko prijateljstvo. \u010cehoslova\u010dka i Jugoslavija u razdoblju kasnog socijalizma\u201c \u010diji su autori Ond\u0159ej Vojt\u011bchovsk\u00fd i Jan Pelik\u00e1n. Knjiga \u0107e biti predstavljena na Kliofestu u \u010detvrtak, 9. svibnja 2024. u 12 sati u Nacionalnoj i sveu\u010dili\u0161noj knji\u017enici. Sudjeluju: Jan Pelik\u00e1n, Ond\u0159ej Vojt\u011bchovsk\u00fd, Marijan Lipovac, Boris Moskovi\u0107, Milan Sovilj.<\/p>\n\n\n\n<hr class=\"wp-block-separator\"\/>\n\n\n\n<p><strong>Festival povijesti \u2013 Kliofest<\/strong><\/p>\n\n\n\n<p>Iz tiskare na Kliofest ! Ne ba\u0161 lako socijalisti\u010dko prijateljstvo. \u010cehoslova\u010dka i Jugoslavija u razdoblju kasnog socijalizma, Ond\u0159ej Vojt\u011bchovsk\u00fd \/ Jan Pelik\u00e1n.<\/p>\n\n\n\n<p>Preveo Marijan Lipovac.<\/p>\n\n\n\n<p>Predstavljanje knjige <strong>Ne ba\u0161 lako socijalisti\u010dko prijateljstvo. \u010cehoslova\u010dka i Jugoslavija u razdoblju kasnog socijalizma<\/strong> odr\u017eat \u0107e se u \u010detvrtak, 9. svibnja 2024, s po\u010detkom u 12.00 sati na pozornici II. Nacionalne i sveu\u010dili\u0161ne knji\u017enice u Zagrebu.<\/p>\n\n\n\n<p>U predstavljanju \u0107e sudjelovati Jan Pelik\u00e1n, Ond\u0159ej Vojt\u011bchovsk\u00fd, Marijan Lipovac, Boris Moskovi\u0107, Milan Sovilj.<\/p>\n\n\n\n<hr class=\"wp-block-separator\"\/>\n\n\n\n<p>Izvori:<\/p>\n\n\n\n<p><a href=\"https:\/\/www.facebook.com\/p\/Srednja-Europa-100064795953767\/\">https:\/\/www.facebook.com\/p\/Srednja-Europa-100064795953767\/<\/a><\/p>\n\n\n\n<p><a href=\"https:\/\/www.kliofest.hr\/\">https:\/\/www.kliofest.hr\/<\/a><\/p>\n\n\n\n<hr class=\"wp-block-separator\"\/>\n\n\n\n<p><strong>Ne ba\u0161 lako socijalisti\u010dko prijateljstvo. \u010cehoslova\u010dka i Jugoslavija u razdoblju kasnog socijalizma (1969-1989)<\/strong><\/p>\n\n\n\n<p>Ond\u0159ej Vojt\u011bchovsk\u00fd \/ Jan Pelik\u00e1n<\/p>\n\n\n\n<p>Preveo Marijan Lipovac<\/p>\n\n\n\n<p>Odnose izme\u0111u \u010cehoslova\u010dke i Jugoslavije u razdoblju koje se prati odredili su doga\u0111aji iz 1968. godine. \u010cehoslova\u010dki poku\u0161aj reforme dr\u017eavnog socijalisti\u010dkog sustava djelomi\u010dno je bio inspiriran jugoslavenskim iskustvom. Pod sve ve\u0107om prijetnjom sovjetske intervencije predstavnici Pra\u0161kog prolje\u0107a sve su vi\u0161e prizivali prijateljstvo s Jugoslavijom, \u0161to je tada\u0161nje \u010dehoslova\u010dko dru\u0161tvo zahvalno prihva\u0107alo. Stoga je politi\u010dka garnitura koja je do\u0161la na vlast kao rezultat poraza reformnog pokreta ponovno zauzela razerviran ili \u010dak neprijateljski stav prema Jugoslaviji kao izvoru \u0161tetne ideolo\u0161ke hereze. No stjecajem niza okolnosti, koje autori detaljno analiziraju u knjizi, i ovo je \u010dehoslova\u010dko vodstvo naposljetku pribjeglo njegovanju \u201csocijalisti\u010dkog prijateljstva\u201d, \u0161to je i jugoslavenska strana iz jednako pragmati\u010dnih razloga i upadljivo prihvatila. (\u2026) Okvir slu\u017ebeno proklamiranog, iako uglavnom, neiskrenog prijateljstva, pomalo je paradoksalno omogu\u0107io razvoj odnosa u dotad nevi\u0111enim razmjerima. U suradnji poduze\u0107a i institucija, u turizmu ili razmjeni radne snage, to su izravno iskusile stotine tisu\u0107a \u010dehoslova\u010dkih i jugoslavenskih gra\u0111ana. <\/p>\n\n\n\n<p><strong>Dr. sc. Ond\u0159ej Vojt\u011bchovsk\u00fd<\/strong> (1977) predaje na Institutu za svjetsku povijest Filozofskog fakulteta Karlovog sveu\u010dili\u0161ta u Pragu. <\/p>\n\n\n\n<p><strong>Prof. dr. sc. Jan Pelik\u00e1n<\/strong> (1959) profesor je na Katedri za ju\u017enoslavenske i balkanisti\u010dke studije i na Institutu za svjetsku povijest Filozofskog fakulteta Karlovog sveu\u010dili\u0161ta u Pragu.<\/p>\n\n\n\n<hr class=\"wp-block-separator\"\/>\n\n\n\n<p>Izvor:<\/p>\n\n\n\n<figure class=\"wp-block-embed-wordpress wp-block-embed is-type-wp-embed is-provider-srednja-europa\"><div class=\"wp-block-embed__wrapper\">\n<blockquote class=\"wp-embedded-content\" data-secret=\"jK0zfTdXT8\"><a href=\"https:\/\/srednja-europa.hr\/proizvod\/ne-bas-lako-socijalisticko-prijateljstvo\/\">Ne ba\u0161 lako socijalisti\u010dko prijateljstvo<\/a><\/blockquote><iframe loading=\"lazy\" class=\"wp-embedded-content\" sandbox=\"allow-scripts\" security=\"restricted\" style=\"position: absolute; clip: rect(1px, 1px, 1px, 1px);\" title=\"&#8220;Ne ba\u0161 lako socijalisti\u010dko prijateljstvo&#8221; &#8212; Srednja Europa\" src=\"https:\/\/srednja-europa.hr\/proizvod\/ne-bas-lako-socijalisticko-prijateljstvo\/embed\/#?secret=jK0zfTdXT8\" data-secret=\"jK0zfTdXT8\" width=\"600\" height=\"338\" frameborder=\"0\" marginwidth=\"0\" marginheight=\"0\" scrolling=\"no\"><\/iframe>\n<\/div><\/figure>\n\n\n\n<hr class=\"wp-block-separator\"\/>\n","protected":false},"excerpt":{"rendered":"","protected":false},"author":2,"featured_media":40719,"comment_status":"open","ping_status":"open","sticky":false,"template":"","format":"standard","meta":{"_acf_changed":false,"jetpack_post_was_ever_published":false,"_jetpack_newsletter_access":"","_jetpack_dont_email_post_to_subs":false,"_jetpack_newsletter_tier_id":0,"_jetpack_memberships_contains_paywalled_content":false,"_jetpack_memberships_contains_paid_content":false,"footnotes":"","jetpack_publicize_message":"","jetpack_publicize_feature_enabled":true,"jetpack_social_post_already_shared":true,"jetpack_social_options":{"image_generator_settings":{"template":"highway","default_image_id":0,"font":"","enabled":false},"version":2}},"categories":[8,3],"tags":[],"class_list":["post-40718","post","type-post","status-publish","format-standard","has-post-thumbnail","hentry","category-knjige","category-novosti"],"acf":{"facebook_opis":""},"jetpack_publicize_connections":[],"jetpack_featured_media_url":"https:\/\/i0.wp.com\/historiografija.hr\/wp-content\/uploads\/2024\/05\/prijateljstvo.jpg?fit=1117%2C585&ssl=1","jetpack_sharing_enabled":true,"jetpack-related-posts":[],"_links":{"self":[{"href":"https:\/\/historiografija.hr\/index.php?rest_route=\/wp\/v2\/posts\/40718","targetHints":{"allow":["GET"]}}],"collection":[{"href":"https:\/\/historiografija.hr\/index.php?rest_route=\/wp\/v2\/posts"}],"about":[{"href":"https:\/\/historiografija.hr\/index.php?rest_route=\/wp\/v2\/types\/post"}],"author":[{"embeddable":true,"href":"https:\/\/historiografija.hr\/index.php?rest_route=\/wp\/v2\/users\/2"}],"replies":[{"embeddable":true,"href":"https:\/\/historiografija.hr\/index.php?rest_route=%2Fwp%2Fv2%2Fcomments&post=40718"}],"version-history":[{"count":2,"href":"https:\/\/historiografija.hr\/index.php?rest_route=\/wp\/v2\/posts\/40718\/revisions"}],"predecessor-version":[{"id":40937,"href":"https:\/\/historiografija.hr\/index.php?rest_route=\/wp\/v2\/posts\/40718\/revisions\/40937"}],"wp:featuredmedia":[{"embeddable":true,"href":"https:\/\/historiografija.hr\/index.php?rest_route=\/wp\/v2\/media\/40719"}],"wp:attachment":[{"href":"https:\/\/historiografija.hr\/index.php?rest_route=%2Fwp%2Fv2%2Fmedia&parent=40718"}],"wp:term":[{"taxonomy":"category","embeddable":true,"href":"https:\/\/historiografija.hr\/index.php?rest_route=%2Fwp%2Fv2%2Fcategories&post=40718"},{"taxonomy":"post_tag","embeddable":true,"href":"https:\/\/historiografija.hr\/index.php?rest_route=%2Fwp%2Fv2%2Ftags&post=40718"}],"curies":[{"name":"wp","href":"https:\/\/api.w.org\/{rel}","templated":true}]}}