{"id":40715,"date":"2024-05-04T16:38:09","date_gmt":"2024-05-04T16:38:09","guid":{"rendered":"http:\/\/historiografija.hr\/?p=40715"},"modified":"2024-05-04T16:38:09","modified_gmt":"2024-05-04T16:38:09","slug":"kliofest-2024-zeljko-holjevac-nejednaki-partneri-hrvatsko-madarski-odnosi-1860-1873","status":"publish","type":"post","link":"https:\/\/historiografija.hr\/?p=40715","title":{"rendered":"(Kliofest 2024) \u017deljko Holjevac, \u201eNejednaki partneri. Hrvatsko-ma\u0111arski odnosi 1860. \u2013 1873.\u201c"},"content":{"rendered":"\n<p>Me\u0111u knjigama koje \u0107e biti predstavljene na Kliofestu 2024., a o kojima jo\u0161 nismo obavijestili na na\u0161em portalu jer su upravo pred tiskom, mo\u017eemo spomenuti knjigu \u017deljka Holjevca \u201eNejednaki partneri. Hrvatsko-ma\u0111arski odnosi 1860. \u2013 1873.\u201c. Knjiga \u0107e biti predstavljena na Kliofestu u srijedu, 8. svibnja 2024. u 19 sati u Knji\u017enici i \u010ditaonici Bogdana Ogrizovi\u0107a. Sudjeluju: \u017deljko Holjevac, Matko Globa\u010dnik, Dinko \u0160ok\u010devi\u0107, Vlasta \u0160voger.<\/p>\n\n\n\n<hr class=\"wp-block-separator\"\/>\n\n\n\n<p>Iz tiska uskoro izlazi knjiga <strong>Nejednaki partneri. Hrvatsko-ma\u0111arski odnosi 1860. \u2013 1873.<\/strong> povjesni\u010dara i direktora Instituta dru\u0161tvenih znanosti Ivo Pilar \u017deljka Holjevca. U knjizi koja \u0107e postati jedno od temeljnih referentnih izdanja hrvatske historiografije za povijest 19. stolje\u0107a, kroz prizmu politike habsbur\u0161kog vladara Franje Josipa govori se o odnosima najrelevantnijih hrvatskih i ma\u0111arskih politi\u010dara u vezi sa svim va\u017enijim doga\u0111ajima u navedenome periodu, po\u010dev\u0161i s Listopadskom diplomom i Hrvatskim saborom 1861., preko Austro-ugarske i Hrvatsko-ugarske nagodbe pa do revizije Hrvatsko-ugarske nagodbe 1873. godine.<\/p>\n\n\n\n<hr class=\"wp-block-separator\"\/>\n\n\n\n<p>Festival povijest \u2013 Kliofest<\/p>\n\n\n\n<p><strong>Srijeda, 8. svibnja 2024.<\/strong><\/p>\n\n\n\n<p>Knji\u017enica i \u010ditaonica Bogdana Ogrizovi\u0107a<\/p>\n\n\n\n<p>19.00-20.00 Predstavljanje knjige \u017deljko Holjevac <strong>Nejednaki partneri. Hrvatsko-ma\u0111arski odnosi 1860\u20131873<\/strong>, Plejada, Institut dru\u0161tvenih znanosti Ivo Pilar<\/p>\n\n\n\n<p>Sudjeluju: \u017deljko Holjevac, Matko Globa\u010dnik, Dinko \u0160ok\u010devi\u0107, Vlasta \u0160voger<\/p>\n\n\n\n<hr class=\"wp-block-separator\"\/>\n\n\n\n<p>Izvori:<\/p>\n\n\n\n<figure class=\"wp-block-embed-wordpress wp-block-embed is-type-wp-embed is-provider-plejada-d-o-o\"><div class=\"wp-block-embed__wrapper\">\n<blockquote class=\"wp-embedded-content\" data-secret=\"xZu5xGqZGZ\"><a href=\"https:\/\/www.plejada-zg.hr\/iz-tiska-uskoro-izlazi-knjiga-nejednaki-partneri-autora-zeljka-holjevca\/\">Iz tiska uskoro izlazi knjiga &#8220;Nejednaki partneri&#8221; \u017deljka Holjevca<\/a><\/blockquote><iframe loading=\"lazy\" class=\"wp-embedded-content\" sandbox=\"allow-scripts\" security=\"restricted\" style=\"position: absolute; clip: rect(1px, 1px, 1px, 1px);\" title=\"&#8220;Iz tiska uskoro izlazi knjiga &#8220;Nejednaki partneri&#8221; \u017deljka Holjevca&#8221; &#8212; Plejada d.o.o.\" src=\"https:\/\/www.plejada-zg.hr\/iz-tiska-uskoro-izlazi-knjiga-nejednaki-partneri-autora-zeljka-holjevca\/embed\/#?secret=mbOEOAeVIT#?secret=xZu5xGqZGZ\" data-secret=\"xZu5xGqZGZ\" width=\"600\" height=\"338\" frameborder=\"0\" marginwidth=\"0\" marginheight=\"0\" scrolling=\"no\"><\/iframe>\n<\/div><\/figure>\n\n\n\n<figure class=\"wp-block-embed-wordpress wp-block-embed is-type-wp-embed is-provider-plejada-d-o-o\"><div class=\"wp-block-embed__wrapper\">\n<blockquote class=\"wp-embedded-content\" data-secret=\"k1vWHnYpcS\"><a href=\"https:\/\/www.plejada-zg.hr\/plejada-i-ove-godine-predstavlja-svoja-najnovija-povijesna-izdanja-na-kliofestu\/\">Plejada i ove godine predstavlja svoja najnovija povijesna izdanja na Kliofestu<\/a><\/blockquote><iframe loading=\"lazy\" class=\"wp-embedded-content\" sandbox=\"allow-scripts\" security=\"restricted\" style=\"position: absolute; clip: rect(1px, 1px, 1px, 1px);\" title=\"&#8220;Plejada i ove godine predstavlja svoja najnovija povijesna izdanja na Kliofestu&#8221; &#8212; Plejada d.o.o.\" src=\"https:\/\/www.plejada-zg.hr\/plejada-i-ove-godine-predstavlja-svoja-najnovija-povijesna-izdanja-na-kliofestu\/embed\/#?secret=PeZi6HG4Vt#?secret=k1vWHnYpcS\" data-secret=\"k1vWHnYpcS\" width=\"600\" height=\"338\" frameborder=\"0\" marginwidth=\"0\" marginheight=\"0\" scrolling=\"no\"><\/iframe>\n<\/div><\/figure>\n\n\n\n<p><a href=\"https:\/\/www.kliofest.hr\/\">https:\/\/www.kliofest.hr\/<\/a><\/p>\n\n\n\n<hr class=\"wp-block-separator\"\/>\n","protected":false},"excerpt":{"rendered":"","protected":false},"author":2,"featured_media":40716,"comment_status":"open","ping_status":"open","sticky":false,"template":"","format":"standard","meta":{"_acf_changed":false,"jetpack_post_was_ever_published":false,"_jetpack_newsletter_access":"","_jetpack_dont_email_post_to_subs":false,"_jetpack_newsletter_tier_id":0,"_jetpack_memberships_contains_paywalled_content":false,"_jetpack_memberships_contains_paid_content":false,"footnotes":"","jetpack_publicize_message":"","jetpack_publicize_feature_enabled":true,"jetpack_social_post_already_shared":true,"jetpack_social_options":{"image_generator_settings":{"template":"highway","default_image_id":0,"font":"","enabled":false},"version":2}},"categories":[8,3],"tags":[],"class_list":["post-40715","post","type-post","status-publish","format-standard","has-post-thumbnail","hentry","category-knjige","category-novosti"],"acf":{"facebook_opis":""},"jetpack_publicize_connections":[],"jetpack_featured_media_url":"https:\/\/i0.wp.com\/historiografija.hr\/wp-content\/uploads\/2024\/05\/Nejednaki-partneri.jpg?fit=724%2C1030&ssl=1","jetpack_sharing_enabled":true,"jetpack-related-posts":[],"_links":{"self":[{"href":"https:\/\/historiografija.hr\/index.php?rest_route=\/wp\/v2\/posts\/40715","targetHints":{"allow":["GET"]}}],"collection":[{"href":"https:\/\/historiografija.hr\/index.php?rest_route=\/wp\/v2\/posts"}],"about":[{"href":"https:\/\/historiografija.hr\/index.php?rest_route=\/wp\/v2\/types\/post"}],"author":[{"embeddable":true,"href":"https:\/\/historiografija.hr\/index.php?rest_route=\/wp\/v2\/users\/2"}],"replies":[{"embeddable":true,"href":"https:\/\/historiografija.hr\/index.php?rest_route=%2Fwp%2Fv2%2Fcomments&post=40715"}],"version-history":[{"count":1,"href":"https:\/\/historiografija.hr\/index.php?rest_route=\/wp\/v2\/posts\/40715\/revisions"}],"predecessor-version":[{"id":40717,"href":"https:\/\/historiografija.hr\/index.php?rest_route=\/wp\/v2\/posts\/40715\/revisions\/40717"}],"wp:featuredmedia":[{"embeddable":true,"href":"https:\/\/historiografija.hr\/index.php?rest_route=\/wp\/v2\/media\/40716"}],"wp:attachment":[{"href":"https:\/\/historiografija.hr\/index.php?rest_route=%2Fwp%2Fv2%2Fmedia&parent=40715"}],"wp:term":[{"taxonomy":"category","embeddable":true,"href":"https:\/\/historiografija.hr\/index.php?rest_route=%2Fwp%2Fv2%2Fcategories&post=40715"},{"taxonomy":"post_tag","embeddable":true,"href":"https:\/\/historiografija.hr\/index.php?rest_route=%2Fwp%2Fv2%2Ftags&post=40715"}],"curies":[{"name":"wp","href":"https:\/\/api.w.org\/{rel}","templated":true}]}}