{"id":40712,"date":"2024-05-04T16:25:51","date_gmt":"2024-05-04T16:25:51","guid":{"rendered":"http:\/\/historiografija.hr\/?p=40712"},"modified":"2024-05-04T16:25:51","modified_gmt":"2024-05-04T16:25:51","slug":"kliofest-2024-emir-o-filipovic-vitestvo-u-srednjovjekovnoj-bosni","status":"publish","type":"post","link":"https:\/\/historiografija.hr\/?p=40712","title":{"rendered":"(Kliofest 2024) Emir O. Filipovi\u0107, \u201eVite\u0161tvo u srednjovjekovnoj Bosni\u201c"},"content":{"rendered":"\n<p>Me\u0111u knjigama koje \u0107e biti predstavljene na Kliofestu 2024., a o kojima jo\u0161 nismo obavijestili na na\u0161em portalu, treba spomenuti knjigu Emira O. Filipovi\u0107a \u201eVite\u0161tvo u srednjovjekovnoj Bosni\u201c. Knjiga \u0107e biti predstavljena na Kliofestu u utorak, 7. svibnja 2024. u 19 sati u Knji\u017enici i \u010ditaonici Bogdana Ogrizovi\u0107a. Sudjeluju: Emir O. Filipovi\u0107, Matko Globa\u010dnik, Branka Grbavac, Luka \u0160poljari\u0107.<\/p>\n\n\n\n<hr class=\"wp-block-separator\"\/>\n\n\n\n<p>Iz tiska je iza\u0161la knjiga <em>Vite\u0161tvo u srednjovjekovnoj Bosni<\/em> u izdanju Plejade. U ovoj detaljnoj specijalisti\u010dkoj studiji autor <strong>Emir O. Filipovi\u0107<\/strong> \u0161irenje i afirmaciju vite\u0161ke kulture u srednjovjekovnoj Bosni smje\u0161ta u onodobni europski kontekst, posve\u0107uju\u0107i se osobito posrednicima vite\u0161tva sa Zapada u Bosnu, me\u0111u kojima su na prvome mjestu dalmatinske komune i Ugarsko-Hrvatsko Kraljevstvo. Analiziraju\u0107i brojne dostupne izvore, od kojih i arhivske iz jedanaest arhiva diljem Europe, autor pi\u0161e o vite\u0161koj tituli i osobama koje su je nosile u srednjovjekovnoj Bosni, o vite\u0161kim idealima, \u017eivotnom standardu, vite\u0161kim igrama i redovima, vladaru kao vitezu, oru\u017eju i opremi bosanskih vitezova te simbolima vite\u0161tva u heraldici i njegovim tragovima u onomastici. Ova bogato ilustrirana knjiga privu\u0107i \u0107e zanimanje stru\u010dnjaka, ali i \u0161ireg kruga zainteresiranih \u010ditateljica i \u010ditatelja.<\/p>\n\n\n\n<p><strong>Emir O. Filipovi\u0107<\/strong> (Klju\u010d, 1984.), od 2007. radi na Filozofskom fakultetu Univerziteta u Sarajevu, gdje je trenutno u zvanju izvanrednog profesora. Kao pozvani gostuju\u0107i predava\u010d i istra\u017eiva\u010d boravio je na vi\u0161e sveu\u010dili\u0161ta i istra\u017eiva\u010dkih centara u Europi. Fokus njegovog dosada\u0161njeg u\u017eeg znanstvenog zanimanja bio je usmjeren na izu\u010davanje ranih bosansko-osmanskih odnosa, srednjovjekovnog vite\u0161tva i dvorske kulture, heraldike te politi\u010dke, kulturne i vjerske povijesti Europe i Bosne u 14. i 15. stolje\u0107u. Rezultate svojih istra\u017eivanja izlagao je na vi\u0161e me\u0111unarodnih i doma\u0107ih znanstvenih skupova. Autor je knjiga <em>Bosansko kraljevstvo i Osmansko carstvo (1386\u20131463) <\/em>(Sarajevo, 2019) i <em>Kotromani\u0107i: Stvaranje i oblikovanje dinasti\u010dkog identiteta u srednjovjekovnoj Bosni<\/em> (Sarajevo, 2022).<\/p>\n\n\n\n<hr class=\"wp-block-separator\"\/>\n\n\n\n<p>Festival povijesti \u2013 Kliofest<\/p>\n\n\n\n<p><strong>Utorak, 7. svibnja 2024.<\/strong><\/p>\n\n\n\n<p>Knji\u017enica i \u010ditaonica Bogdana Ogrizovi\u0107a<\/p>\n\n\n\n<p>19.00-20.00 Predstavljanje knjige Emir O. Filipovi\u0107 <strong>Vite\u0161tvo u srednjovjekovnoj Bosni<\/strong>, Plejada<\/p>\n\n\n\n<p>Sudjeluju: Emir O. Filipovi\u0107, Matko Globa\u010dnik, Branka Grbavac, Luka \u0160poljari\u0107<\/p>\n\n\n\n<hr class=\"wp-block-separator\"\/>\n\n\n\n<p>Izvori:<\/p>\n\n\n\n<figure class=\"wp-block-embed-wordpress wp-block-embed is-type-wp-embed is-provider-plejada-d-o-o\"><div class=\"wp-block-embed__wrapper\">\n<blockquote class=\"wp-embedded-content\" data-secret=\"iaJJbcPZyQ\"><a href=\"https:\/\/www.plejada-zg.hr\/objavljena-je-knjiga-vitestvo-u-srednjovjekovnoj-bosni\/\">Objavljena je knjiga &#8220;Vite\u0161tvo u srednjovjekovnoj Bosni&#8221; Emira O. Filipovi\u0107a<\/a><\/blockquote><iframe loading=\"lazy\" class=\"wp-embedded-content\" sandbox=\"allow-scripts\" security=\"restricted\" style=\"position: absolute; clip: rect(1px, 1px, 1px, 1px);\" title=\"&#8220;Objavljena je knjiga &#8220;Vite\u0161tvo u srednjovjekovnoj Bosni&#8221; Emira O. Filipovi\u0107a&#8221; &#8212; Plejada d.o.o.\" src=\"https:\/\/www.plejada-zg.hr\/objavljena-je-knjiga-vitestvo-u-srednjovjekovnoj-bosni\/embed\/#?secret=SetSwWPpQ5#?secret=iaJJbcPZyQ\" data-secret=\"iaJJbcPZyQ\" width=\"600\" height=\"338\" frameborder=\"0\" marginwidth=\"0\" marginheight=\"0\" scrolling=\"no\"><\/iframe>\n<\/div><\/figure>\n\n\n\n<figure class=\"wp-block-embed-wordpress wp-block-embed is-type-wp-embed is-provider-plejada-d-o-o\"><div class=\"wp-block-embed__wrapper\">\n<blockquote class=\"wp-embedded-content\" data-secret=\"1fEkrFy0cj\"><a href=\"https:\/\/www.plejada-zg.hr\/predstavljanje-knjige-vitestvo-u-srednjovjekovnoj-bosni-na-ovogodisnjem-kliofestu\/\">Predstavljanje knjige &#8220;Vite\u0161tvo u srednjovjekovnoj Bosni&#8221; na ovogodi\u0161njem Kliofestu<\/a><\/blockquote><iframe loading=\"lazy\" class=\"wp-embedded-content\" sandbox=\"allow-scripts\" security=\"restricted\" style=\"position: absolute; clip: rect(1px, 1px, 1px, 1px);\" title=\"&#8220;Predstavljanje knjige &#8220;Vite\u0161tvo u srednjovjekovnoj Bosni&#8221; na ovogodi\u0161njem Kliofestu&#8221; &#8212; Plejada d.o.o.\" src=\"https:\/\/www.plejada-zg.hr\/predstavljanje-knjige-vitestvo-u-srednjovjekovnoj-bosni-na-ovogodisnjem-kliofestu\/embed\/#?secret=H7mOmoGC5U#?secret=1fEkrFy0cj\" data-secret=\"1fEkrFy0cj\" width=\"600\" height=\"338\" frameborder=\"0\" marginwidth=\"0\" marginheight=\"0\" scrolling=\"no\"><\/iframe>\n<\/div><\/figure>\n\n\n\n<p><a href=\"https:\/\/www.kliofest.hr\/\">https:\/\/www.kliofest.hr\/<\/a><\/p>\n\n\n\n<hr class=\"wp-block-separator\"\/>\n","protected":false},"excerpt":{"rendered":"","protected":false},"author":2,"featured_media":40713,"comment_status":"open","ping_status":"open","sticky":false,"template":"","format":"standard","meta":{"_acf_changed":false,"jetpack_post_was_ever_published":false,"_jetpack_newsletter_access":"","_jetpack_dont_email_post_to_subs":false,"_jetpack_newsletter_tier_id":0,"_jetpack_memberships_contains_paywalled_content":false,"_jetpack_memberships_contains_paid_content":false,"footnotes":"","jetpack_publicize_message":"","jetpack_publicize_feature_enabled":true,"jetpack_social_post_already_shared":true,"jetpack_social_options":{"image_generator_settings":{"template":"highway","default_image_id":0,"font":"","enabled":false},"version":2}},"categories":[8,3],"tags":[],"class_list":["post-40712","post","type-post","status-publish","format-standard","has-post-thumbnail","hentry","category-knjige","category-novosti"],"acf":{"facebook_opis":""},"jetpack_publicize_connections":[],"jetpack_featured_media_url":"https:\/\/i0.wp.com\/historiografija.hr\/wp-content\/uploads\/2024\/05\/Pozivnica-Vitestvo.jpg?fit=1030%2C486&ssl=1","jetpack_sharing_enabled":true,"jetpack-related-posts":[],"_links":{"self":[{"href":"https:\/\/historiografija.hr\/index.php?rest_route=\/wp\/v2\/posts\/40712","targetHints":{"allow":["GET"]}}],"collection":[{"href":"https:\/\/historiografija.hr\/index.php?rest_route=\/wp\/v2\/posts"}],"about":[{"href":"https:\/\/historiografija.hr\/index.php?rest_route=\/wp\/v2\/types\/post"}],"author":[{"embeddable":true,"href":"https:\/\/historiografija.hr\/index.php?rest_route=\/wp\/v2\/users\/2"}],"replies":[{"embeddable":true,"href":"https:\/\/historiografija.hr\/index.php?rest_route=%2Fwp%2Fv2%2Fcomments&post=40712"}],"version-history":[{"count":1,"href":"https:\/\/historiografija.hr\/index.php?rest_route=\/wp\/v2\/posts\/40712\/revisions"}],"predecessor-version":[{"id":40714,"href":"https:\/\/historiografija.hr\/index.php?rest_route=\/wp\/v2\/posts\/40712\/revisions\/40714"}],"wp:featuredmedia":[{"embeddable":true,"href":"https:\/\/historiografija.hr\/index.php?rest_route=\/wp\/v2\/media\/40713"}],"wp:attachment":[{"href":"https:\/\/historiografija.hr\/index.php?rest_route=%2Fwp%2Fv2%2Fmedia&parent=40712"}],"wp:term":[{"taxonomy":"category","embeddable":true,"href":"https:\/\/historiografija.hr\/index.php?rest_route=%2Fwp%2Fv2%2Fcategories&post=40712"},{"taxonomy":"post_tag","embeddable":true,"href":"https:\/\/historiografija.hr\/index.php?rest_route=%2Fwp%2Fv2%2Ftags&post=40712"}],"curies":[{"name":"wp","href":"https:\/\/api.w.org\/{rel}","templated":true}]}}