{"id":40705,"date":"2024-05-03T21:14:55","date_gmt":"2024-05-03T21:14:55","guid":{"rendered":"http:\/\/historiografija.hr\/?p=40705"},"modified":"2024-05-03T21:14:55","modified_gmt":"2024-05-03T21:14:55","slug":"kliofest-2024-tomaz-ivesic-the-rise-and-fall-of-communist-yugoslavism-soft-nation-building-in-yugoslavia","status":"publish","type":"post","link":"https:\/\/historiografija.hr\/?p=40705","title":{"rendered":"(Kliofest 2024) Toma\u017e Ive\u0161i\u0107, \u201eThe Rise and Fall of Communist Yugoslavism: Soft Nation-Building in Yugoslavia\u201c"},"content":{"rendered":"\n<p>O ve\u0107ini knjiga koje \u0107e biti predstavljene na Kliofestu 2024. ve\u0107 smo obavijestili na na\u0161em portalu. Me\u0111u onima o kojima jo\u0161 nismo jer su nedavno objavljene izdvajamo knjigu Toma\u017ea Ive\u0161i\u0107a \u201eThe Rise and Fall of Communist Yugoslavism: Soft Nation-Building in Yugoslavia\u201c. Knjiga \u0107e biti predstavljena na Kliofestu u \u010detvrtak, 9. svibnja 2024. u 11 sati u Nacionalnoj i sveu\u010dili\u0161noj knji\u017enici. Sudjeluju: Toma\u017e Ive\u0161i\u0107, Stevo \u0110ura\u0161kovi\u0107, Marijana Kardum.<\/p>\n\n\n\n<hr class=\"wp-block-separator\"\/>\n\n\n\n<p><strong>Description<\/strong><\/p>\n\n\n\n<p><em>The Rise and Fall of Communist Yugoslavism: Soft Nation\u2011Building in Yugoslavia<\/em> examines how the Communist Party of Yugoslavia incorporated the idea of a Yugoslav nation into its ideology and created the Yugoslav Soft Nation\u2011Building project after the Second World War. With an innovative approach of researching three levels of research (from above, from below and from the viewpoint of interethnic relations) the book brings forward an original concept of soft nation\u2011building, with a focus on the Slovenian\u2011Yugoslav dimension.<\/p>\n\n\n\n<p>Drawing on archival sources from Ljubljana, Zagreb, Sarajevo and Belgrade, the author argues that after the abandonment of the Yugoslav national idea, two Yugoslavisms were created in the mid\u20111960s. State\u2011based socialist Yugoslavism was propagated by the Party and had no ethnic connotations, only a small proportion of the population identified themselves as \u201cYugoslav\u201d in national terms. The created vacuum was filled by old national identities.<\/p>\n\n\n\n<p>The book is of interest to specialists and advanced students of cultural and intellectual history, studies of nationalism, but also history of science and institutions and the history of everyday life. The book aims to appeal to scholars of Balkan, South\u2011East European and Yugoslav history.<\/p>\n\n\n\n<hr class=\"wp-block-separator\"\/>\n\n\n\n<p>258 Pages<\/p>\n\n\n\n<p>Published March 5, 2024 by Routledge<\/p>\n\n\n\n<hr class=\"wp-block-separator\"\/>\n\n\n\n<p><strong>Table of Contents<\/strong><\/p>\n\n\n\n<p>1. History of Yugoslavism and the KPJ\u2019s Stand on the National Question 2. The Soft Yugoslav Nation-Building Project 3. The Turning Point (1958\u20131969) 4. The Federal KMMO and the Split of Yugoslavism (1965\u20131969) 5. Changing the System 6. The Vacuum is Filled with Old National Identifications 7. Yugoslav National Identification and the 1971 Census.<\/p>\n\n\n\n<hr class=\"wp-block-separator\"\/>\n\n\n\n<p><strong>Toma\u017e Ive\u0161i\u0107<\/strong> is a director at the Study Centre for National Reconciliation (Ljubljana, Slovenia). He is a cultural and intellectual historian. Author of a number of scientific articles in Slovenia and abroad. Most notably on the Yugoslav soft nation\u2011building project (2021), exchanging the progressive experiences (2022) and the Yugoslav experts (2023).<\/p>\n\n\n\n<hr class=\"wp-block-separator\"\/>\n\n\n\n<p><a href=\"https:\/\/www.routledge.com\/The-Rise-and-Fall-of-Communist-Yugoslavism-Soft-Nation-Building-in-Yugoslavia\/Ivesic\/p\/book\/9781032412375\">https:\/\/www.routledge.com\/The-Rise-and-Fall-of-Communist-Yugoslavism-Soft-Nation-Building-in-Yugoslavia\/Ivesic\/p\/book\/9781032412375<\/a><\/p>\n\n\n\n<hr class=\"wp-block-separator\"\/>\n\n\n\n<p>Festival povijesti &#8211; Kliofest <\/p>\n\n\n\n<p><strong>\u010cetvrtak, 9. svibnja 2024.<\/strong><\/p>\n\n\n\n<p>Nacionalna i sveu\u010dili\u0161na knji\u017enica<\/p>\n\n\n\n<p>POZORNICA II.<\/p>\n\n\n\n<p>11.00-11.45 Predstavljanje knjige <strong>Toma\u017e Ive\u0161i\u0107 The Rise and Fall of Communist Yugoslavism: Soft Nation-Building in Yugoslavia<\/strong>, Routledge<\/p>\n\n\n\n<p>Sudjeluju: Toma\u017e Ive\u0161i\u0107, Stevo \u0110ura\u0161kovi\u0107, Marijana Kardum<\/p>\n\n\n\n<hr class=\"wp-block-separator\"\/>\n\n\n\n<p><a href=\"https:\/\/www.kliofest.hr\/\">https:\/\/www.kliofest.hr\/<\/a><\/p>\n\n\n\n<hr class=\"wp-block-separator\"\/>\n","protected":false},"excerpt":{"rendered":"","protected":false},"author":2,"featured_media":40706,"comment_status":"open","ping_status":"open","sticky":false,"template":"","format":"standard","meta":{"_acf_changed":false,"jetpack_post_was_ever_published":false,"_jetpack_newsletter_access":"","_jetpack_dont_email_post_to_subs":false,"_jetpack_newsletter_tier_id":0,"_jetpack_memberships_contains_paywalled_content":false,"_jetpack_memberships_contains_paid_content":false,"footnotes":"","jetpack_publicize_message":"","jetpack_publicize_feature_enabled":true,"jetpack_social_post_already_shared":true,"jetpack_social_options":{"image_generator_settings":{"template":"highway","default_image_id":0,"font":"","enabled":false},"version":2}},"categories":[8,3],"tags":[],"class_list":["post-40705","post","type-post","status-publish","format-standard","has-post-thumbnail","hentry","category-knjige","category-novosti"],"acf":{"facebook_opis":""},"jetpack_publicize_connections":[],"jetpack_featured_media_url":"https:\/\/i0.wp.com\/historiografija.hr\/wp-content\/uploads\/2024\/05\/Kliofest-03-cetvrtak-II-07-PK-The-Rise-and-Fall.jpg?fit=1241%2C585&ssl=1","jetpack_sharing_enabled":true,"jetpack-related-posts":[],"_links":{"self":[{"href":"https:\/\/historiografija.hr\/index.php?rest_route=\/wp\/v2\/posts\/40705","targetHints":{"allow":["GET"]}}],"collection":[{"href":"https:\/\/historiografija.hr\/index.php?rest_route=\/wp\/v2\/posts"}],"about":[{"href":"https:\/\/historiografija.hr\/index.php?rest_route=\/wp\/v2\/types\/post"}],"author":[{"embeddable":true,"href":"https:\/\/historiografija.hr\/index.php?rest_route=\/wp\/v2\/users\/2"}],"replies":[{"embeddable":true,"href":"https:\/\/historiografija.hr\/index.php?rest_route=%2Fwp%2Fv2%2Fcomments&post=40705"}],"version-history":[{"count":1,"href":"https:\/\/historiografija.hr\/index.php?rest_route=\/wp\/v2\/posts\/40705\/revisions"}],"predecessor-version":[{"id":40707,"href":"https:\/\/historiografija.hr\/index.php?rest_route=\/wp\/v2\/posts\/40705\/revisions\/40707"}],"wp:featuredmedia":[{"embeddable":true,"href":"https:\/\/historiografija.hr\/index.php?rest_route=\/wp\/v2\/media\/40706"}],"wp:attachment":[{"href":"https:\/\/historiografija.hr\/index.php?rest_route=%2Fwp%2Fv2%2Fmedia&parent=40705"}],"wp:term":[{"taxonomy":"category","embeddable":true,"href":"https:\/\/historiografija.hr\/index.php?rest_route=%2Fwp%2Fv2%2Fcategories&post=40705"},{"taxonomy":"post_tag","embeddable":true,"href":"https:\/\/historiografija.hr\/index.php?rest_route=%2Fwp%2Fv2%2Ftags&post=40705"}],"curies":[{"name":"wp","href":"https:\/\/api.w.org\/{rel}","templated":true}]}}