{"id":40703,"date":"2024-05-03T20:46:40","date_gmt":"2024-05-03T20:46:40","guid":{"rendered":"http:\/\/historiografija.hr\/?p=40703"},"modified":"2024-05-03T20:46:40","modified_gmt":"2024-05-03T20:46:40","slug":"znanstveni-skup-crkva-i-partijska-drzava-u-komunistickoj-hrvatskoj-i-poljskoj-u-prvom-desetljecu-nakon-drugoga-svjetskog-rata","status":"publish","type":"post","link":"https:\/\/historiografija.hr\/?p=40703","title":{"rendered":"Znanstveni skup \u201eCrkva i partijska dr\u017eava u komunisti\u010dkoj Hrvatskoj i Poljskoj u prvom desetlje\u0107u nakon Drugoga svjetskog rata\u201c"},"content":{"rendered":"\n<p>Na Hrvatskom katoli\u010dkom sveu\u010dili\u0161tu odr\u017eat \u0107e se u srijedu 8. svibnja 2024. dvorani \u201eBla\u017eeni Alojzije kard. Stepinac\u201d znanstveni skup <em>Crkva i partijska dr\u017eava u komunisti\u010dkoj Hrvatskoj i Poljskoj u prvom desetlje\u0107u nakon Drugoga svjetskog rata \u2013 The Church and the Party-State in Communist Croatia and Poland from the end of the Second World War to the mid-1950s.<\/em><\/p>\n\n\n\n<p>Suorganizatori skupa su zajedno s Hrvatskim katoli\u010dkim sveu\u010dili\u0161tem Hrvatski institut za povijest i <a href=\"https:\/\/uksw.edu.pl\/en\/science\/center-and-institutes\/institute-of-history\/\">Institut za povijest na Sveu\u010dili\u0161tu Stefan Wyszynski<\/a> iz Var\u0161ave.<\/p>\n\n\n\n<p>O skupu:<br>U prvim godinama nakon uspostave vlasti komunisti su na prostoru Srednjoisto\u010dne Europe oblikovali vlast prema staljinisti\u010dkom obrascu, no taj \u0107e se model po\u010deti mijenjati nakon 1953. godine. Svrha je znanstvenog skupa na osnovu poredbe hrvatsko-poljskih iskustava uvidjeti odnos komunista prema Crkvi od kraja Drugoga svjetskog rata do sredine pedesetih godina 20. stolje\u0107a.<\/p>\n\n\n\n<hr class=\"wp-block-separator\"\/>\n\n\n\n<p>Izvor:<\/p>\n\n\n\n<figure class=\"wp-block-embed-wordpress wp-block-embed is-type-wp-embed is-provider-hrvatsko-katolicko-sveuciliste\"><div class=\"wp-block-embed__wrapper\">\n<blockquote class=\"wp-embedded-content\" data-secret=\"UuwpP8AWK2\"><a href=\"https:\/\/www.unicath.hr\/hks-najave\/znanstveni-skup-crkva-i-partijska-drzava-u-komunistickoj-hrvatskoj-i-poljskoj-u-prvom-desetljecu-nakon-drugoga-svjetskog-rata\">Znanstveni skup \u201eCrkva i partijska dr\u017eava u komunisti\u010dkoj Hrvatskoj i Poljskoj u prvom desetlje\u0107u nakon Drugoga svjetskog rata\u201c<\/a><\/blockquote><iframe loading=\"lazy\" class=\"wp-embedded-content\" sandbox=\"allow-scripts\" security=\"restricted\" style=\"position: absolute; clip: rect(1px, 1px, 1px, 1px);\" title=\"&#8220;Znanstveni skup \u201eCrkva i partijska dr\u017eava u komunisti\u010dkoj Hrvatskoj i Poljskoj u prvom desetlje\u0107u nakon Drugoga svjetskog rata\u201c&#8221; &#8212; Hrvatsko katoli\u010dko sveu\u010dili\u0161te\" src=\"https:\/\/www.unicath.hr\/hks-najave\/znanstveni-skup-crkva-i-partijska-drzava-u-komunistickoj-hrvatskoj-i-poljskoj-u-prvom-desetljecu-nakon-drugoga-svjetskog-rata\/embed#?secret=h91vhKzgdh#?secret=UuwpP8AWK2\" data-secret=\"UuwpP8AWK2\" width=\"600\" height=\"338\" frameborder=\"0\" marginwidth=\"0\" marginheight=\"0\" scrolling=\"no\"><\/iframe>\n<\/div><\/figure>\n\n\n\n<hr class=\"wp-block-separator\"\/>\n","protected":false},"excerpt":{"rendered":"","protected":false},"author":2,"featured_media":27303,"comment_status":"open","ping_status":"open","sticky":false,"template":"","format":"standard","meta":{"_acf_changed":false,"jetpack_post_was_ever_published":false,"_jetpack_newsletter_access":"","_jetpack_dont_email_post_to_subs":false,"_jetpack_newsletter_tier_id":0,"_jetpack_memberships_contains_paywalled_content":false,"_jetpack_memberships_contains_paid_content":false,"footnotes":"","jetpack_publicize_message":"","jetpack_publicize_feature_enabled":true,"jetpack_social_post_already_shared":true,"jetpack_social_options":{"image_generator_settings":{"template":"highway","default_image_id":0,"font":"","enabled":false},"version":2}},"categories":[3,9],"tags":[],"class_list":["post-40703","post","type-post","status-publish","format-standard","has-post-thumbnail","hentry","category-novosti","category-skupovi"],"acf":{"facebook_opis":""},"jetpack_publicize_connections":[],"jetpack_featured_media_url":"https:\/\/i0.wp.com\/historiografija.hr\/wp-content\/uploads\/2021\/09\/logo-hks-jpg.jpg?fit=457%2C572&ssl=1","jetpack_sharing_enabled":true,"jetpack-related-posts":[],"_links":{"self":[{"href":"https:\/\/historiografija.hr\/index.php?rest_route=\/wp\/v2\/posts\/40703","targetHints":{"allow":["GET"]}}],"collection":[{"href":"https:\/\/historiografija.hr\/index.php?rest_route=\/wp\/v2\/posts"}],"about":[{"href":"https:\/\/historiografija.hr\/index.php?rest_route=\/wp\/v2\/types\/post"}],"author":[{"embeddable":true,"href":"https:\/\/historiografija.hr\/index.php?rest_route=\/wp\/v2\/users\/2"}],"replies":[{"embeddable":true,"href":"https:\/\/historiografija.hr\/index.php?rest_route=%2Fwp%2Fv2%2Fcomments&post=40703"}],"version-history":[{"count":1,"href":"https:\/\/historiografija.hr\/index.php?rest_route=\/wp\/v2\/posts\/40703\/revisions"}],"predecessor-version":[{"id":40704,"href":"https:\/\/historiografija.hr\/index.php?rest_route=\/wp\/v2\/posts\/40703\/revisions\/40704"}],"wp:featuredmedia":[{"embeddable":true,"href":"https:\/\/historiografija.hr\/index.php?rest_route=\/wp\/v2\/media\/27303"}],"wp:attachment":[{"href":"https:\/\/historiografija.hr\/index.php?rest_route=%2Fwp%2Fv2%2Fmedia&parent=40703"}],"wp:term":[{"taxonomy":"category","embeddable":true,"href":"https:\/\/historiografija.hr\/index.php?rest_route=%2Fwp%2Fv2%2Fcategories&post=40703"},{"taxonomy":"post_tag","embeddable":true,"href":"https:\/\/historiografija.hr\/index.php?rest_route=%2Fwp%2Fv2%2Ftags&post=40703"}],"curies":[{"name":"wp","href":"https:\/\/api.w.org\/{rel}","templated":true}]}}