{"id":40700,"date":"2024-05-03T20:39:17","date_gmt":"2024-05-03T20:39:17","guid":{"rendered":"http:\/\/historiografija.hr\/?p=40700"},"modified":"2024-05-03T20:39:17","modified_gmt":"2024-05-03T20:39:17","slug":"konferencija-august-cesarec-argumenti-za-revoluciju","status":"publish","type":"post","link":"https:\/\/historiografija.hr\/?p=40700","title":{"rendered":"Konferencija \u201cAugust Cesarec \u2013 Argumenti za revoluciju\u201d"},"content":{"rendered":"\n<p>Uo\u010di 17. Subversive Festivala u <strong>Kulturno informativnom centru (KIC) <\/strong><strong>u Zagrebu<\/strong> od<strong> 8.<\/strong> do<strong> 10. svibnja<\/strong> 2024. odr\u017eat \u0107e se multimedijalni doga\u0111aj<strong><em> August Cesarec \u2013 Argumenti za revoluciju.<\/em><\/strong> Bogat program po\u010dinje u srijedu 8. 5. u 19 h otvorenjem izlo\u017ebe <strong><em>Moj brat August, persona non gratae<\/em><\/strong> uz popratne glazbeno-scenske performanse a zatim od 9. do 10. 5. slijedi <strong>dvodnevna konferencija<\/strong> u sklopu koje \u0107e se odr\u017eati 8 panela uz sudjelovanje 20 gostiju.<\/p>\n\n\n\n<p>Autor projekta je <strong>Nenad Rizvanovi\u0107.<\/strong><\/p>\n\n\n\n<p><strong>August Cesarec<\/strong> zna\u010dajna je li\u010dnost hrvatske dvadesetostoljetne knji\u017eevnosti i hrvatske lijeve misli. Njegov bliski prijatelj i suradnik Miroslav Krle\u017ea o njemu je zapisao: \u201eAugust Cesarec je ve\u0107 u Plamenu (1919) i kasnije u Knji\u017eevnoj Republici progovorio o mnogim otvorenim pitanjima odlu\u010dno i s akcentom i tonom koji se po moralno-politi\u010dkoj smionosti do danas jo\u0161 nije pojavio u na\u0161oj politi\u010dkoj esejistici. S odlu\u010dnim i nepomirljivim vi\u0161im prezirom spram svih idealisti\u010dkih premisa, on je \u2013 usred uznemirenog previranja svijesti i mete\u017ea politi\u010dkih i kulturnih pokreta \u2013 smiono obra\u010dunavao sa ukletim balastom na\u0161e pro\u0161losti odbacuju\u0107i idole i feti\u0161e svih takozvanih vje\u010dnih nacionalnih vrijednosti. Uvjeren da je beskompromisno poricanje svega \u0161to vu\u010de na\u0161u zemlju natrag u pre\u017eivjelu romanti\u010darsku pro\u0161lost jedini pozitivni zalog za budu\u0107nost, on je ve\u0107 na \u010delu predratne jugoslavenski nadahnute omladine, na po\u010detku puta, jo\u0161 u Austriji, od godine 1912. smiono stupao ispred svoga pokoljenja kao stjegono\u0161a i nepomirljivi truba\u010d na bitke. Visoko ga je vrednovao i pjesnik Jure Ka\u0161telan: \u201e U svim etapama vlastitog razvoja, na svim stranicama \u017eivotnog kri\u017enog puta kroz robija\u0161nice, progonstva i pogibiju, kao sudionik u Juki\u0107evu atentatu, kao svjedok ra\u0111anja i izgradnje socijalisti\u010dkog dru\u0161tva u Sovjetskom Savezu, kao sudionik u slobodarskoj borbi \u0161panjolskoga naroda \u2013 on je uvijek nosio viziju svoje slobodne domovine. Sin svoga naroda, Cesarec je uvjerenjem i osje\u0107anjem knji\u017eevnika i borca, istovremeno pripadao zajedni\u010dkoj progresivnoj borbi \u010dovje\u010danstva i svaki njegov napisani redak ulomak je velikog monologa s kuglom zemaljskom.\u201c<\/p>\n\n\n\n<p><strong>PROGRAM I RASPORED<\/strong><\/p>\n\n\n\n<p><strong>8. 5. srijeda<\/strong><\/p>\n\n\n\n<p>19 h<\/p>\n\n\n\n<p><em>Monolog s kuglom zemaljskom,<\/em> poetski performans:<strong> Boris Bakal&nbsp;<\/strong><\/p>\n\n\n\n<p><em>August Cesarec: Careva kraljevina<\/em>, izabrani dramski fragmenti u izvedbi studenata tre\u0107e godine ADU-a (mentor: <strong>Borna Baleti\u0107<\/strong>).<\/p>\n\n\n\n<p><em>Moj brat August, persona non gratae \u2013 <\/em>otvorenje izlo\u017ebe u<strong> Galeriji na katu&nbsp;<\/strong><\/p>\n\n\n\n<p>glazba: <strong>VI\u0161eslav Labo\u0161<\/strong>, uz filmske projekcije prema djelima Augusta Cesarca<\/p>\n\n\n\n<p><strong>9. 5. \u010detvrtak<\/strong><\/p>\n\n\n\n<p>11-13 h<\/p>\n\n\n\n<p><strong>Dragan Markovina:<\/strong> <em>Izbrisan ili postoji li vi\u0161e uop\u0107e Cesarec u dru\u0161tvenoj svijesti i \u017eivoj kulturi?<\/em><\/p>\n\n\n\n<p><strong>Vlaho Bogi\u0161i\u0107:<\/strong> <em>August Cesarec: hrvatski argonaut Crvenog oktobr<\/em>a<\/p>\n\n\n\n<p><strong>Branimir Jankovi\u0107<\/strong>: <em>(Protu)argumenti za revoluciju: August Cesarec u mre\u017ei intelektualnih (protu)odnosa<\/em><\/p>\n\n\n\n<p>13-14 h<\/p>\n\n\n\n<p><strong>Snje\u017eana Banovi\u0107:<\/strong><em> Sin domovine u HNK-u a.d. 1940.<\/em><\/p>\n\n\n\n<p><strong>Stjepan Matkovi\u0107<\/strong>: <em>Zaokupljenost Augusta Cesarca prava\u0161tvom<\/em><\/p>\n\n\n\n<p>17-19 h<\/p>\n\n\n\n<p><strong>Zrinka Bo\u017ei\u0107<\/strong><em>: Roman s tezom ili politi\u010dki roman?<\/em><\/p>\n\n\n\n<p><strong>Milka Car<\/strong>:<em> Postimperijalno i revolucionarno razdoblje u romanu Augusta Cesarca Careva kraljevina<\/em><\/p>\n\n\n\n<p><strong>Zdravko Zima<\/strong>: <em>Uliks i Careva kraljevina u interpretaciji dr. Ivana Krnica<\/em><\/p>\n\n\n\n<p>19-20 h<\/p>\n\n\n\n<p><strong>Dubravka Zima<\/strong>: <em>\u201cMi se di\u017eemo i svima vam vi\u010demo u lice\u201d: August Cesarec i<\/em> <em>\u0110a\u010dki \u0161trajk<\/em><\/p>\n\n\n\n<p><strong>Jelena Lalatovi\u0107<\/strong><em><strong>:<\/strong> Izve\u0161taji s fronte za slobodu govora: od \u0110a\u010dkog pokreta do Za\u0161tite \u010dovjeka<\/em><\/p>\n\n\n\n<p><strong>10. 5. petak<\/strong><\/p>\n\n\n\n<p>11-13 h<\/p>\n\n\n\n<p><strong>Luka Peji\u0107<\/strong>:<em> \u201eDolje s povlasticama\u201c: o anarhizmu Augusta Cesarca<\/em><\/p>\n\n\n\n<p><strong>Matija Bo\u0161njak<\/strong>: <em>Forma legende u poetici Cesarca<\/em><\/p>\n\n\n\n<p><strong>\u017darko Pai\u0107<\/strong>: <em>Odlasci i povratci iz \u201cobe\u0107ane zemlje\u201d \u2013 \u010detiri slu\u010daja (Andr\u00e9 Gide, Miroslav Krle\u017ea, Walter Benjamin i August Cesarec)<\/em><\/p>\n\n\n\n<p>13-14 h<\/p>\n\n\n\n<p><strong>Ana Rajkovi\u0107 Peji\u0107<\/strong>:<em> U zemlji \u010dudesa<\/em><\/p>\n\n\n\n<p><strong>Ivana Peru\u0161ko<\/strong>: <em>Cesar\u010deva Rusija<\/em><\/p>\n\n\n\n<p>17-19 h<\/p>\n\n\n\n<p><strong>Vesna Vukovi\u0107<\/strong>: <em>Revolucija umjetnosti i\/li umjetnost revolucije? Paralelno \u010ditanje Krle\u017ee i Cesarca<\/em><\/p>\n\n\n\n<p><strong>Aleksandra Petrovi\u0107<\/strong>:<em> August Cesarec i Zofka Kveder: argumenti za revoluciju i protiv nje<\/em><\/p>\n\n\n\n<p><strong>Vahidin Preljevi\u0107<\/strong>: <em>Man\u00e8s Sperber, Cesarec i ljevi\u010darska knji\u017eevna internacionala u me\u0111uratnoj Jugoslaviji<\/em><\/p>\n\n\n\n<p>19-20 h<\/p>\n\n\n\n<p><strong>Nenad Rizvanovi\u0107<\/strong>:<em> Osu\u0111en na borbu i po\u0161tenje (Me\u0161a Selimovi\u0107 o Augustu Cesarcu)<\/em><\/p>\n\n\n\n<p><strong>Martina Juri\u0161i\u0107, Anita Marin i Alena Matijaca: <\/strong><em>Bibliografija monografskih publikacija Augusta Cesarca do 1990.<\/em><\/p>\n\n\n\n<hr class=\"wp-block-separator\"\/>\n\n\n\n<p>Izvor:<\/p>\n\n\n\n<figure class=\"wp-block-embed-wordpress wp-block-embed is-type-wp-embed is-provider-17-subversive-festival\"><div class=\"wp-block-embed__wrapper\">\n<blockquote class=\"wp-embedded-content\" data-secret=\"mf2vsVNyt5\"><a href=\"https:\/\/subversivefestival.com\/sf24\/multimedijalni-dogadaj-august-cesarec-argumenti-za-revoluciju-u-kic-u\/\">Multimedijalni doga\u0111aj &#8220;August Cesarec &#8211; Argumenti za revoluciju&#8221; u KIC-u<\/a><\/blockquote><iframe loading=\"lazy\" class=\"wp-embedded-content\" sandbox=\"allow-scripts\" security=\"restricted\" style=\"position: absolute; clip: rect(1px, 1px, 1px, 1px);\" title=\"&#8220;Multimedijalni doga\u0111aj &#8220;August Cesarec &#8211; Argumenti za revoluciju&#8221; u KIC-u&#8221; &#8212; 17. Subversive Festival\" src=\"https:\/\/subversivefestival.com\/sf24\/multimedijalni-dogadaj-august-cesarec-argumenti-za-revoluciju-u-kic-u\/embed\/#?secret=dsQXTPS9GX#?secret=mf2vsVNyt5\" data-secret=\"mf2vsVNyt5\" width=\"600\" height=\"338\" frameborder=\"0\" marginwidth=\"0\" marginheight=\"0\" scrolling=\"no\"><\/iframe>\n<\/div><\/figure>\n\n\n\n<hr class=\"wp-block-separator\"\/>\n","protected":false},"excerpt":{"rendered":"","protected":false},"author":2,"featured_media":40701,"comment_status":"open","ping_status":"open","sticky":false,"template":"","format":"standard","meta":{"_acf_changed":false,"jetpack_post_was_ever_published":false,"_jetpack_newsletter_access":"","_jetpack_dont_email_post_to_subs":false,"_jetpack_newsletter_tier_id":0,"_jetpack_memberships_contains_paywalled_content":false,"_jetpack_memberships_contains_paid_content":false,"footnotes":"","jetpack_publicize_message":"","jetpack_publicize_feature_enabled":true,"jetpack_social_post_already_shared":true,"jetpack_social_options":{"image_generator_settings":{"template":"highway","default_image_id":0,"font":"","enabled":false},"version":2}},"categories":[3,9],"tags":[],"class_list":["post-40700","post","type-post","status-publish","format-standard","has-post-thumbnail","hentry","category-novosti","category-skupovi"],"acf":{"facebook_opis":""},"jetpack_publicize_connections":[],"jetpack_featured_media_url":"https:\/\/i0.wp.com\/historiografija.hr\/wp-content\/uploads\/2024\/05\/AC.jpg?fit=752%2C440&ssl=1","jetpack_sharing_enabled":true,"jetpack-related-posts":[],"_links":{"self":[{"href":"https:\/\/historiografija.hr\/index.php?rest_route=\/wp\/v2\/posts\/40700","targetHints":{"allow":["GET"]}}],"collection":[{"href":"https:\/\/historiografija.hr\/index.php?rest_route=\/wp\/v2\/posts"}],"about":[{"href":"https:\/\/historiografija.hr\/index.php?rest_route=\/wp\/v2\/types\/post"}],"author":[{"embeddable":true,"href":"https:\/\/historiografija.hr\/index.php?rest_route=\/wp\/v2\/users\/2"}],"replies":[{"embeddable":true,"href":"https:\/\/historiografija.hr\/index.php?rest_route=%2Fwp%2Fv2%2Fcomments&post=40700"}],"version-history":[{"count":1,"href":"https:\/\/historiografija.hr\/index.php?rest_route=\/wp\/v2\/posts\/40700\/revisions"}],"predecessor-version":[{"id":40702,"href":"https:\/\/historiografija.hr\/index.php?rest_route=\/wp\/v2\/posts\/40700\/revisions\/40702"}],"wp:featuredmedia":[{"embeddable":true,"href":"https:\/\/historiografija.hr\/index.php?rest_route=\/wp\/v2\/media\/40701"}],"wp:attachment":[{"href":"https:\/\/historiografija.hr\/index.php?rest_route=%2Fwp%2Fv2%2Fmedia&parent=40700"}],"wp:term":[{"taxonomy":"category","embeddable":true,"href":"https:\/\/historiografija.hr\/index.php?rest_route=%2Fwp%2Fv2%2Fcategories&post=40700"},{"taxonomy":"post_tag","embeddable":true,"href":"https:\/\/historiografija.hr\/index.php?rest_route=%2Fwp%2Fv2%2Ftags&post=40700"}],"curies":[{"name":"wp","href":"https:\/\/api.w.org\/{rel}","templated":true}]}}