{"id":40687,"date":"2024-05-03T19:47:59","date_gmt":"2024-05-03T19:47:59","guid":{"rendered":"http:\/\/historiografija.hr\/?p=40687"},"modified":"2024-05-03T19:49:28","modified_gmt":"2024-05-03T19:49:28","slug":"medunarodna-konferencija-ustav-sfrj-iz-1974-godine-pet-decenija-kasnije","status":"publish","type":"post","link":"https:\/\/historiografija.hr\/?p=40687","title":{"rendered":"Me\u0111unarodna konferencija \u201eUstav SFRJ iz 1974. godine \u2013 pet decenija kasnije\u201c"},"content":{"rendered":"\n<p>Istorijski institut Univerziteta Crne Gore organizirao je u Podgorici 24. IV. 2024. me\u0111unarodnu konferenciju &#8220;Ustav SFRJ iz 1974. godine &#8211; pet decenija kasnije&#8221;.<\/p>\n\n\n\n<hr class=\"wp-block-separator\"\/>\n\n\n\n<p>\u201ePitanja na koje \u0107e ova me\u0111unarodna konferencija sa nau\u010dnog aspekta te\u017eiti da odgovori jesu zna\u010daj Ustava SFRJ 1974. godine, posljedice, decentralizacija SFRJ, ekonomska i politi\u010dka nezavisnost republika i pokrajina; osnov za disoluciju zajedni\u010dke dr\u017eave, etatizam, kontroverze, pravne tekovine; dru\u0161tvene, politi\u010dke i ekonomske prilike u deceniji dono\u0161enja ustava te uticaj Ustava na osnivanje i razvoj institucija u tada\u0161njoj SR Crnoj Gori.\u201c<\/p>\n\n\n\n<hr class=\"wp-block-separator\"\/>\n\n\n\n<p>Op\u0161irnije:<\/p>\n\n\n\n<p><a href=\"https:\/\/www.ucg.ac.me\/objava\/blog\/1299\/objava\/177961-medunarodna-konferencija-ustav-sfrj-iz-1974-godine-pet-decenija-kasnije\">https:\/\/www.ucg.ac.me\/objava\/blog\/1299\/objava\/177961-medunarodna-konferencija-ustav-sfrj-iz-1974-godine-pet-decenija-kasnije<\/a><\/p>\n\n\n\n<hr class=\"wp-block-separator\"\/>\n","protected":false},"excerpt":{"rendered":"","protected":false},"author":2,"featured_media":40688,"comment_status":"open","ping_status":"open","sticky":false,"template":"","format":"standard","meta":{"_acf_changed":false,"jetpack_post_was_ever_published":false,"_jetpack_newsletter_access":"","_jetpack_dont_email_post_to_subs":false,"_jetpack_newsletter_tier_id":0,"_jetpack_memberships_contains_paywalled_content":false,"_jetpack_memberships_contains_paid_content":false,"footnotes":"","jetpack_publicize_message":"","jetpack_publicize_feature_enabled":true,"jetpack_social_post_already_shared":true,"jetpack_social_options":{"image_generator_settings":{"template":"highway","default_image_id":0,"font":"","enabled":false},"version":2}},"categories":[3,9],"tags":[],"class_list":["post-40687","post","type-post","status-publish","format-standard","has-post-thumbnail","hentry","category-novosti","category-skupovi"],"acf":{"facebook_opis":""},"jetpack_publicize_connections":[],"jetpack_featured_media_url":"https:\/\/i0.wp.com\/historiografija.hr\/wp-content\/uploads\/2024\/05\/konferencija_CG.jpg?fit=968%2C663&ssl=1","jetpack_sharing_enabled":true,"jetpack-related-posts":[],"_links":{"self":[{"href":"https:\/\/historiografija.hr\/index.php?rest_route=\/wp\/v2\/posts\/40687","targetHints":{"allow":["GET"]}}],"collection":[{"href":"https:\/\/historiografija.hr\/index.php?rest_route=\/wp\/v2\/posts"}],"about":[{"href":"https:\/\/historiografija.hr\/index.php?rest_route=\/wp\/v2\/types\/post"}],"author":[{"embeddable":true,"href":"https:\/\/historiografija.hr\/index.php?rest_route=\/wp\/v2\/users\/2"}],"replies":[{"embeddable":true,"href":"https:\/\/historiografija.hr\/index.php?rest_route=%2Fwp%2Fv2%2Fcomments&post=40687"}],"version-history":[{"count":2,"href":"https:\/\/historiografija.hr\/index.php?rest_route=\/wp\/v2\/posts\/40687\/revisions"}],"predecessor-version":[{"id":40690,"href":"https:\/\/historiografija.hr\/index.php?rest_route=\/wp\/v2\/posts\/40687\/revisions\/40690"}],"wp:featuredmedia":[{"embeddable":true,"href":"https:\/\/historiografija.hr\/index.php?rest_route=\/wp\/v2\/media\/40688"}],"wp:attachment":[{"href":"https:\/\/historiografija.hr\/index.php?rest_route=%2Fwp%2Fv2%2Fmedia&parent=40687"}],"wp:term":[{"taxonomy":"category","embeddable":true,"href":"https:\/\/historiografija.hr\/index.php?rest_route=%2Fwp%2Fv2%2Fcategories&post=40687"},{"taxonomy":"post_tag","embeddable":true,"href":"https:\/\/historiografija.hr\/index.php?rest_route=%2Fwp%2Fv2%2Ftags&post=40687"}],"curies":[{"name":"wp","href":"https:\/\/api.w.org\/{rel}","templated":true}]}}