{"id":40670,"date":"2024-05-02T20:30:02","date_gmt":"2024-05-02T20:30:02","guid":{"rendered":"http:\/\/historiografija.hr\/?p=40670"},"modified":"2024-05-02T20:31:10","modified_gmt":"2024-05-02T20:31:10","slug":"izlozba-iz-albuma-sjecanja-1941-1945","status":"publish","type":"post","link":"https:\/\/historiografija.hr\/?p=40670","title":{"rendered":"Izlo\u017eba \u201eIz albuma sje\u0107anja (1941.-1945.)\u201c"},"content":{"rendered":"\n<p>U petak 3. svibnja 2024. u 10.30 sati, povodom Dana oslobo\u0111enja Kastva i Kastav\u0161tine od fa\u0161isti\u010dke i nacisti\u010dke okupacije, u Muzejskoj zbirci Kastav\u0161tine bit \u0107e otvorena izlo\u017eba \u201eIz albuma sje\u0107anja (1941.-1945.)\u201c autora Marka Badurine i Matee Pli\u0161i\u0107. Organizatori izlo\u017ebe su Pomorski i povijesni muzej Hrvatskog primorja Rijeka i UABA Grada Kastva.<\/p>\n\n\n\n<p>Na izlo\u017ebi \u0107e biti prikazane fotografije koje tematiziraju doga\u0111anja u Kastav\u0161tini i Istri u vrijeme Drugoga svjetskog rata.<\/p>\n\n\n\n<p>Nakon Travanjskog rata 1941. Kastavci se aktivno uklju\u010duju u pokret otpora \u017eele\u0107i odagnati fa\u0161isti\u010dku vlast s Kastav\u0161tine. Prolaze trnovit put, borave\u0107i u partizanskim logorima suo\u010deni s oskudicom, hladno\u0107om i te\u0161kim borbama u fa\u0161isti\u010dkim napadima. Stanovni\u0161tvo koje ostaje u Kastav\u0161tini organizira prikupljanje i dopremanje hrane i oru\u017eja kako bi se mogle pokrenuti akcije pokreta otpora. Fa\u0161isti\u010dka represija nastoji sve te akcije uni\u0161titi, a za odmazdu internira \u017eene i djecu u logore na podru\u010dje Italije. Tragi\u010dan doga\u0111aj koji se tada usjekao u pam\u0107enje Kastavaca bilo je strijeljanje dvanestorice mladi\u0107a pod Banovim kri\u017eem 6. lipnja 1942., u znak odmazde i odlaska pojedinih \u010dlanova njihovih obitelji u partizane.<\/p>\n\n\n\n<p>Ni\u0161ta od navedenog nije moglo slomiti otpor i \u017eelju Kastavaca, koji odlaze u partizanske logore Tuhobi\u0107 i Zvir. Nakon jednog od fa\u0161isti\u010dkih napada na logor Zvir, pre\u017eivjeli borci pridru\u017euju se logoru na Crnom vrhu gdje je u velja\u010di osnovana Su\u0161a\u010dko-kastavska \u010deta.<\/p>\n\n\n\n<p>Nakon kapitulacije fa\u0161isti\u010dke Italije u rujnu 1943. dolaze nacisti i partizanske borbe postaju sve te\u017ee. Represija raste, a stanovni\u0161tvo biva odvo\u0111eno u koncentracijske logore. Na zavr\u0161etku rata, Kastav\u0161tina je zabilje\u017eila 140 poginulih partizana, od 415 pripadnika, i 63 \u017ertve fa\u0161isti\u010dkog terora. Oko 900 stanovnika bilo je odvedeno u logore, a mnogi od njih nisu se nikada vratili.<\/p>\n\n\n\n<p>Do oslobo\u0111enja Kastva do\u0161lo je 3. svibnja 1945., kada 6. brigada i dio 5. brigade 19. divizije IV. narodnooslobodila\u010dke armije ulazi u Kastav.<\/p>\n\n\n\n<hr class=\"wp-block-separator\"\/>\n\n\n\n<p>Izvor:<\/p>\n\n\n\n<p><a href=\"https:\/\/mdc.hr\/\">https:\/\/mdc.hr\/<\/a><\/p>\n\n\n\n<hr class=\"wp-block-separator\"\/>\n","protected":false},"excerpt":{"rendered":"","protected":false},"author":2,"featured_media":40671,"comment_status":"open","ping_status":"open","sticky":false,"template":"","format":"standard","meta":{"_acf_changed":false,"jetpack_post_was_ever_published":false,"_jetpack_newsletter_access":"","_jetpack_dont_email_post_to_subs":false,"_jetpack_newsletter_tier_id":0,"_jetpack_memberships_contains_paywalled_content":false,"_jetpack_memberships_contains_paid_content":false,"footnotes":"","jetpack_publicize_message":"","jetpack_publicize_feature_enabled":true,"jetpack_social_post_already_shared":true,"jetpack_social_options":{"image_generator_settings":{"template":"highway","default_image_id":0,"font":"","enabled":false},"version":2}},"categories":[10,3],"tags":[],"class_list":["post-40670","post","type-post","status-publish","format-standard","has-post-thumbnail","hentry","category-izlozbe","category-novosti"],"acf":{"facebook_opis":""},"jetpack_publicize_connections":[],"jetpack_featured_media_url":"https:\/\/i0.wp.com\/historiografija.hr\/wp-content\/uploads\/2024\/05\/pozivnica-MZK.jpg?fit=650%2C309&ssl=1","jetpack_sharing_enabled":true,"jetpack-related-posts":[],"_links":{"self":[{"href":"https:\/\/historiografija.hr\/index.php?rest_route=\/wp\/v2\/posts\/40670","targetHints":{"allow":["GET"]}}],"collection":[{"href":"https:\/\/historiografija.hr\/index.php?rest_route=\/wp\/v2\/posts"}],"about":[{"href":"https:\/\/historiografija.hr\/index.php?rest_route=\/wp\/v2\/types\/post"}],"author":[{"embeddable":true,"href":"https:\/\/historiografija.hr\/index.php?rest_route=\/wp\/v2\/users\/2"}],"replies":[{"embeddable":true,"href":"https:\/\/historiografija.hr\/index.php?rest_route=%2Fwp%2Fv2%2Fcomments&post=40670"}],"version-history":[{"count":2,"href":"https:\/\/historiografija.hr\/index.php?rest_route=\/wp\/v2\/posts\/40670\/revisions"}],"predecessor-version":[{"id":40673,"href":"https:\/\/historiografija.hr\/index.php?rest_route=\/wp\/v2\/posts\/40670\/revisions\/40673"}],"wp:featuredmedia":[{"embeddable":true,"href":"https:\/\/historiografija.hr\/index.php?rest_route=\/wp\/v2\/media\/40671"}],"wp:attachment":[{"href":"https:\/\/historiografija.hr\/index.php?rest_route=%2Fwp%2Fv2%2Fmedia&parent=40670"}],"wp:term":[{"taxonomy":"category","embeddable":true,"href":"https:\/\/historiografija.hr\/index.php?rest_route=%2Fwp%2Fv2%2Fcategories&post=40670"},{"taxonomy":"post_tag","embeddable":true,"href":"https:\/\/historiografija.hr\/index.php?rest_route=%2Fwp%2Fv2%2Ftags&post=40670"}],"curies":[{"name":"wp","href":"https:\/\/api.w.org\/{rel}","templated":true}]}}