{"id":40659,"date":"2024-05-02T20:08:41","date_gmt":"2024-05-02T20:08:41","guid":{"rendered":"http:\/\/historiografija.hr\/?p=40659"},"modified":"2024-11-16T00:37:02","modified_gmt":"2024-11-16T00:37:02","slug":"iz-literature-s-povodom-ivo-pilar-1898-prosla-su-vremena-kad-su-se-djela-hvalila-jer-su-pisana-u-rodoljubnom-duhu","status":"publish","type":"post","link":"https:\/\/historiografija.hr\/?p=40659","title":{"rendered":"Iz literature s povodom \u2013 Ivo Pilar (1898): Pro\u0161la su vremena kad su se djela hvalila jer su pisana u rodoljubnom duhu"},"content":{"rendered":"\n<p>\u201eTo zna\u010di, prvo: da su kod nas pro\u0161la vremena, kad su se hvalila djela ve\u0107 za to, \u0161to su pisana u rodoljubnom duhu ili ih je pisao rodoljub, \u2013 bez obzira na njihovu umjetni\u010dku vrijednost. Danas je u tom pogledu bolje. Danas tra\u017ei na\u0161e op\u0107instvo djela prave umjetni\u010dke vrijednosti, a prosudjuje ih svjetskim mjerilom. To je samo posljedica uvjerenja, da je na\u0161 narodni opstanak na svaki na\u010din osiguran.\u201c<\/p>\n\n\n\n<hr class=\"wp-block-separator\"\/>\n\n\n\n<p>Ivo Pilar, <em>Secesija: studija o modernoj umjetnosti<\/em>, Zagreb 1898, str. 42.<\/p>\n\n\n\n<hr class=\"wp-block-separator\"\/>\n\n\n\n<p><a href=\"https:\/\/digitalna.nsk.hr\/?pr=i&amp;id=10174\">https:\/\/digitalna.nsk.hr\/?pr=i&amp;id=10174<\/a><\/p>\n\n\n\n<hr class=\"wp-block-separator\"\/>\n","protected":false},"excerpt":{"rendered":"","protected":false},"author":2,"featured_media":40660,"comment_status":"open","ping_status":"open","sticky":false,"template":"","format":"standard","meta":{"_acf_changed":false,"jetpack_post_was_ever_published":false,"_jetpack_newsletter_access":"","_jetpack_dont_email_post_to_subs":false,"_jetpack_newsletter_tier_id":0,"_jetpack_memberships_contains_paywalled_content":false,"_jetpack_memberships_contains_paid_content":false,"footnotes":"","jetpack_publicize_message":"","jetpack_publicize_feature_enabled":true,"jetpack_social_post_already_shared":true,"jetpack_social_options":{"image_generator_settings":{"template":"highway","default_image_id":0,"font":"","enabled":false},"version":2}},"categories":[3,11],"tags":[],"class_list":["post-40659","post","type-post","status-publish","format-standard","has-post-thumbnail","hentry","category-novosti","category-rubrike"],"acf":{"facebook_opis":""},"jetpack_publicize_connections":[],"jetpack_featured_media_url":"https:\/\/i0.wp.com\/historiografija.hr\/wp-content\/uploads\/2024\/05\/Secesija.jpg?fit=320%2C500&ssl=1","jetpack_sharing_enabled":true,"jetpack-related-posts":[],"_links":{"self":[{"href":"https:\/\/historiografija.hr\/index.php?rest_route=\/wp\/v2\/posts\/40659","targetHints":{"allow":["GET"]}}],"collection":[{"href":"https:\/\/historiografija.hr\/index.php?rest_route=\/wp\/v2\/posts"}],"about":[{"href":"https:\/\/historiografija.hr\/index.php?rest_route=\/wp\/v2\/types\/post"}],"author":[{"embeddable":true,"href":"https:\/\/historiografija.hr\/index.php?rest_route=\/wp\/v2\/users\/2"}],"replies":[{"embeddable":true,"href":"https:\/\/historiografija.hr\/index.php?rest_route=%2Fwp%2Fv2%2Fcomments&post=40659"}],"version-history":[{"count":2,"href":"https:\/\/historiografija.hr\/index.php?rest_route=\/wp\/v2\/posts\/40659\/revisions"}],"predecessor-version":[{"id":43363,"href":"https:\/\/historiografija.hr\/index.php?rest_route=\/wp\/v2\/posts\/40659\/revisions\/43363"}],"wp:featuredmedia":[{"embeddable":true,"href":"https:\/\/historiografija.hr\/index.php?rest_route=\/wp\/v2\/media\/40660"}],"wp:attachment":[{"href":"https:\/\/historiografija.hr\/index.php?rest_route=%2Fwp%2Fv2%2Fmedia&parent=40659"}],"wp:term":[{"taxonomy":"category","embeddable":true,"href":"https:\/\/historiografija.hr\/index.php?rest_route=%2Fwp%2Fv2%2Fcategories&post=40659"},{"taxonomy":"post_tag","embeddable":true,"href":"https:\/\/historiografija.hr\/index.php?rest_route=%2Fwp%2Fv2%2Ftags&post=40659"}],"curies":[{"name":"wp","href":"https:\/\/api.w.org\/{rel}","templated":true}]}}