{"id":40644,"date":"2024-04-30T18:45:11","date_gmt":"2024-04-30T18:45:11","guid":{"rendered":"http:\/\/historiografija.hr\/?p=40644"},"modified":"2024-04-30T18:46:07","modified_gmt":"2024-04-30T18:46:07","slug":"herfried-munkler-marks-vagner-nice-svet-na-prekretnici","status":"publish","type":"post","link":"https:\/\/historiografija.hr\/?p=40644","title":{"rendered":"Herfried M\u00fcnkler, \u201eMARKS, VAGNER, NI\u010cE. Svet na prekretnici\u201c"},"content":{"rendered":"\n<p>Marks, Vagner, Ni\u010de \u2013 ta tri mislioca duboko su uticala na XIX kao i na XX vek. Kao savremenici odnosili su se razli\u010dito jedan prema drugom: po\u0161tovali su se, izra\u017eavali odbojnost ili se me\u0111usobno ignorisali, ali su oblikovali vreme enormne nau\u010dne raznolikosti i dru\u0161tvene dinamike. Njihovi antagonizmi i protivre\u010dnosti vode nas u srce nema\u010dkog razvoja. Herfrid Minkler prati ta tri fascinantna lika i time evocira \u010ditavu epohu. Prikazuje zaprepa\u0161\u0107uju\u0107e paralele u \u017eivotima Marksa i Vagnera: u\u010de\u0161\u0107e u revoluciji 1848, beg, progon i egzil, mnogi virusi, a onda i stvaranje zna\u010dajnog dela, obrazovanje brojnog sledbeni\u0161tva i velika odgovornost za ono \u0161to je to sledbeni\u0161tvo na\u010dinilo od njihovih projekata. Ni\u010de je ne\u0161to mla\u0111i, i predstavlja filozofski doga\u0111aj koji \u0107e poput Marksa oblikovati generacije. Sva trojica su razorila konvencije gra\u0111anskog sveta, stvorili su ne\u0161to novo \u2013 \u0161to \u0107e onda postati druga\u010dija, neo\u010dekivana stvarnost. Toliko obe\u0107avaju\u0107i, bogati nema\u010dki XIX vek pre\u0107i \u0107e u doba ekstrema, politi\u010dkih katastrofa. Podsticajna knjiga o tri velika mislioca, o signaturama modernog sveta i ne na poslednjem mestu, o mentalitetu Nemaca.<\/p>\n\n\n\n<hr class=\"wp-block-separator\"\/>\n\n\n\n<p><strong>Herfrid Minkler<\/strong> (Herfried M\u00fcnkler, 1951), profesor je emeritus politi\u010dkih nauka na Humboltovom univerzitetu u Berlinu. Najzna\u010dajnije knjige: <em>Die Deutschen und ihre Mythen<\/em>, 2009 (<em>Nemci i njihovi mitovi<\/em>), oven\u010dana Nagradom Lajpci\u0161kog sajma knjiga; <em>Der Gro\u00dfe Krieg<\/em>, 2013 (<em>Veliki rat); Die neuen Deutschen<\/em>, 2016 (<em>Novi Nemci<\/em>)<em>; Der Drei\u00dfigj\u00e4hrige Krieg<\/em>, 2017 (<em>Tridesetogodi\u0161nji rat<\/em>); <em>Marx, Wagner, Nietzsche<\/em>, 2021 (<em>Marks, Vagner, Ni\u010de<\/em>). Sve one su mesecima stajale na \u0160piglovoj listi najbolje prodavanih knjiga. Herfrid Minkler je vi\u0161e puta nagra\u0111en, izme\u0111u ostalog, nau\u010dnom nagradom Fondacije \u201eAby-Warburg\u201c i stipendijom Fondacije \u201eCarl Friedrich von Siemens\u201c.<\/p>\n\n\n\n<hr class=\"wp-block-separator\"\/>\n\n\n\n<p>Pismo: latinica<\/p>\n\n\n\n<p>Godina izdanja: 2023<\/p>\n\n\n\n<p>Broj stranica: 584 str.<\/p>\n\n\n\n<hr class=\"wp-block-separator\"\/>\n\n\n\n<p>Pro\u010ditaj odlomak:<\/p>\n\n\n\n<p><a href=\"https:\/\/akademskaknjiga.com\/katalog\/marks-vagner-nice-svet-na-prekretnici\">https:\/\/akademskaknjiga.com\/katalog\/marks-vagner-nice-svet-na-prekretnici<\/a><\/p>\n\n\n\n<hr class=\"wp-block-separator\"\/>\n","protected":false},"excerpt":{"rendered":"","protected":false},"author":2,"featured_media":40645,"comment_status":"open","ping_status":"open","sticky":false,"template":"","format":"standard","meta":{"_acf_changed":false,"jetpack_post_was_ever_published":false,"_jetpack_newsletter_access":"","_jetpack_dont_email_post_to_subs":false,"_jetpack_newsletter_tier_id":0,"_jetpack_memberships_contains_paywalled_content":false,"_jetpack_memberships_contains_paid_content":false,"footnotes":"","jetpack_publicize_message":"","jetpack_publicize_feature_enabled":true,"jetpack_social_post_already_shared":true,"jetpack_social_options":{"image_generator_settings":{"template":"highway","default_image_id":0,"font":"","enabled":false},"version":2}},"categories":[8,3],"tags":[],"class_list":["post-40644","post","type-post","status-publish","format-standard","has-post-thumbnail","hentry","category-knjige","category-novosti"],"acf":{"facebook_opis":""},"jetpack_publicize_connections":[],"jetpack_featured_media_url":"https:\/\/i0.wp.com\/historiografija.hr\/wp-content\/uploads\/2024\/04\/marks-vagner-nice.png?fit=600%2C900&ssl=1","jetpack_sharing_enabled":true,"jetpack-related-posts":[],"_links":{"self":[{"href":"https:\/\/historiografija.hr\/index.php?rest_route=\/wp\/v2\/posts\/40644","targetHints":{"allow":["GET"]}}],"collection":[{"href":"https:\/\/historiografija.hr\/index.php?rest_route=\/wp\/v2\/posts"}],"about":[{"href":"https:\/\/historiografija.hr\/index.php?rest_route=\/wp\/v2\/types\/post"}],"author":[{"embeddable":true,"href":"https:\/\/historiografija.hr\/index.php?rest_route=\/wp\/v2\/users\/2"}],"replies":[{"embeddable":true,"href":"https:\/\/historiografija.hr\/index.php?rest_route=%2Fwp%2Fv2%2Fcomments&post=40644"}],"version-history":[{"count":2,"href":"https:\/\/historiografija.hr\/index.php?rest_route=\/wp\/v2\/posts\/40644\/revisions"}],"predecessor-version":[{"id":40647,"href":"https:\/\/historiografija.hr\/index.php?rest_route=\/wp\/v2\/posts\/40644\/revisions\/40647"}],"wp:featuredmedia":[{"embeddable":true,"href":"https:\/\/historiografija.hr\/index.php?rest_route=\/wp\/v2\/media\/40645"}],"wp:attachment":[{"href":"https:\/\/historiografija.hr\/index.php?rest_route=%2Fwp%2Fv2%2Fmedia&parent=40644"}],"wp:term":[{"taxonomy":"category","embeddable":true,"href":"https:\/\/historiografija.hr\/index.php?rest_route=%2Fwp%2Fv2%2Fcategories&post=40644"},{"taxonomy":"post_tag","embeddable":true,"href":"https:\/\/historiografija.hr\/index.php?rest_route=%2Fwp%2Fv2%2Ftags&post=40644"}],"curies":[{"name":"wp","href":"https:\/\/api.w.org\/{rel}","templated":true}]}}