{"id":40629,"date":"2024-04-29T17:47:19","date_gmt":"2024-04-29T17:47:19","guid":{"rendered":"http:\/\/historiografija.hr\/?p=40629"},"modified":"2024-04-29T17:48:33","modified_gmt":"2024-04-29T17:48:33","slug":"poziv-za-sudjelovanje-na-medunarodnom-znanstvenom-skupu-antifasizam-izmedu-memorije-i-zaborava-povodom-80-godina-od-prvog-zasjedanja-asnom-a","status":"publish","type":"post","link":"https:\/\/historiografija.hr\/?p=40629","title":{"rendered":"Poziv za sudjelovanje na me\u0111unarodnom znanstvenom skupu &#8220;Antifa\u0161izam izme\u0111u memorije i zaborava (povodom 80 godina od Prvog zasjedanja ASNOM-a)&#8221;"},"content":{"rendered":"\n<p>Mjesto i datum odr\u017eavanja znanstvenog skupa: Skoplje, 13. &#8211; 15. studenog 2024.<\/p>\n\n\n\n<p>Suorganizatori skupa: Institut za nacionalnu povijest, Sveu\u010dili\u0161te Sv. \u0106irila i Metoda u Skoplju i Makedonska akademija znanosti i umjetnosti.<\/p>\n\n\n\n<hr class=\"wp-block-separator\"\/>\n\n\n\n<div class=\"wp-block-file\"><a href=\"https:\/\/historiografija.hr\/wp-content\/uploads\/2024\/04\/INI-MANU-Call-for-Papers.pdf\">INI-MANU-Call-for-Papers<\/a><a href=\"https:\/\/historiografija.hr\/wp-content\/uploads\/2024\/04\/INI-MANU-Call-for-Papers.pdf\" class=\"wp-block-file__button\" download>Preuzmi<\/a><\/div>\n\n\n\n<div class=\"wp-block-file\"><a href=\"https:\/\/historiografija.hr\/wp-content\/uploads\/2024\/04\/INI-MANU-Pokana-Naucen-sobir-80-godini-ASNOM.pdf\">INI-MANU-Pokana-Naucen-sobir-80-godini-ASNOM<\/a><a href=\"https:\/\/historiografija.hr\/wp-content\/uploads\/2024\/04\/INI-MANU-Pokana-Naucen-sobir-80-godini-ASNOM.pdf\" class=\"wp-block-file__button\" download>Preuzmi<\/a><\/div>\n\n\n\n<hr class=\"wp-block-separator\"\/>\n","protected":false},"excerpt":{"rendered":"","protected":false},"author":2,"featured_media":40632,"comment_status":"open","ping_status":"open","sticky":false,"template":"","format":"standard","meta":{"_acf_changed":false,"jetpack_post_was_ever_published":false,"_jetpack_newsletter_access":"","_jetpack_dont_email_post_to_subs":false,"_jetpack_newsletter_tier_id":0,"_jetpack_memberships_contains_paywalled_content":false,"_jetpack_memberships_contains_paid_content":false,"footnotes":"","jetpack_publicize_message":"","jetpack_publicize_feature_enabled":true,"jetpack_social_post_already_shared":true,"jetpack_social_options":{"image_generator_settings":{"template":"highway","default_image_id":0,"font":"","enabled":false},"version":2}},"categories":[3,9],"tags":[],"class_list":["post-40629","post","type-post","status-publish","format-standard","has-post-thumbnail","hentry","category-novosti","category-skupovi"],"acf":{"facebook_opis":""},"jetpack_publicize_connections":[],"jetpack_featured_media_url":"https:\/\/i0.wp.com\/historiografija.hr\/wp-content\/uploads\/2024\/04\/%D0%9C%D0%90%D0%9D%D0%A3-%D0%9B%D0%BE%D0%B3%D0%BE.png?fit=1200%2C1200&ssl=1","jetpack_sharing_enabled":true,"jetpack-related-posts":[],"_links":{"self":[{"href":"https:\/\/historiografija.hr\/index.php?rest_route=\/wp\/v2\/posts\/40629","targetHints":{"allow":["GET"]}}],"collection":[{"href":"https:\/\/historiografija.hr\/index.php?rest_route=\/wp\/v2\/posts"}],"about":[{"href":"https:\/\/historiografija.hr\/index.php?rest_route=\/wp\/v2\/types\/post"}],"author":[{"embeddable":true,"href":"https:\/\/historiografija.hr\/index.php?rest_route=\/wp\/v2\/users\/2"}],"replies":[{"embeddable":true,"href":"https:\/\/historiografija.hr\/index.php?rest_route=%2Fwp%2Fv2%2Fcomments&post=40629"}],"version-history":[{"count":2,"href":"https:\/\/historiografija.hr\/index.php?rest_route=\/wp\/v2\/posts\/40629\/revisions"}],"predecessor-version":[{"id":40634,"href":"https:\/\/historiografija.hr\/index.php?rest_route=\/wp\/v2\/posts\/40629\/revisions\/40634"}],"wp:featuredmedia":[{"embeddable":true,"href":"https:\/\/historiografija.hr\/index.php?rest_route=\/wp\/v2\/media\/40632"}],"wp:attachment":[{"href":"https:\/\/historiografija.hr\/index.php?rest_route=%2Fwp%2Fv2%2Fmedia&parent=40629"}],"wp:term":[{"taxonomy":"category","embeddable":true,"href":"https:\/\/historiografija.hr\/index.php?rest_route=%2Fwp%2Fv2%2Fcategories&post=40629"},{"taxonomy":"post_tag","embeddable":true,"href":"https:\/\/historiografija.hr\/index.php?rest_route=%2Fwp%2Fv2%2Ftags&post=40629"}],"curies":[{"name":"wp","href":"https:\/\/api.w.org\/{rel}","templated":true}]}}