{"id":40624,"date":"2024-04-29T17:26:36","date_gmt":"2024-04-29T17:26:36","guid":{"rendered":"http:\/\/historiografija.hr\/?p=40624"},"modified":"2024-04-29T17:28:38","modified_gmt":"2024-04-29T17:28:38","slug":"svecana-sjednica-u-povodu-dana-hazu-i-dodjela-nagrada-hazu","status":"publish","type":"post","link":"https:\/\/historiografija.hr\/?p=40624","title":{"rendered":"Sve\u010dana sjednica u povodu Dana HAZU i dodjela nagrada HAZU"},"content":{"rendered":"\n<p>Hrvatska akademija znanosti i umjetnosti obilje\u017eila je u ponedjeljak 29. travnja u Knji\u017enici HAZU svoj dan i 163. obljetnicu osnutka, a tom su prigodom na sve\u010danoj sjednici dodijeljene i nagrade HAZU za najvi\u0161a znanstvena i umjetni\u010dka dostignu\u0107a u Republici Hrvatskoj u 2023. Dan HAZU slavi se u spomen na 29. travnja 1861. kada je Hrvatski sabor, pod predsjedanjem bana Josipa \u0160ok\u010devi\u0107a, na prijedlog biskupa Josipa Jurja Strossmayera, donio odluku o osnutku Akademije.<\/p>\n\n\n\n<p>Predsjednik HAZU <strong>akademik Velimir Neidhardt<\/strong> u svom je govoru istaknuo da se proslava Dana HAZU ove godine odr\u017eava u Knji\u017enici HAZU jer se pala\u010da HAZU i jo\u0161 sedam akademijinih zgrada trenutno obnavlja od posljedica potresa 2020. Podsjetio je da se upravo ove godine navr\u0161ava 140. godi\u0161njica zgrade Knji\u017enice HAZU, koja je 1884. sagra\u0111ena kao Kemijski laboratorij, prema projektu Hermanna Bollea, a na inicijativu Gustava Jane\u010deka, utemeljitelja moderne hrvatske kemije, kasnijeg predsjednika Akademije. Odlukom Vlade Republike Hrvatske vlasni\u0161tvo nad zgradom 1997. je preneseno je na Hrvatsku akademiju na temelju zamjene Akademijina zemlji\u0161ta za potrebe podizanja novoga kompleksa PMF-a na zagreba\u010dkom Horvatovcu, a 2001. pristupilo se njezinu ure\u0111enju prema projektu \u010diji su autori akademici Miroslav Begovi\u0107, Ante Vulin i Velimir Neidhardt te je prije 15. godina, 29. travnja 2009., sve\u010dano otvorena novoure\u0111ena zgrada Knji\u017enice HAZU.<\/p>\n\n\n\n<p>\u201eNadajmo se da \u0107emo sljede\u0107e godine, o 1100. obljetnici stvaranja Hrvatskoga Kraljevstva, ponovno slaviti ovaj Dan Akademije u atriju na\u0161e obnovljene neorenesansne pala\u010de\u201c, rekao je akademik Neidhardt koji se ukratko osvrnuo na djelovanje Akademije od osnutka do danas.<\/p>\n\n\n\n<p>\u201eOd 1861. pa sve do danas Akademija pridonosi razvoju hrvatske znanosti, umjetnosti i kulture te razvoju i napretku hrvatskog dru\u0161tva u cjelini promi\u010du\u0107i izvrsnost s diseminacijom najvi\u0161ih dosega hrvatske znanosti i umjetnosti u domovini i svijetu. U poslanju Hrvatske akademije jest promicati jedinstvo, bez podjela njezinih gra\u0111ana po bilo kojoj osnovi, prema potrebnom napretku u svim podru\u010djima \u017eivota, posebno na hrvatskom etni\u010dkom prostoru. Za nas u Hrvatskoj akademiji postoji samo jedna Hrvatska.<\/p>\n\n\n\n<p>Akademijino slu\u017eenje razvoju i boljitku Hrvatske zahvaljujemo prije svega dru\u0161tveno priznatom stvarala\u010dkom i moralnom autoritetu njezinih \u010dlanova, nekad i danas. Kao 18. Akademijin predsjednik \u017eelim odati duboku zahvalnost generacijama na\u0161ih \u010dlanova, velikana hrvatske znanosti, umjetnosti i kulture, koji su gradili na\u0161u Akademiju, a ujedno i hrvatski nacionalni identitet i dru\u0161tvo svojim djelima, otkrivaju\u0107i hrvatsku znanost i umjetnost Europi i svijetu.\u201c, rekao je akademik Neidhardt. Iznio je podatke da HAZU danas ima 121 redovitog \u010dlana, 104 dopisna \u010dlana sa svih strana svijeta i 73 \u010dlana suradnika. Akademija ima i 223 zaposlenika, me\u0111u njima 86 doktora znanosti. Svi oni djeluju u Zagrebu i u jo\u0161 16 hrvatskih gradova, u 27 Akademijinih znanstvenoistra\u017eiva\u010dkih zavoda, sedam muzejsko-galerijskih jedinica, u Knji\u017enici i Arhivu Akademije te u Arboretumu u Trstenom.<\/p>\n\n\n\n<p>Proces obnove nije prekinuo uobi\u010dajene djelatnosti Hrvatske akademije, pa je u organizaciji ili pod pokroviteljstvom HAZU u 2023. odr\u017eano 238 doga\u0111anja, od toga 107 znanstvenih skupova, kongresa, simpozija i okruglih stolova, 43 predstavljanja knjiga, manifestacije i konferencije za novinare, 41 predavanje, 16 izlo\u017ebi, 13 sve\u010danosti i dodjela nagrada, jedan koncert, sedam skup\u0161tina i deset komemoracija. Velik broj tih aktivnosti ostvarile su Akademijine jedinice izvan Zagreba koje nisu pogo\u0111ene posljedicama potresa.<\/p>\n\n\n\n<p>U izdanju HAZU u 2023. je objavljena 91 publikacija: 15 knjiga, 29 zbornika radova, 23 sveska \u010dasopisa, \u010detiri kataloga izlo\u017ebi, tri knjige sa\u017eetaka, \u0161est spomenica preminulim akademicima i jedna partitura. Od navedenih izdanja, 66 svezaka Akademija je objavila kao izvr\u0161ni izdava\u010d, a 25 kao suizdava\u010d. Potporom Zaklade Hrvatske akademije znanosti i umjetnosti objavljeno je 49 publikacija, a me\u0111u njima je 19 Akademijinih izdanja.<\/p>\n\n\n\n<p>\u010clanovi HAZU izvan Akademije objavili su jo\u0161 59 knjiga, tako da je, zahvaljuju\u0107i Akademiji i njezinim \u010dlanovima, u 2023. objavljeno ukupno 180 publikacija. Od svog osnutka do kraja 2023. Akademija je objavila ukupno 6901 svezak raznih publikacija.<\/p>\n\n\n\n<p>\u201eU tom razdoblju neprekinutoga rada Akademija je svjedo\u010dila svjetskim dru\u0161tvenim potresima i prolazila kroz niz nametnutih dr\u017eavnih tvorevina, da bi napokon do\u010dekala Republiku Hrvatsku i trajno usvojila hrvatsko ime kao vode\u0107a povijesna institucija u skrbi za hrvatski identitet u procesu formiranja moderne i samosvojne hrvatske nacije\u201c, rekao je akademik Neidhardt koji je dobitnicima uru\u010dio nagrade HAZU.<\/p>\n\n\n\n<p>Nagradu HAZU za podru\u010dje dru\u0161tvenih znanosti dobio je <strong>prof. dr. sc. Ante Ugle\u0161i\u0107<\/strong> za znanstveno djelo <em>U potrazi za Vi\u0161eslavovom krstionicom<\/em>, za podru\u010dje matemati\u010dkih, fizi\u010dkih i kemijskih znanosti nagra\u0111en je <strong>dr. sc. Krunoslav U\u017earevi\u0107 <\/strong>za izuzetne recentne znanstvene doprinose u razvoju metoda i instrumentacije odr\u017eive kemijske sinteze pomo\u0107u mehani\u010dke sile te u mehanokemijskoj i kontroliranoj sintezi nekonvencionalnih poroznih koordinacijskih materijala \u010detvrte generacije kao potentnih katalizatora i spintronskih materijala, za podru\u010dje prirodnih znanosti nagra\u0111ena je <strong>prof. dr. sc. Sanja Faivre<\/strong> za istra\u017eivanja koja su znatno unaprijedila metodologiju kori\u0161tenja algnih vijenaca kao markera morske razine visoke razlu\u010divosti, za podru\u010dje medicinskih znanosti nagra\u0111ena je <strong>izv. prof. dr. sc. Stella Fatovi\u0107-Feren\u010di\u0107<\/strong>, za izvorna znanstvena istra\u017eivanja o znanstveno-stru\u010dnom i kulturno-povijesnom zna\u010denju najstarijeg nacionalnog medicinskog \u010dasopisa <em>Lije\u010dni\u010dki vjesnik<\/em>, objavljena u autorskoj knjizi i znanstvenim \u010dlancima, za podru\u010dje filolo\u0161kih znanosti nagradu je dobio <strong>prof. dr. sc. \u0160ime Demo<\/strong> za znanstvenu cjelinu ozna\u010denu nazivom <em>Studije o latinskoj makaronskoj knji\u017eevnosti<\/em>, koju \u010dine objavljene znanstvene knjige i znanstveni \u010dlanci u razdoblju 2019.\u20132023., za podru\u010dje knji\u017eevnosti nagradu je dobio <strong>Radomir Venturin<\/strong> za zbirku pjesama <em>Za srokom okom i to okomito<\/em>, za podru\u010dje likovnih umjetnosti nagra\u0111ena je <strong>izv. prof. dr. sc. Mara Mari\u0107<\/strong> za znanstvenu monografiju <em>Otok na kojem cvjetaju limuni \u2013 Vrtovi nadvojvode Maksimilijana Habsbur\u0161kog na otoku Lokrumu<\/em>, za podru\u010dje glazbene umjetnosti i muzikologije nagra\u0111en je <strong>red. prof. Sre\u0107ko Bradi\u0107<\/strong> za skladbu <em>Druga simfonija<\/em>, praizvedenu 19. listopada 2023. u Koncertnoj dvorani Vatroslava Lisinskog, a za podru\u010dje tehni\u010dkih znanosti nagra\u0111en je <strong>prof. dr. sc. Marko \u010cana\u0111ija<\/strong> za djelo <em>Termomehani\u010dka sprega u \u010dvrstim tijelima i strukturama<\/em> koje sa\u010dinjavaju knjiga <em>Thermomechanics of Solids and Structures: Physical Mechanisms, Continuum Mechanics, and Applications<\/em> i sedam \u010dlanaka objavljenih u znanstvenim \u010dasopisima u razdoblju 2019. \u2013 2023.<\/p>\n\n\n\n<p>U ime dobitnika nagrada HAZU zahvalila se Stella Fatovi\u0107-Feren\u010di\u0107 koja je kazala da su dobitnici Akademijinog priznanja svjesni \u010dinjenice da njihovi rezultati nisu sigurna niti kona\u010dna mjesta jer je njihovo ostvarenje ovisilo o subjektivnim i objektivnim ograni\u010denjima i uvjetovanostima. \u201eMe\u0111utim, time na\u0161 rad, kao ni onaj na\u0161ih prethodnika, ne prestaje biti trajnim nadahnu\u0107em i izazovom. Njime prodiremo u su\u0161tinu prirode, pronalazimo, propitujemo i bilje\u017eimo njezine zakonitosti otkrivaju\u0107i uvijek ne\u0161to novo, \u010dine\u0107i uvijek korak dalje prema zacrtanim ciljevima. Pritom smo svjesni da u opasnu \u010dinjenicu ovladavanja prirode u korist \u010dovjeka&nbsp; moramo&nbsp; uklju\u010diti punu svijest i veliku odgovornost prije svega o\u010duvanja prirode i to ne u svoju korist ve\u0107 kako bismo osigurali opstanak na\u0161eg planeta.&nbsp; Hrvatska akademija znanosti i umjetnosti, kao ustanova koja obuhva\u0107a i harmonizira vrijednosti koje proizlaze iz znanosti i umjetnosti, ustrajno i kontinuirano pridonosi razvoju takvog svjetonazora. Stoga je priznanje koje dolazi upravo iz ove ustanove trijumf koji nadasve obvezuje te \u0107emo ga kao takvog zauvijek&nbsp; pamtiti\u201c, rekla je Stella Fatovi\u0107-Feren\u010di\u0107.<\/p>\n\n\n\n<p><a href=\"https:\/\/www.info.hazu.hr\/wp-content\/uploads\/2024\/04\/DEPLIJAN-NAGRADE-HAZU-2024.pdf\"><strong>Dobitnici NAGRADE HAZU za najvi\u0161a znanstvena i umjetni\u010dka dostignu\u0107a u Republici Hrvatskoj<\/strong><\/a><\/p>\n\n\n\n<hr class=\"wp-block-separator\"\/>\n\n\n\n<p>Izvori i dodatne obavijesti:<\/p>\n\n\n\n<figure class=\"wp-block-embed-wordpress wp-block-embed is-type-wp-embed is-provider-hazu\"><div class=\"wp-block-embed__wrapper\">\n<blockquote class=\"wp-embedded-content\" data-secret=\"XGfqWFC0F2\"><a href=\"https:\/\/www.info.hazu.hr\/events\/svecana-sjednica-u-povodu-dana-hazu-i-dodjela-nagrada-hazu-2\/\">Sve\u010dana sjednica u povodu Dana HAZU i dodjela nagrada HAZU<\/a><\/blockquote><iframe loading=\"lazy\" class=\"wp-embedded-content\" sandbox=\"allow-scripts\" security=\"restricted\" style=\"position: absolute; clip: rect(1px, 1px, 1px, 1px);\" title=\"&#8220;Sve\u010dana sjednica u povodu Dana HAZU i dodjela nagrada HAZU&#8221; &#8212; HAZU\" src=\"https:\/\/www.info.hazu.hr\/events\/svecana-sjednica-u-povodu-dana-hazu-i-dodjela-nagrada-hazu-2\/embed\/#?secret=XGfqWFC0F2\" data-secret=\"XGfqWFC0F2\" width=\"600\" height=\"338\" frameborder=\"0\" marginwidth=\"0\" marginheight=\"0\" scrolling=\"no\"><\/iframe>\n<\/div><\/figure>\n\n\n\n<figure class=\"wp-block-embed-wordpress wp-block-embed is-type-wp-embed is-provider-hazu\"><div class=\"wp-block-embed__wrapper\">\n<blockquote class=\"wp-embedded-content\" data-secret=\"qMf3VYIko1\"><a href=\"https:\/\/www.info.hazu.hr\/events\/redovita-skupstina-hrvatske-akademije-znanosti-i-umjetnosti\/\">Redovita skup\u0161tina Hrvatske akademije znanosti i umjetnosti<\/a><\/blockquote><iframe loading=\"lazy\" class=\"wp-embedded-content\" sandbox=\"allow-scripts\" security=\"restricted\" style=\"position: absolute; clip: rect(1px, 1px, 1px, 1px);\" title=\"&#8220;Redovita skup\u0161tina Hrvatske akademije znanosti i umjetnosti&#8221; &#8212; HAZU\" src=\"https:\/\/www.info.hazu.hr\/events\/redovita-skupstina-hrvatske-akademije-znanosti-i-umjetnosti\/embed\/#?secret=qMf3VYIko1\" data-secret=\"qMf3VYIko1\" width=\"600\" height=\"338\" frameborder=\"0\" marginwidth=\"0\" marginheight=\"0\" scrolling=\"no\"><\/iframe>\n<\/div><\/figure>\n\n\n\n<hr class=\"wp-block-separator\"\/>\n","protected":false},"excerpt":{"rendered":"","protected":false},"author":2,"featured_media":40627,"comment_status":"open","ping_status":"open","sticky":false,"template":"","format":"standard","meta":{"_acf_changed":false,"jetpack_post_was_ever_published":false,"_jetpack_newsletter_access":"","_jetpack_dont_email_post_to_subs":false,"_jetpack_newsletter_tier_id":0,"_jetpack_memberships_contains_paywalled_content":false,"_jetpack_memberships_contains_paid_content":false,"footnotes":"","jetpack_publicize_message":"","jetpack_publicize_feature_enabled":true,"jetpack_social_post_already_shared":true,"jetpack_social_options":{"image_generator_settings":{"template":"highway","default_image_id":0,"font":"","enabled":false},"version":2}},"categories":[3],"tags":[],"class_list":["post-40624","post","type-post","status-publish","format-standard","has-post-thumbnail","hentry","category-novosti"],"acf":{"facebook_opis":""},"jetpack_publicize_connections":[],"jetpack_featured_media_url":"https:\/\/i0.wp.com\/historiografija.hr\/wp-content\/uploads\/2024\/04\/HAZU_dobitnici.jpg?fit=2048%2C882&ssl=1","jetpack_sharing_enabled":true,"jetpack-related-posts":[{"id":52563,"url":"https:\/\/historiografija.hr\/?p=52563","url_meta":{"origin":40624,"position":0},"title":"Predavanje Nenada Fabijani\u0107a o stadionu Poljud u Splitu","author":"Branimir Jankovi\u0107","date":"21. travnja 2026.","format":false,"excerpt":"Znanstveno vije\u0107e za arhitekturu, urbanizam i ure\u0111enje prostora Hrvatske akademije znanosti i umjetnosti organizira predavanje \u201cPo Poljudu\u201d koje \u0107e u srijedu 22. travnja 2026. s po\u010detkom u 14 sati u Knji\u017enici HAZU, Strossmayerov trg 14 u Zagrebu, odr\u017eati\u00a0prof. emerit. dr. art. Nenad Fabijani\u0107,\u00a0\u010dlan suradnik HAZU. Predavanje \u201ePo Poljudu\u201c (Projekt obnove)\u2026","rel":"","context":"U &quot;Novosti&quot;","block_context":{"text":"Novosti","link":"https:\/\/historiografija.hr\/?cat=3"},"img":{"alt_text":"","src":"https:\/\/i0.wp.com\/historiografija.hr\/wp-content\/uploads\/2026\/04\/Poljud-scaled.jpeg?fit=1200%2C800&ssl=1&resize=350%2C200","width":350,"height":200,"srcset":"https:\/\/i0.wp.com\/historiografija.hr\/wp-content\/uploads\/2026\/04\/Poljud-scaled.jpeg?fit=1200%2C800&ssl=1&resize=350%2C200 1x, https:\/\/i0.wp.com\/historiografija.hr\/wp-content\/uploads\/2026\/04\/Poljud-scaled.jpeg?fit=1200%2C800&ssl=1&resize=525%2C300 1.5x, https:\/\/i0.wp.com\/historiografija.hr\/wp-content\/uploads\/2026\/04\/Poljud-scaled.jpeg?fit=1200%2C800&ssl=1&resize=700%2C400 2x, https:\/\/i0.wp.com\/historiografija.hr\/wp-content\/uploads\/2026\/04\/Poljud-scaled.jpeg?fit=1200%2C800&ssl=1&resize=1050%2C600 3x"},"classes":[]},{"id":52628,"url":"https:\/\/historiografija.hr\/?p=52628","url_meta":{"origin":40624,"position":1},"title":"Predavanje dopisnog \u010dlana HAZU Alaina Finkielkrauta Izrael, Europa, antisemitizam","author":"Branimir Jankovi\u0107","date":"23. travnja 2026.","format":false,"excerpt":"Francuski filozof Alain Finkielkraut, redoviti \u010dlan Francuske akademije i dopisni \u010dlan HAZU, odr\u017eat \u0107e predavanje\u00a0Izrael, Europa, antisemitizam u utorak 28. travnja 2026. u 13 sati u Knji\u017enici HAZU,\u00a0Strossmayerov trg 14 u Zagrebu. Uvodne rije\u010di odr\u017eat \u0107e\u00a0akademkinja \u017deljka \u010corak i\u00a0akademik Dra\u017een Katunari\u0107. Predavanje \u0107e se odr\u017eati na francuskom jeziku uz konsekutivno\u2026","rel":"","context":"U &quot;Novosti&quot;","block_context":{"text":"Novosti","link":"https:\/\/historiografija.hr\/?cat=3"},"img":{"alt_text":"","src":"https:\/\/i0.wp.com\/historiografija.hr\/wp-content\/uploads\/2026\/04\/Alain_Finkielkraut.jpg?fit=350%2C407&ssl=1&resize=350%2C200","width":350,"height":200},"classes":[]},{"id":52646,"url":"https:\/\/historiografija.hr\/?p=52646","url_meta":{"origin":40624,"position":2},"title":"5. MALI FESTIVAL POVIJESTI U LASTOVU","author":"Branimir Jankovi\u0107","date":"24. travnja 2026.","format":false,"excerpt":"Peti Mali festival povijesti odr\u017eava se od 25. do 27. travnja 2026. na Lastovu, u suradnji Zavoda za povijesne znanosti HAZU u Dubrovniku, Op\u0107ine Lastovo i Turisti\u010dke zajednice te uz potporu Dubrova\u010dko-neretvanske \u017eupanije. Predavanja: Dr. sc. Jasna \u010capo \u201eKu\u0107a kao zalog budu\u0107nosti i most izme\u0111u iseljenika i domovine\u201c Dr. sc.\u2026","rel":"","context":"U &quot;Novosti&quot;","block_context":{"text":"Novosti","link":"https:\/\/historiografija.hr\/?cat=3"},"img":{"alt_text":"","src":"https:\/\/i0.wp.com\/historiografija.hr\/wp-content\/uploads\/2026\/04\/Lastovo.jpg?fit=1200%2C700&ssl=1&resize=350%2C200","width":350,"height":200,"srcset":"https:\/\/i0.wp.com\/historiografija.hr\/wp-content\/uploads\/2026\/04\/Lastovo.jpg?fit=1200%2C700&ssl=1&resize=350%2C200 1x, https:\/\/i0.wp.com\/historiografija.hr\/wp-content\/uploads\/2026\/04\/Lastovo.jpg?fit=1200%2C700&ssl=1&resize=525%2C300 1.5x, https:\/\/i0.wp.com\/historiografija.hr\/wp-content\/uploads\/2026\/04\/Lastovo.jpg?fit=1200%2C700&ssl=1&resize=700%2C400 2x, https:\/\/i0.wp.com\/historiografija.hr\/wp-content\/uploads\/2026\/04\/Lastovo.jpg?fit=1200%2C700&ssl=1&resize=1050%2C600 3x"},"classes":[]},{"id":52439,"url":"https:\/\/historiografija.hr\/?p=52439","url_meta":{"origin":40624,"position":3},"title":"Tribina &#8220;Ahmi\u0107i 33 godine kasnije: Ne u na\u0161e ime&#8221;","author":"Branimir Jankovi\u0107","date":"16. travnja 2026.","format":false,"excerpt":"U \u010detvrtak, 16. travnja 2026. u 17 sati u Knji\u017enici i \u010ditaonici Bogdana Ogrizovi\u0107a u Zagrebu odr\u017eat \u0107e se tribina pod nazivom Ahmi\u0107i 33 godine kasnije: Ne u na\u0161e ime. Na tribini \u0107e govoriti Ivica \u0110iki\u0107, novinar, Mubera Masli\u0107 \u2013 \u017ddralovi\u0107, aktivistikinja, prevoditeljica za arapski, Domagoj Fuk, student politologije, \u010dlan\u2026","rel":"","context":"U &quot;Novosti&quot;","block_context":{"text":"Novosti","link":"https:\/\/historiografija.hr\/?cat=3"},"img":{"alt_text":"","src":"https:\/\/i0.wp.com\/historiografija.hr\/wp-content\/uploads\/2026\/04\/Zagreb_2026.jpeg?fit=1200%2C900&ssl=1&resize=350%2C200","width":350,"height":200,"srcset":"https:\/\/i0.wp.com\/historiografija.hr\/wp-content\/uploads\/2026\/04\/Zagreb_2026.jpeg?fit=1200%2C900&ssl=1&resize=350%2C200 1x, https:\/\/i0.wp.com\/historiografija.hr\/wp-content\/uploads\/2026\/04\/Zagreb_2026.jpeg?fit=1200%2C900&ssl=1&resize=525%2C300 1.5x, https:\/\/i0.wp.com\/historiografija.hr\/wp-content\/uploads\/2026\/04\/Zagreb_2026.jpeg?fit=1200%2C900&ssl=1&resize=700%2C400 2x, https:\/\/i0.wp.com\/historiografija.hr\/wp-content\/uploads\/2026\/04\/Zagreb_2026.jpeg?fit=1200%2C900&ssl=1&resize=1050%2C600 3x"},"classes":[]},{"id":52496,"url":"https:\/\/historiografija.hr\/?p=52496","url_meta":{"origin":40624,"position":4},"title":"30 godina Podru\u017enice \u2013 Javno predavanje Matea \u010calu\u0161i\u0107a \u201eSlavonski Brod u Domovinskom ratu\u201c","author":"Branimir Jankovi\u0107","date":"17. travnja 2026.","format":false,"excerpt":"U 2026. navr\u0161ava se trideset godina od osnutka Podru\u017enice za povijest Slavonije, Srijema i Baranje Hrvatskoga instituta za povijest. Obilje\u017eavanje ove zna\u010dajne obljetnice zapo\u010dinje ciklusom javnih povijesnih predavanja znanstvenika Instituta. Tre\u0107e po redu je predavanje Matea \u010calu\u0161i\u0107a \u2013 \u201eSLAVONSKI BROD U DOMOVINSKOM RATU\u201c. Predavanje \u0107e se odr\u017eati 21. travnja 2026.\u2026","rel":"","context":"U &quot;Novosti&quot;","block_context":{"text":"Novosti","link":"https:\/\/historiografija.hr\/?cat=3"},"img":{"alt_text":"","src":"https:\/\/i0.wp.com\/historiografija.hr\/wp-content\/uploads\/2026\/04\/Predavanje-Calusic.png?fit=860%2C1200&ssl=1&resize=350%2C200","width":350,"height":200,"srcset":"https:\/\/i0.wp.com\/historiografija.hr\/wp-content\/uploads\/2026\/04\/Predavanje-Calusic.png?fit=860%2C1200&ssl=1&resize=350%2C200 1x, https:\/\/i0.wp.com\/historiografija.hr\/wp-content\/uploads\/2026\/04\/Predavanje-Calusic.png?fit=860%2C1200&ssl=1&resize=525%2C300 1.5x, https:\/\/i0.wp.com\/historiografija.hr\/wp-content\/uploads\/2026\/04\/Predavanje-Calusic.png?fit=860%2C1200&ssl=1&resize=700%2C400 2x"},"classes":[]},{"id":52616,"url":"https:\/\/historiografija.hr\/?p=52616","url_meta":{"origin":40624,"position":5},"title":"No\u0107 knjige 2026.","author":"Branimir Jankovi\u0107","date":"22. travnja 2026.","format":false,"excerpt":"Slavljeni\u010dka 15. No\u0107 knjige odr\u017eat \u0107e se 23. travnja diljem Hrvatske u povodu Svjetskog dana knjige i autorskih prava te Dana hrvatske knjige. S vi\u0161e od 1.000 prijavljenih programa i akcija s pravom nosi epitet najmasovnije doma\u0107e kulturne manifestacije, a ove \u0107e godine prote\u0107i u znaku mira, razumijevanja, tolerancije, srodnosti\u2026","rel":"","context":"U &quot;Novosti&quot;","block_context":{"text":"Novosti","link":"https:\/\/historiografija.hr\/?cat=3"},"img":{"alt_text":"","src":"https:\/\/i0.wp.com\/historiografija.hr\/wp-content\/uploads\/2026\/04\/noc_knjige_2026.jpg?fit=680%2C276&ssl=1&resize=350%2C200","width":350,"height":200,"srcset":"https:\/\/i0.wp.com\/historiografija.hr\/wp-content\/uploads\/2026\/04\/noc_knjige_2026.jpg?fit=680%2C276&ssl=1&resize=350%2C200 1x, https:\/\/i0.wp.com\/historiografija.hr\/wp-content\/uploads\/2026\/04\/noc_knjige_2026.jpg?fit=680%2C276&ssl=1&resize=525%2C300 1.5x"},"classes":[]}],"_links":{"self":[{"href":"https:\/\/historiografija.hr\/index.php?rest_route=\/wp\/v2\/posts\/40624","targetHints":{"allow":["GET"]}}],"collection":[{"href":"https:\/\/historiografija.hr\/index.php?rest_route=\/wp\/v2\/posts"}],"about":[{"href":"https:\/\/historiografija.hr\/index.php?rest_route=\/wp\/v2\/types\/post"}],"author":[{"embeddable":true,"href":"https:\/\/historiografija.hr\/index.php?rest_route=\/wp\/v2\/users\/2"}],"replies":[{"embeddable":true,"href":"https:\/\/historiografija.hr\/index.php?rest_route=%2Fwp%2Fv2%2Fcomments&post=40624"}],"version-history":[{"count":1,"href":"https:\/\/historiografija.hr\/index.php?rest_route=\/wp\/v2\/posts\/40624\/revisions"}],"predecessor-version":[{"id":40626,"href":"https:\/\/historiografija.hr\/index.php?rest_route=\/wp\/v2\/posts\/40624\/revisions\/40626"}],"wp:featuredmedia":[{"embeddable":true,"href":"https:\/\/historiografija.hr\/index.php?rest_route=\/wp\/v2\/media\/40627"}],"wp:attachment":[{"href":"https:\/\/historiografija.hr\/index.php?rest_route=%2Fwp%2Fv2%2Fmedia&parent=40624"}],"wp:term":[{"taxonomy":"category","embeddable":true,"href":"https:\/\/historiografija.hr\/index.php?rest_route=%2Fwp%2Fv2%2Fcategories&post=40624"},{"taxonomy":"post_tag","embeddable":true,"href":"https:\/\/historiografija.hr\/index.php?rest_route=%2Fwp%2Fv2%2Ftags&post=40624"}],"curies":[{"name":"wp","href":"https:\/\/api.w.org\/{rel}","templated":true}]}}