{"id":40621,"date":"2024-04-29T17:05:51","date_gmt":"2024-04-29T17:05:51","guid":{"rendered":"http:\/\/historiografija.hr\/?p=40621"},"modified":"2024-04-29T17:05:51","modified_gmt":"2024-04-29T17:05:51","slug":"hrvatsko-cesko-drustvo-i-hrvatsko-kulturno-drustvo-napredak-organizirali-predavanje-o-generalu-josipu-filipovicu","status":"publish","type":"post","link":"https:\/\/historiografija.hr\/?p=40621","title":{"rendered":"Hrvatsko-\u010de\u0161ko dru\u0161tvo i Hrvatsko kulturno dru\u0161tvo Napredak organizirali predavanje o generalu Josipu Filipovi\u0107u"},"content":{"rendered":"\n<p>Hrvatsko-\u010de\u0161ko dru\u0161tvo i Hrvatsko kulturno dru\u0161tvo Napredak organizirali su u \u010detvrtak 25. travnja u Napretkovom kulturnom centru u Zagrebu predavanje o hrvatskom generalu Josipu Filipovi\u0107u koji je od 1874. od 1878. te od 1882. do 1889. bio vojni zapovjednik \u010ce\u0161ke, a u povijest je u\u0161ao kao zapovjednik austro-ugarske vojske koja je 1878., temeljem odluke Berlinskog kongresa, zaposjela Bosnu i Hercegovinu i time ju nakon \u010detiri stolje\u0107a oslobodio osmanske vlasti. Predavanje je odr\u017eao Boris Trnski, umirovljeni brigadir Hrvatske vojske i \u010dlan H\u010cD-a, koji se godinama bavi hrvatskom vojnom povije\u0161\u0107u, a najvi\u0161e Hrvatima koji su bili najvi\u0161i \u010dasnici u vojskama Habsbur\u0161ke monarhije, ali i drugih dr\u017eava, posebno onih u \u010dijem sklopu su nekad bile hrvatske zemlje.<\/p>\n\n\n\n<p>Trnski je istaknuo da je Filipovi\u0107 jedan od tri najistaknutija hrvatska \u010dasnika u austro-ugarskoj vojsci, uz feldmar\u0161ala Svetozara Borojevi\u0107a i generala Stjepana Sarkoti\u0107a. Josip Filipovi\u0107 rodio se 1819. u Gospi\u0107u, u li\u010dkoj vojni\u010dkoj obitelji s titulom baruna. \u0160kolovao se u Austriji te slu\u017ebovao u \u010ce\u0161koj i Italiji. Trnski je podrobnije govorio o Filipovi\u0107evom sudjelovanju u pohodu na Ma\u0111arsku 1848\/49., nakon kojeg je 1851, postao potpukovnik i glavni pobo\u010dnik hrvatskog bana Josipa Jela\u010di\u0107a. Od 1853. kao pukovnik bio je zapovjednik Vara\u017edinsko-kri\u017eeva\u010dke grani\u010darske pje\u0161a\u010dke pukovnije. Kao general-bojnik, Filipovi\u0107 je 1859. sudjelovao u ratu protiv Francuske i Pijemonta, a 1866. tijekom rata s Pruskom sudjelovao je u bitkama kod Kuksa, Sadove i Po\u017euna i promaknut u \u010din podmar\u0161ala. Trnski je op\u0161irnije govorio o zaposjedanju BiH 1878. pod Filipovi\u0107evim&nbsp; zapovjedni\u0161tvom. Iako se smatrao da \u0107e ta operacija pro\u0107i bez otpora, budu\u0107i da se osmanska vojska bila povukla, Filipovi\u0107 je morao slamati pobune muslimanskog i pravoslavnog stanovni\u0161tva te je njegova vojska imala 3481 poginulog vojnika. Filipovi\u0107 je imenovan i prvim guvernerom BiH, ali ubrzo je smijenjen zbog ma\u0111arskog pritiska i straha da \u0107e djelovati u hrvatskom interesu. Filipovi\u0107 je 1881. premje\u0161ten na uglednu du\u017enost zapovjednika Be\u010da, ali 1882. na vlastiti je zahtjev ponovno imenovan zapovjednikom \u010ce\u0161ke sa sjedi\u0161tem u Pragu gdje ostaje do smrti 1889. Zanimljivo je da je 1874. Filipovi\u0107 nekoliko mjeseci bio vojni zapovjednik Moravske i \u0160leske sa sjedi\u0161tem u Brnu, a du\u017enost je predao svom bratu generalu Franji Filipovi\u0107u i oti\u0161ao za zapovjednika u Prag pa su tako nekoliko godina dvojica Hrvata, ujedno i ro\u0111ena bra\u0107a, bili na najvi\u0161im vojnim polo\u017eajima u dana\u0161njoj \u010ce\u0161koj.<\/p>\n\n\n\n<p>Predsjednik Hrvatsko-\u010de\u0161kog dru\u0161tva Marijan Lipovac govorio je o Filipovi\u0107evom djelovanju u \u010ce\u0161koj gdje je kao strog, ali pravedan zapovjednik stekao popularnost vojnika jer je poticao upotrebu \u010de\u0161kog jezika kod obuke. Filipovi\u0107 je izlazio ususret gradu Pragu u vezi izgradnje infrastrukture pa je dobio titulu po\u010dasnog gra\u0111anina, a kad je umro pokopan je uz najvi\u0161e po\u010dasti na pra\u0161kom vojnom groblju. Kad je to groblje 1906. ukinuto, Filipovi\u0107 je pokopan na Ol\u0161anskom groblju gdje mu je grob bio nepoznat sve do 2012. kada ga je otkrilo Hrvatsko-\u010de\u0161ko dru\u0161tvo. Grob je u zapu\u0161tenom stanju i trebala bi mu obnova.<\/p>\n\n\n\n<p>U uvodu predavanja Boris Trnski iznio je rezultate svojih istra\u017eivanja prema kojima je u razdoblju od 1804. do 1918. \u010dak 395 osoba s podru\u010dja Hrvatske dobilo generalski ili admiralski \u010din, od \u010dega 379 u vojsci Habsbur\u0161ke monarhije, odnosno Austro-Ugarske, pri \u010demu je Svetozar Borojevi\u0107 dobio najvi\u0161i vojni \u010din feldmar\u0161ala. Osam generala ili admirala iz Hrvatske bilo je u vojsci Ruskog carstva, dva u Napoleonovoj francuskoj vojsci, dva u vojsci revolucionarne Ma\u0111arske 1848. i 1849. te po jedan u vojskama Osmanskog carstva, Venecije, Srbije i Portugala.<\/p>\n\n\n\n<p>Predavanje je odr\u017eano u sklopu ciklusa <em>Iz zajedni\u010dke hrvatsko-\u010de\u0161ke vojne povijesti<\/em> kojim Hrvatsko-\u010de\u0161ko dru\u0161tvo, uz potporu Ministarstva vanjskih i europskih poslova, \u017eeli podsjetiti na zna\u010dajne, ali zanemarene osobe i doga\u0111aje s podru\u010dja vojne povijesti koji povezuju Hrvate i \u010cehe, a time ujedno obilje\u017eiti 15. godi\u0161njicu \u010dlanstva Hrvatske i 25. godi\u0161njicu \u010dlanstva \u010ce\u0161ke u NATO-u.<\/p>\n\n\n\n<p>Marijan Lipovac<\/p>\n\n\n\n<hr class=\"wp-block-separator\"\/>\n\n\n\n<p>Iz medija:<\/p>\n\n\n\n<p><a href=\"https:\/\/mojzagreb.info\/zagreb\/hrvatsko-%C4%8De%C5%A1ko-dru%C5%A1tvo-i-hrvatsko-kulturno-dru%C5%A1tvo-napredak-organizirali-predavanje-o-generalu-josipu-filipovi%C4%87u?fbclid=IwZXh0bgNhZW0CMTAAAR2XP0L14IXpYg-MLA57qsWP-m8z0wNplovstJKzLDu3iU7eH_JDyUKR0WY_aem_AYYZU-0r4ExxdQxrrYQgifu2ksAyILyz5bjo0xPWCCaW4PlE0Hm-GipgYfErxD8PUCdv3EV-pk-yjQXIdJ9BuBTB\">https:\/\/mojzagreb.info\/zagreb\/hrvatsko-%C4%8De%C5%A1ko-dru%C5%A1tvo-i-hrvatsko-kulturno-dru%C5%A1tvo-napredak-organizirali-predavanje-o-generalu-josipu-filipovi%C4%87u<\/a><\/p>\n\n\n\n<hr class=\"wp-block-separator\"\/>\n\n\n\n<p><\/p>\n","protected":false},"excerpt":{"rendered":"","protected":false},"author":2,"featured_media":40622,"comment_status":"open","ping_status":"open","sticky":false,"template":"","format":"standard","meta":{"_acf_changed":false,"jetpack_post_was_ever_published":false,"_jetpack_newsletter_access":"","_jetpack_dont_email_post_to_subs":false,"_jetpack_newsletter_tier_id":0,"_jetpack_memberships_contains_paywalled_content":false,"_jetpack_memberships_contains_paid_content":false,"footnotes":"","jetpack_publicize_message":"","jetpack_publicize_feature_enabled":true,"jetpack_social_post_already_shared":true,"jetpack_social_options":{"image_generator_settings":{"template":"highway","default_image_id":0,"font":"","enabled":false},"version":2}},"categories":[3],"tags":[],"class_list":["post-40621","post","type-post","status-publish","format-standard","has-post-thumbnail","hentry","category-novosti"],"acf":{"facebook_opis":""},"jetpack_publicize_connections":[],"jetpack_featured_media_url":"https:\/\/i0.wp.com\/historiografija.hr\/wp-content\/uploads\/2024\/04\/Predavanje_general.jpg?fit=1200%2C540&ssl=1","jetpack_sharing_enabled":true,"jetpack-related-posts":[{"id":52669,"url":"https:\/\/historiografija.hr\/?p=52669","url_meta":{"origin":40621,"position":0},"title":"Predavanje Igora Dude &#8220;Odmor kao \u017eivotna potreba: o slobodnom vremenu u socijalisti\u010dkoj Jugoslaviji&#8221;","author":"Branimir Jankovi\u0107","date":"27. travnja 2026.","format":false,"excerpt":"U sklopu proljetnog ciklusa programa\u00a0Kriti\u010dka dramaturgija: pauza, u\u00a0subotu, 25. travnja 2026. u 19 sati\u00a0u prostoru Udru\u017eenja hrvatskih arhitekata povjesni\u010dar Igor Duda\u00a0odr\u017eao je predavanje naslovljeno\u00a0Odmor kao \u017eivotna potreba: o slobodnom vremenu u socijalisti\u010dkoj Jugoslaviji. Industrijalizacija i urbanizacija dru\u0161tava u povijesti su zna\u010dile i prelazak s predindustrijskog na industrijsko shva\u0107anje vremena. Ono\u2026","rel":"","context":"U &quot;Novosti&quot;","block_context":{"text":"Novosti","link":"https:\/\/historiografija.hr\/?cat=3"},"img":{"alt_text":"","src":"https:\/\/i0.wp.com\/historiografija.hr\/wp-content\/uploads\/2026\/04\/Duda.png?fit=1200%2C628&ssl=1&resize=350%2C200","width":350,"height":200,"srcset":"https:\/\/i0.wp.com\/historiografija.hr\/wp-content\/uploads\/2026\/04\/Duda.png?fit=1200%2C628&ssl=1&resize=350%2C200 1x, https:\/\/i0.wp.com\/historiografija.hr\/wp-content\/uploads\/2026\/04\/Duda.png?fit=1200%2C628&ssl=1&resize=525%2C300 1.5x, https:\/\/i0.wp.com\/historiografija.hr\/wp-content\/uploads\/2026\/04\/Duda.png?fit=1200%2C628&ssl=1&resize=700%2C400 2x, https:\/\/i0.wp.com\/historiografija.hr\/wp-content\/uploads\/2026\/04\/Duda.png?fit=1200%2C628&ssl=1&resize=1050%2C600 3x"},"classes":[]},{"id":52592,"url":"https:\/\/historiografija.hr\/?p=52592","url_meta":{"origin":40621,"position":1},"title":"Predstavljanje knjige &#8220;Turska ku\u0107a u Rijeci&#8221; u Zagrebu","author":"Branimir Jankovi\u0107","date":"22. travnja 2026.","format":false,"excerpt":"U prostorijama Turskog kulturnog centra Yunus Emre u Zagrebu, u utorak 21. travnja 2026. godine, odr\u017eano je sve\u010dano predstavljanje dopunjenog izdanja knjige Turska ku\u0107a u Rijeci, u organizaciji Hrvatsko-turskog dru\u0161tva Rijeka i partnerstvu sa Skupinom prijateljstva Hrvatska-Turska Hrvatskog sabora, Veleposlanstvom Republike Turske u Republici Hrvatskoj te Turskim kulturnim centrom Yunus\u2026","rel":"","context":"U &quot;Novosti&quot;","block_context":{"text":"Novosti","link":"https:\/\/historiografija.hr\/?cat=3"},"img":{"alt_text":"","src":"https:\/\/i0.wp.com\/historiografija.hr\/wp-content\/uploads\/2026\/04\/Turska-kuca-ZG.jpg?fit=1200%2C800&ssl=1&resize=350%2C200","width":350,"height":200,"srcset":"https:\/\/i0.wp.com\/historiografija.hr\/wp-content\/uploads\/2026\/04\/Turska-kuca-ZG.jpg?fit=1200%2C800&ssl=1&resize=350%2C200 1x, https:\/\/i0.wp.com\/historiografija.hr\/wp-content\/uploads\/2026\/04\/Turska-kuca-ZG.jpg?fit=1200%2C800&ssl=1&resize=525%2C300 1.5x, https:\/\/i0.wp.com\/historiografija.hr\/wp-content\/uploads\/2026\/04\/Turska-kuca-ZG.jpg?fit=1200%2C800&ssl=1&resize=700%2C400 2x, https:\/\/i0.wp.com\/historiografija.hr\/wp-content\/uploads\/2026\/04\/Turska-kuca-ZG.jpg?fit=1200%2C800&ssl=1&resize=1050%2C600 3x"},"classes":[]},{"id":52631,"url":"https:\/\/historiografija.hr\/?p=52631","url_meta":{"origin":40621,"position":2},"title":"Predavanje Ivana Tepe\u0161a: Djelovanje hrvatske politi\u010dke emigracije","author":"Branimir Jankovi\u0107","date":"23. travnja 2026.","format":false,"excerpt":"Odjel za me\u0111unarodnu suradnju i iseljeni\u0161tvo Matice hrvatske Predavanje Ivana Tepe\u0161a: Djelovanje hrvatske politi\u010dke emigracije Utorak, 28. travnja 2026. u 18:00 sati, Dvorana Ljudevita Jonkea (Mala dvorana MH), Strossmayerov trg 4, Zagreb dr. sc. Ivan Tepe\u0161, Institut za istra\u017eivanje migracija Hrvatska politi\u010dka emigracija obilje\u017eila je polustoljetnu hrvatsku povijest u drugoj\u2026","rel":"","context":"U &quot;Novosti&quot;","block_context":{"text":"Novosti","link":"https:\/\/historiografija.hr\/?cat=3"},"img":{"alt_text":"","src":"","width":0,"height":0},"classes":[]},{"id":52628,"url":"https:\/\/historiografija.hr\/?p=52628","url_meta":{"origin":40621,"position":3},"title":"Predavanje dopisnog \u010dlana HAZU Alaina Finkielkrauta Izrael, Europa, antisemitizam","author":"Branimir Jankovi\u0107","date":"23. travnja 2026.","format":false,"excerpt":"Francuski filozof Alain Finkielkraut, redoviti \u010dlan Francuske akademije i dopisni \u010dlan HAZU, odr\u017eat \u0107e predavanje\u00a0Izrael, Europa, antisemitizam u utorak 28. travnja 2026. u 13 sati u Knji\u017enici HAZU,\u00a0Strossmayerov trg 14 u Zagrebu. Uvodne rije\u010di odr\u017eat \u0107e\u00a0akademkinja \u017deljka \u010corak i\u00a0akademik Dra\u017een Katunari\u0107. Predavanje \u0107e se odr\u017eati na francuskom jeziku uz konsekutivno\u2026","rel":"","context":"U &quot;Novosti&quot;","block_context":{"text":"Novosti","link":"https:\/\/historiografija.hr\/?cat=3"},"img":{"alt_text":"","src":"https:\/\/i0.wp.com\/historiografija.hr\/wp-content\/uploads\/2026\/04\/Alain_Finkielkraut.jpg?fit=350%2C407&ssl=1&resize=350%2C200","width":350,"height":200},"classes":[]},{"id":52619,"url":"https:\/\/historiografija.hr\/?p=52619","url_meta":{"origin":40621,"position":4},"title":"Predavanje \u0110ur\u0111ice Vitkovi\u0107 &#8220;Izme\u0111u pera i objektiva: Zagorka i Foto Tonka&#8221;","author":"Branimir Jankovi\u0107","date":"23. travnja 2026.","format":false,"excerpt":"Memorijalni stan Marije Juri\u0107 Zagorke poziva Vas na predavanje \u0110ur\u0111ice Vitkovi\u0107 \u201eIzme\u0111u pera i objektiva: Zagorka i Foto Tonka\u201c koje \u0107e se odr\u017eati u utorak, 28. travnja 2026. s po\u010detkom u 18 h u sklopu Ciklusa predavanja u Memorijalnom stanu Marije Juri\u0107 Zagorke. Kako su se susrele knji\u017eevnost i fotografija\u2026","rel":"","context":"U &quot;Novosti&quot;","block_context":{"text":"Novosti","link":"https:\/\/historiografija.hr\/?cat=3"},"img":{"alt_text":"","src":"https:\/\/i0.wp.com\/historiografija.hr\/wp-content\/uploads\/2024\/11\/Zagorka_ciklus.jpg?fit=1200%2C1006&ssl=1&resize=350%2C200","width":350,"height":200,"srcset":"https:\/\/i0.wp.com\/historiografija.hr\/wp-content\/uploads\/2024\/11\/Zagorka_ciklus.jpg?fit=1200%2C1006&ssl=1&resize=350%2C200 1x, https:\/\/i0.wp.com\/historiografija.hr\/wp-content\/uploads\/2024\/11\/Zagorka_ciklus.jpg?fit=1200%2C1006&ssl=1&resize=525%2C300 1.5x, https:\/\/i0.wp.com\/historiografija.hr\/wp-content\/uploads\/2024\/11\/Zagorka_ciklus.jpg?fit=1200%2C1006&ssl=1&resize=700%2C400 2x, https:\/\/i0.wp.com\/historiografija.hr\/wp-content\/uploads\/2024\/11\/Zagorka_ciklus.jpg?fit=1200%2C1006&ssl=1&resize=1050%2C600 3x"},"classes":[]},{"id":52563,"url":"https:\/\/historiografija.hr\/?p=52563","url_meta":{"origin":40621,"position":5},"title":"Predavanje Nenada Fabijani\u0107a o stadionu Poljud u Splitu","author":"Branimir Jankovi\u0107","date":"21. travnja 2026.","format":false,"excerpt":"Znanstveno vije\u0107e za arhitekturu, urbanizam i ure\u0111enje prostora Hrvatske akademije znanosti i umjetnosti organizira predavanje \u201cPo Poljudu\u201d koje \u0107e u srijedu 22. travnja 2026. s po\u010detkom u 14 sati u Knji\u017enici HAZU, Strossmayerov trg 14 u Zagrebu, odr\u017eati\u00a0prof. emerit. dr. art. Nenad Fabijani\u0107,\u00a0\u010dlan suradnik HAZU. Predavanje \u201ePo Poljudu\u201c (Projekt obnove)\u2026","rel":"","context":"U &quot;Novosti&quot;","block_context":{"text":"Novosti","link":"https:\/\/historiografija.hr\/?cat=3"},"img":{"alt_text":"","src":"https:\/\/i0.wp.com\/historiografija.hr\/wp-content\/uploads\/2026\/04\/Poljud-scaled.jpeg?fit=1200%2C800&ssl=1&resize=350%2C200","width":350,"height":200,"srcset":"https:\/\/i0.wp.com\/historiografija.hr\/wp-content\/uploads\/2026\/04\/Poljud-scaled.jpeg?fit=1200%2C800&ssl=1&resize=350%2C200 1x, https:\/\/i0.wp.com\/historiografija.hr\/wp-content\/uploads\/2026\/04\/Poljud-scaled.jpeg?fit=1200%2C800&ssl=1&resize=525%2C300 1.5x, https:\/\/i0.wp.com\/historiografija.hr\/wp-content\/uploads\/2026\/04\/Poljud-scaled.jpeg?fit=1200%2C800&ssl=1&resize=700%2C400 2x, https:\/\/i0.wp.com\/historiografija.hr\/wp-content\/uploads\/2026\/04\/Poljud-scaled.jpeg?fit=1200%2C800&ssl=1&resize=1050%2C600 3x"},"classes":[]}],"_links":{"self":[{"href":"https:\/\/historiografija.hr\/index.php?rest_route=\/wp\/v2\/posts\/40621","targetHints":{"allow":["GET"]}}],"collection":[{"href":"https:\/\/historiografija.hr\/index.php?rest_route=\/wp\/v2\/posts"}],"about":[{"href":"https:\/\/historiografija.hr\/index.php?rest_route=\/wp\/v2\/types\/post"}],"author":[{"embeddable":true,"href":"https:\/\/historiografija.hr\/index.php?rest_route=\/wp\/v2\/users\/2"}],"replies":[{"embeddable":true,"href":"https:\/\/historiografija.hr\/index.php?rest_route=%2Fwp%2Fv2%2Fcomments&post=40621"}],"version-history":[{"count":1,"href":"https:\/\/historiografija.hr\/index.php?rest_route=\/wp\/v2\/posts\/40621\/revisions"}],"predecessor-version":[{"id":40623,"href":"https:\/\/historiografija.hr\/index.php?rest_route=\/wp\/v2\/posts\/40621\/revisions\/40623"}],"wp:featuredmedia":[{"embeddable":true,"href":"https:\/\/historiografija.hr\/index.php?rest_route=\/wp\/v2\/media\/40622"}],"wp:attachment":[{"href":"https:\/\/historiografija.hr\/index.php?rest_route=%2Fwp%2Fv2%2Fmedia&parent=40621"}],"wp:term":[{"taxonomy":"category","embeddable":true,"href":"https:\/\/historiografija.hr\/index.php?rest_route=%2Fwp%2Fv2%2Fcategories&post=40621"},{"taxonomy":"post_tag","embeddable":true,"href":"https:\/\/historiografija.hr\/index.php?rest_route=%2Fwp%2Fv2%2Ftags&post=40621"}],"curies":[{"name":"wp","href":"https:\/\/api.w.org\/{rel}","templated":true}]}}