{"id":40616,"date":"2024-04-29T16:46:55","date_gmt":"2024-04-29T16:46:55","guid":{"rendered":"http:\/\/historiografija.hr\/?p=40616"},"modified":"2024-04-29T16:47:14","modified_gmt":"2024-04-29T16:47:14","slug":"poziv-za-prijavu-na-naucnu-konferenciju-perast-i-boka-kotorska-na-rubu-propasti-1624-2024","status":"publish","type":"post","link":"https:\/\/historiografija.hr\/?p=40616","title":{"rendered":"Poziv za prijavu na nau\u010dnu konferenciju &#8220;Perast i Boka Kotorska na rubu propasti: 1624-2024&#8221;"},"content":{"rendered":"\n<p>Godine 2024.\u00a0Pera\u0161tani i prijatelji Perasta obilje\u017eavaju 400. godi\u0161njicu Velike pohare, gusarskog napada koji je ostavio dubok trag na historiju ovog jadranskog dragulja. Sje\u0107anje na doga\u0111aj u kom je ovaj zalivski gradi\u0107 oplja\u010dkan i spaljen gotovo do temelja, da bi se narednih decenija uzdigao u strate\u0161ki centar trgovine i politike \u010ditavog regiona, bi\u0107e prilika za nova istra\u017eivanja pro\u0161losti i razgovore o budu\u0107nosti. Me\u0111u raznovrsnim aktivnostima u okviru obilje\u017eavanja godi\u0161njice Velike pohare Perasta, poput uli\u010dnih procesija, izlo\u017ebi, edukativnih tura i publikacija, posebna pa\u017enja posve\u0107ena je nau\u010dnoj konferenciji &#8220;Perast i Boka Kotorska na rubu propasti: 1624-2024\u201d koja \u0107e se odr\u017eati u Perastu 23. juna. Istra\u017eiva\u010di dru\u0161tvene, ekonomske i vojne povijesti Jadrana ponudi\u0107e razli\u010dite perspektive u tuma\u010denju okolnosti u kojima se Velika pohara dogodila, kao i posljedica koje je iza sebe ostavila na Perast i Boku Kotorsku. U\u010desnici \u0107e ispitati klju\u010dne faktore koji su Perastu omogu\u0107ili oporavak i razvoj, nude\u0107i istorijske paralele savremenim izazovima.<\/p>\n\n\n\n<hr class=\"wp-block-separator\"\/>\n\n\n\n<div class=\"wp-block-file\"><a href=\"https:\/\/historiografija.hr\/wp-content\/uploads\/2024\/04\/Pohara-Nauc\u030cna-konferencija-Poziv.pdf\">Pohara-Nauc\u030cna-konferencija-Poziv<\/a><a href=\"https:\/\/historiografija.hr\/wp-content\/uploads\/2024\/04\/Pohara-Nauc\u030cna-konferencija-Poziv.pdf\" class=\"wp-block-file__button\" download>Preuzmi<\/a><\/div>\n\n\n\n<hr class=\"wp-block-separator\"\/>\n\n\n\n<p>Op\u0161irnije:<\/p>\n\n\n\n<figure class=\"wp-block-embed-wordpress wp-block-embed is-type-wp-embed is-provider-pohara-me\"><div class=\"wp-block-embed__wrapper\">\n<blockquote class=\"wp-embedded-content\" data-secret=\"vEN4dXPRPl\"><a href=\"https:\/\/pohara.me\/\">HOME<\/a><\/blockquote><iframe loading=\"lazy\" class=\"wp-embedded-content\" sandbox=\"allow-scripts\" security=\"restricted\" style=\"position: absolute; clip: rect(1px, 1px, 1px, 1px);\" title=\"&#8220;HOME&#8221; &#8212; pohara.me\" src=\"https:\/\/pohara.me\/embed\/#?secret=HJ6ckrby0e#?secret=vEN4dXPRPl\" data-secret=\"vEN4dXPRPl\" width=\"600\" height=\"338\" frameborder=\"0\" marginwidth=\"0\" marginheight=\"0\" scrolling=\"no\"><\/iframe>\n<\/div><\/figure>\n\n\n\n<hr class=\"wp-block-separator\"\/>\n\n\n\n<p>Poziv je objavljen i na portalu <strong>Historiografija.ba<\/strong>:<\/p>\n\n\n\n<p><a href=\"https:\/\/historiografija.ba\/article.php?id=2442\">https:\/\/historiografija.ba\/article.php?id=2442<\/a><\/p>\n\n\n\n<hr class=\"wp-block-separator\"\/>\n","protected":false},"excerpt":{"rendered":"","protected":false},"author":2,"featured_media":40618,"comment_status":"open","ping_status":"open","sticky":false,"template":"","format":"standard","meta":{"_acf_changed":false,"jetpack_post_was_ever_published":false,"_jetpack_newsletter_access":"","_jetpack_dont_email_post_to_subs":false,"_jetpack_newsletter_tier_id":0,"_jetpack_memberships_contains_paywalled_content":false,"_jetpack_memberships_contains_paid_content":false,"footnotes":"","jetpack_publicize_message":"","jetpack_publicize_feature_enabled":true,"jetpack_social_post_already_shared":true,"jetpack_social_options":{"image_generator_settings":{"template":"highway","default_image_id":0,"font":"","enabled":false},"version":2}},"categories":[3,9],"tags":[],"class_list":["post-40616","post","type-post","status-publish","format-standard","has-post-thumbnail","hentry","category-novosti","category-skupovi"],"acf":{"facebook_opis":""},"jetpack_publicize_connections":[],"jetpack_featured_media_url":"https:\/\/i0.wp.com\/historiografija.hr\/wp-content\/uploads\/2024\/04\/konferencija.png?fit=977%2C255&ssl=1","jetpack_sharing_enabled":true,"jetpack-related-posts":[],"_links":{"self":[{"href":"https:\/\/historiografija.hr\/index.php?rest_route=\/wp\/v2\/posts\/40616","targetHints":{"allow":["GET"]}}],"collection":[{"href":"https:\/\/historiografija.hr\/index.php?rest_route=\/wp\/v2\/posts"}],"about":[{"href":"https:\/\/historiografija.hr\/index.php?rest_route=\/wp\/v2\/types\/post"}],"author":[{"embeddable":true,"href":"https:\/\/historiografija.hr\/index.php?rest_route=\/wp\/v2\/users\/2"}],"replies":[{"embeddable":true,"href":"https:\/\/historiografija.hr\/index.php?rest_route=%2Fwp%2Fv2%2Fcomments&post=40616"}],"version-history":[{"count":2,"href":"https:\/\/historiografija.hr\/index.php?rest_route=\/wp\/v2\/posts\/40616\/revisions"}],"predecessor-version":[{"id":40620,"href":"https:\/\/historiografija.hr\/index.php?rest_route=\/wp\/v2\/posts\/40616\/revisions\/40620"}],"wp:featuredmedia":[{"embeddable":true,"href":"https:\/\/historiografija.hr\/index.php?rest_route=\/wp\/v2\/media\/40618"}],"wp:attachment":[{"href":"https:\/\/historiografija.hr\/index.php?rest_route=%2Fwp%2Fv2%2Fmedia&parent=40616"}],"wp:term":[{"taxonomy":"category","embeddable":true,"href":"https:\/\/historiografija.hr\/index.php?rest_route=%2Fwp%2Fv2%2Fcategories&post=40616"},{"taxonomy":"post_tag","embeddable":true,"href":"https:\/\/historiografija.hr\/index.php?rest_route=%2Fwp%2Fv2%2Ftags&post=40616"}],"curies":[{"name":"wp","href":"https:\/\/api.w.org\/{rel}","templated":true}]}}