{"id":40602,"date":"2024-04-26T12:37:50","date_gmt":"2024-04-26T12:37:50","guid":{"rendered":"http:\/\/historiografija.hr\/?p=40602"},"modified":"2024-04-26T12:37:50","modified_gmt":"2024-04-26T12:37:50","slug":"wolfgang-schmale-istorija-modernog-prosvetiteljstva-drustveni-orijentiri-u-eri-globalizma-od-19-do-21-veka","status":"publish","type":"post","link":"https:\/\/historiografija.hr\/?p=40602","title":{"rendered":"Wolfgang Schmale, \u201eIstorija modernog prosvetiteljstva \u2013 Dru\u0161tveni orijentiri u eri globalizma od 19. do 21. veka\u201c"},"content":{"rendered":"\n<p>Prevela s njema\u010dkog Maja Mati\u0107<\/p>\n\n\n\n<p>Godina izdanja: 2024.<\/p>\n\n\n\n<p>Broj strana: 438<\/p>\n\n\n\n<p>Pismo: Latinica<\/p>\n\n\n\n<hr class=\"wp-block-separator\"\/>\n\n\n\n<p>Prosvetiteljstvo osamnaestog veka i dalje je relevantno i u dvadeset prvom veku. Ono funkcioni\u0161e kao humani dru\u0161tveni orijentir u svetu koji je ispao iz koloseka. Pru\u017eanje takve dru\u0161tvene orijentacije uvek je bio glavni cilj prosvetiteljstva \u2013 pri \u010demu je ono u svakom trenutku bilo izlo\u017eeno fundamentalnoj kritici. Potencijal prosvetiteljstva da dru\u0161tvu daje smernice u vremenima kriza, ratova i terorizma razvijao se upravo u kontekstu ovakve kritike.<\/p>\n\n\n\n<p>Volfgang \u0160male prati ovaj istorijski proces od ranog devetnaestog veka, s posebnim osvrtom na intelektualce od Hegela do Fukoa i D\u017eonatana I. Izraela. Slu\u017ee\u0107i se metodologijom digitalne humanistike, analizira prosvetiteljstvo sa globalnoistorijskog aspekta. Prema dana\u0161njem preovladavaju\u0107em shvatanju, ispostavlja se da je prosvetiteljstvo nauka o \u017eivotu koja opstaje i pred fundamentalnom kritikom.<\/p>\n\n\n\n<hr class=\"wp-block-separator\"\/>\n\n\n\n<p>Sadr\u017eaj<\/p>\n\n\n\n<p><strong>Predgovor&nbsp;<\/strong><\/p>\n\n\n\n<p><strong>Uvod&nbsp;<\/strong><br>Rasvetljavanje prosvetiteljstva&nbsp;<br>Dru\u0161tveni orijentiri&nbsp;<br>Knjiga i njena poglavlja&nbsp;<br>Prou\u010davanje prosvetiteljstva kroz vreme&nbsp;<br>Narativni konstrukti<\/p>\n\n\n\n<p><strong>Imenovanje&nbsp;<\/strong><br>1784: \u201e\u0160ta je prosve\u0107enost?\u201c&nbsp;<br>Nadepohalni pojam&nbsp;<br>Putevi do \u201eprosvetiteljstva\u201c&nbsp;<br>Nastanak terminologije \u201efi lozofi je prosvetiteljstva\u201c&nbsp;<\/p>\n\n\n\n<p><strong>Prakse&nbsp;<\/strong><br>Uvod<br>Osnove prosvetiteljstva&nbsp;<br>Globalna istorija prosvetiteljstva&nbsp;<br>Betovenova Deveta&nbsp;<br>Spomenici&nbsp;<br>Razne oblasti delovanja&nbsp;<br>Globalnoistorijski aspekti&nbsp;<br>Afera Drajfus&nbsp;<br>Dodatna potvrda identiteta u Drugom svetskom ratu<br>Evropske integracije i prosvetiteljstvo&nbsp;<br>Dekolonizacija i prosvetiteljstvo&nbsp;<br>Unesko 1948.&nbsp;<\/p>\n\n\n\n<p><strong>Intelektualci&nbsp;<\/strong><br>Uvod<br>Nema\u010dko-francusko oblikovanje \u201eprosvetiteljstva\u201c&nbsp;<br>Hegel&nbsp;<br>\u017dermen de Stal<br>Gizo \u2013 Vilmen \u2013 Kuzen&nbsp;<br>Aleksis de Tokvil&nbsp;<br>Herman Hetner&nbsp;<br>Ipolit Ten \u2013 Feliks Roken<br>Vindelband \u2013 Trel\u010d \u2013 Diltaj \u2013 Forlender&nbsp;<br>Harald Hefding&nbsp;<br>D\u017eon Grir Hiben&nbsp;<br>Me\u0111uratni period&nbsp;<br>Karl Joel&nbsp;<br>Kaj fon Brokdorf&nbsp;<br>Bernhard Gruthojsen&nbsp;<br>Maks Horkhajmer (1930)&nbsp;<br>Ernst Kasirer<br>Karl Lotus Beker&nbsp;<br>Pol Azar&nbsp;<br>Promena paradigme nakon Drugog svetskog rata&nbsp;<br>Rajnhart Kozelek&nbsp;<br>Robert Rozvel Palmer&nbsp;<br>Alfred Koban&nbsp;<br>Jirgen Habermas&nbsp;<br>Piter D\u017eek Gej&nbsp;<br>Mi\u0161el Fuko&nbsp;<br>D\u017eonatan Irvin Izrael&nbsp;<\/p>\n\n\n\n<p><strong>Kritika&nbsp;<\/strong><br>Uvod<br>Dijalektika prosvetiteljstva&nbsp;<br>Hana Arent&nbsp;<br>Jakov Lejb Talmon&nbsp;<br>Dekolonizacija mi\u0161ljenja&nbsp;<br>Modernost i prosvetiteljstvo&nbsp;<\/p>\n\n\n\n<p><strong>Orijentiri<\/strong><br>Uvod<br>Globalno interesovanje publike za<br>trideset troje prosvetitelja i prosvetiteljki&nbsp;<br>\u0160tampa: Indija \u2013 Afrika \u2013 Turska&nbsp;<br>\u0160tampa: Evropa \u2013 SAD&nbsp;<br>Nema\u010dka&nbsp;<br>Prosvetiteljstvo u funkciji orijentira za budu\u0107nost&nbsp;<\/p>\n\n\n\n<p><strong>Aksijalno doba \u2013 kraj&nbsp;<\/strong><br>Jaspersova provincijalizacija Evrope&nbsp;<br>Prosvetiteljstvo i globalni demokratski identitet&nbsp;<br>\u201eProsvetiteljstvo\u201c kao nauka o \u017eivotu&nbsp;<\/p>\n\n\n\n<p><strong>Spisak izvora i literature\u00a0<\/strong><br><strong>Indeks\u00a0<\/strong><\/p>\n\n\n\n<hr class=\"wp-block-separator\"\/>\n\n\n\n<p>O autoru<\/p>\n\n\n\n<p><strong>Volfgang \u0160male<\/strong> (1956), nema\u010dki je profesor rane moderne i savremene istorije na Univerzitetu u Be\u010du. Poznat je po svojim publikacijama o francuskoj istoriji, istoriji Evrope, istoriji ljudskih prava, istoriji mu\u0161kosti. Tako\u0111e je stru\u010dnjak za digitalne humanisti\u010dke nauke. \u010clan je Akademije Evrope \u2013 Academia Europaea (London), Evropske akademije nauka i umetnosti \u2013 European Academy of Sciences and Arts (Salzburg), Nau\u010dnog saveta Ku\u0107e evropske istorije (Academic Committee House of European History). Svoju istra\u017eiva\u010dku karijeru zapo\u010deo je kao student asistent u velikoj istra\u017eiva\u010dkoj mre\u017ei o agrarnim dru\u0161tvenim sukobima u ranoj modernoj Evropi. Od 2011. do 2023. godine \u010dlan je Komiteta Me\u0111unarodnog dru\u0161tva za prou\u010davanje 18. veka (ISECS). Generalni sekretar tog globalnog nau\u010dnog Dru\u0161tva koje ima vi\u0161e od 6.500 \u010dlanova bio je od 2015. do 2019. godine. Uredio je obimni priru\u010dnik o istoriji \u0161kolskog obrazovanja u Evropi u doba prosvetiteljstva. Bio je to prvi priru\u010dnik koji je pokrio celu Evropu. \u0160male se vratio istoriji prava i osnovnim pravima, klju\u010dnoj temi svoje disertacije, i uredio knjigu\u00a0<em>Ljudska prava i kulturna raznolikost. Evropa \u2013 arapsko-islamski svet \u2013 Afrika \u2013 Kina.<\/em> Ovom polju istra\u017eivanja pripada i njegova postdoktorska disertacija na temu <em>Arheologija ljudskih prava<\/em> kao i nekoliko prire\u0111enih knjiga. Clio je na srpskom jeziku objavio njegove knjige\u00a0<strong><em>Istorija evropske ideje<\/em>\u00a0<\/strong>(2003) i\u00a0<strong><em>Istorija mu\u0161kosti<\/em><\/strong> (2011) i <strong><em>\u0160ta \u0107e biti sa Evropskom unijom? <\/em><\/strong>(2019).<\/p>\n\n\n\n<hr class=\"wp-block-separator\"\/>\n\n\n\n<p>Izvor:<\/p>\n\n\n\n<p><a href=\"https:\/\/clio.rs\/proizvodi\/polis\/istorija-modernog-prosvetiteljstva-drustveni-orijentiri-u-eri-globalizma-od-19-do-21-veka_294533\">https:\/\/clio.rs\/proizvodi\/polis\/istorija-modernog-prosvetiteljstva-drustveni-orijentiri-u-eri-globalizma-od-19-do-21-veka_294533<\/a><\/p>\n\n\n\n<hr class=\"wp-block-separator\"\/>\n\n\n\n<p>Dodatne obavijesti:<\/p>\n\n\n\n<figure class=\"wp-block-embed-wordpress wp-block-embed is-type-wp-embed is-provider-\u043d\u0430\u0440\u043e\u0434\u043d\u0430-\u0431\u0438\u0431\u043b\u0438\u043e\u0442\u0435\u043a\u0430-\u0441\u0440\u0431\u0438\u0458\u0435\"><div class=\"wp-block-embed__wrapper\">\n<blockquote class=\"wp-embedded-content\" data-secret=\"j31YQgyfci\"><a href=\"https:\/\/nb.rs\/susret-sa-istoricarem-volfgangom-smaleom-i-razgovor-povodom-njegove-knjige-istorija-modernog-prosvetiteljstva\/\">\u0421\u0443\u0441\u0440\u0435\u0442 \u0441\u0430 \u0438\u0441\u0442\u043e\u0440\u0438\u0447\u0430\u0440\u0435\u043c \u0412\u041e\u041b\u0424\u0413\u0410\u041d\u0413\u041e\u041c \u0428\u041c\u0410\u041b\u0415\u041e\u041c \u0438 \u0440\u0430\u0437\u0433\u043e\u0432\u043e\u0440 \u043f\u043e\u0432\u043e\u0434\u043e\u043c \u045a\u0435\u0433\u043e\u0432\u0435 \u043a\u045a\u0438\u0433\u0435 \u0418\u0421\u0422\u041e\u0420\u0418\u0408\u0410 \u041c\u041e\u0414\u0415\u0420\u041d\u041e\u0413 \u041f\u0420\u041e\u0421\u0412\u0415\u0422\u0418\u0422\u0415\u0409\u0421\u0422\u0412\u0410<\/a><\/blockquote><iframe loading=\"lazy\" class=\"wp-embedded-content\" sandbox=\"allow-scripts\" security=\"restricted\" style=\"position: absolute; clip: rect(1px, 1px, 1px, 1px);\" title=\"&#132;\u0421\u0443\u0441\u0440\u0435\u0442 \u0441\u0430 \u0438\u0441\u0442\u043e\u0440\u0438\u0447\u0430\u0440\u0435\u043c \u0412\u041e\u041b\u0424\u0413\u0410\u041d\u0413\u041e\u041c \u0428\u041c\u0410\u041b\u0415\u041e\u041c \u0438 \u0440\u0430\u0437\u0433\u043e\u0432\u043e\u0440 \u043f\u043e\u0432\u043e\u0434\u043e\u043c \u045a\u0435\u0433\u043e\u0432\u0435 \u043a\u045a\u0438\u0433\u0435 \u0418\u0421\u0422\u041e\u0420\u0418\u0408\u0410 \u041c\u041e\u0414\u0415\u0420\u041d\u041e\u0413 \u041f\u0420\u041e\u0421\u0412\u0415\u0422\u0418\u0422\u0415\u0409\u0421\u0422\u0412\u0410&#147; &#8212; \u041d\u0430\u0440\u043e\u0434\u043d\u0430 \u0431\u0438\u0431\u043b\u0438\u043e\u0442\u0435\u043a\u0430 \u0421\u0440\u0431\u0438\u0458\u0435\" src=\"https:\/\/nb.rs\/susret-sa-istoricarem-volfgangom-smaleom-i-razgovor-povodom-njegove-knjige-istorija-modernog-prosvetiteljstva\/embed\/#?secret=CuyYumg5Cm#?secret=j31YQgyfci\" data-secret=\"j31YQgyfci\" width=\"600\" height=\"338\" frameborder=\"0\" marginwidth=\"0\" marginheight=\"0\" scrolling=\"no\"><\/iframe>\n<\/div><\/figure>\n\n\n\n<hr class=\"wp-block-separator\"\/>\n","protected":false},"excerpt":{"rendered":"","protected":false},"author":2,"featured_media":40603,"comment_status":"open","ping_status":"open","sticky":false,"template":"","format":"standard","meta":{"_acf_changed":false,"jetpack_post_was_ever_published":false,"_jetpack_newsletter_access":"","_jetpack_dont_email_post_to_subs":false,"_jetpack_newsletter_tier_id":0,"_jetpack_memberships_contains_paywalled_content":false,"_jetpack_memberships_contains_paid_content":false,"footnotes":"","jetpack_publicize_message":"","jetpack_publicize_feature_enabled":true,"jetpack_social_post_already_shared":true,"jetpack_social_options":{"image_generator_settings":{"template":"highway","default_image_id":0,"font":"","enabled":false},"version":2}},"categories":[8,3],"tags":[],"class_list":["post-40602","post","type-post","status-publish","format-standard","has-post-thumbnail","hentry","category-knjige","category-novosti"],"acf":{"facebook_opis":""},"jetpack_publicize_connections":[],"jetpack_featured_media_url":"https:\/\/i0.wp.com\/historiografija.hr\/wp-content\/uploads\/2024\/04\/Schmale.jpg?fit=285%2C430&ssl=1","jetpack_sharing_enabled":true,"jetpack-related-posts":[],"_links":{"self":[{"href":"https:\/\/historiografija.hr\/index.php?rest_route=\/wp\/v2\/posts\/40602","targetHints":{"allow":["GET"]}}],"collection":[{"href":"https:\/\/historiografija.hr\/index.php?rest_route=\/wp\/v2\/posts"}],"about":[{"href":"https:\/\/historiografija.hr\/index.php?rest_route=\/wp\/v2\/types\/post"}],"author":[{"embeddable":true,"href":"https:\/\/historiografija.hr\/index.php?rest_route=\/wp\/v2\/users\/2"}],"replies":[{"embeddable":true,"href":"https:\/\/historiografija.hr\/index.php?rest_route=%2Fwp%2Fv2%2Fcomments&post=40602"}],"version-history":[{"count":1,"href":"https:\/\/historiografija.hr\/index.php?rest_route=\/wp\/v2\/posts\/40602\/revisions"}],"predecessor-version":[{"id":40604,"href":"https:\/\/historiografija.hr\/index.php?rest_route=\/wp\/v2\/posts\/40602\/revisions\/40604"}],"wp:featuredmedia":[{"embeddable":true,"href":"https:\/\/historiografija.hr\/index.php?rest_route=\/wp\/v2\/media\/40603"}],"wp:attachment":[{"href":"https:\/\/historiografija.hr\/index.php?rest_route=%2Fwp%2Fv2%2Fmedia&parent=40602"}],"wp:term":[{"taxonomy":"category","embeddable":true,"href":"https:\/\/historiografija.hr\/index.php?rest_route=%2Fwp%2Fv2%2Fcategories&post=40602"},{"taxonomy":"post_tag","embeddable":true,"href":"https:\/\/historiografija.hr\/index.php?rest_route=%2Fwp%2Fv2%2Ftags&post=40602"}],"curies":[{"name":"wp","href":"https:\/\/api.w.org\/{rel}","templated":true}]}}