{"id":40589,"date":"2024-04-26T11:24:24","date_gmt":"2024-04-26T11:24:24","guid":{"rendered":"http:\/\/historiografija.hr\/?p=40589"},"modified":"2024-04-26T11:24:24","modified_gmt":"2024-04-26T11:24:24","slug":"izlozba-marko-marulic-i-split-zajednickih-500-godina","status":"publish","type":"post","link":"https:\/\/historiografija.hr\/?p=40589","title":{"rendered":"Izlo\u017eba \u201eMarko Maruli\u0107 i Split \u2013 zajedni\u010dkih 500 godina\u201c"},"content":{"rendered":"\n<p>Povodom 500-te obljetnice smrti Marka Maruli\u0107a, najzna\u010dajnijeg i naj\u010ditanijeg hrvatskog renesansnog pisca, Muzej grada Splita postavlja prigodnu izlo\u017ebu naziva \u201eMarko Maruli\u0107 i Split \u2013 zajedni\u010dkih 500 godina\u201c. Izlo\u017eba \u0107e se realizirati na otvorenom, du\u017e Marmontove ulice.<\/p>\n\n\n\n<p>Na ulici \u0107e biti postavljeni izlo\u017ebeni stalci \u2013 panoi posebno dizajnirani za izlaganje na otvorenom. Na njima \u0107e kombinacijom teksta, ilustracija i fotografija biti prezentirane teme kroz koje \u0107e se \u010ditatelji upoznati s povijesnim i politi\u010dkim prilikama Splita u Maruli\u0107evo doba kao i europskim povijesnim okolnostima. Tako\u0111er \u0107e biti predstavljena obitelj kao i \u017eivotni put Maruli\u0107a od \u0161kolovanja, vr\u0161enja razli\u010ditih du\u017enosti koje je morao obna\u0161ati kao pripadnik splitskog plemstva odnosno \u010dlan Velikog vije\u0107a do postignu\u0107a na razli\u010ditim poljima znanosti i umjetnosti. Obraditi \u0107e se i knji\u017eevno stvarala\u0161tvo Maruli\u0107a koji je pisao na tri jezika hrvatskom, latinskom i talijanskom, a na posebnim panoima prezentirat \u0107e se Institucija, Evan\u0111elistar, Davidijada te Judita. Poseban pano sadr\u017eavat \u0107e zanimljivosti odnosno pikanterije i anegdote vezane za Maruli\u0107a \u2013 od mogu\u0107e avanture iz moma\u010dkog \u017eivota, boravka u zatvor, do tvorca rije\u010di psihologija te upisa njegovih djela na indeks zabranjenih knjiga.<\/p>\n\n\n\n<p>Na panoima \u0107e se uz tekst, ilustracije i fotografije nalaziti i QR kodovi koje \u0107e gledatelji mo\u0107i skenirati pomo\u0107u pametnih telefona, a poveznice \u0107e ih uputiti na razli\u010dita mjesta koja su povezana s Maruli\u0107em. Od Papali\u0107eve pala\u010de, gdje se Marko kao centralna li\u010dnost humanisti\u010dkog kruga dru\u017eio s ostalim pripadnicima splitske plemi\u0107ke elite, crkve sv. Roka za koju je oporu\u010dno ostavio sredstva za obnovu do crkve sv. Frane na obali gdje se mo\u017ee vidjeti posljednje po\u010divali\u0161te na\u0161eg nacionalnog barda.<\/p>\n\n\n\n<p>Informativni panoi \u0107e s jedne strane biti otisnuti na hrvatskom, a s druge na engleskom jeziku. Uz izlo\u017ebu \u0107e se tiskati deplijan na hrvatskom i engleskom jeziku.<\/p>\n\n\n\n<p>Organizacija: Muzej grada Splita<\/p>\n\n\n\n<p>Za organizatora: Vesna Buli\u0107 Baketi\u0107<\/p>\n\n\n\n<p>Autorica izlo\u017ebe: Marija Plazibat<\/p>\n\n\n\n<p>Stru\u010dne suradnice: Vedrana Supan, Dina Vuletin Bor\u010di\u0107<\/p>\n\n\n\n<p>Tehni\u010dka realizacija: Pedro Saldanha de Megalhaes, Mirko Gelemanovi\u0107, Frane Medi, Ton\u0107i Vatavuk, Igor \u010coti\u0107<\/p>\n\n\n\n<p>Ilustracije: Milan Trenc<\/p>\n\n\n\n<p>Izlo\u017eba je organizirana uz potporu Ministarstva kulture i medija RH i Grada Splita.<\/p>\n\n\n\n<hr class=\"wp-block-separator\"\/>\n\n\n\n<p>Izvor:<\/p>\n\n\n\n<figure class=\"wp-block-embed-wordpress wp-block-embed is-type-wp-embed is-provider-muzej-grada-splita\"><div class=\"wp-block-embed__wrapper\">\n<blockquote class=\"wp-embedded-content\" data-secret=\"hV3qhLdJC0\"><a href=\"https:\/\/www.mgs.hr\/exhibition\/marko-marulic-i-split\/\">Marko Maruli\u0107 i Split<\/a><\/blockquote><iframe loading=\"lazy\" class=\"wp-embedded-content\" sandbox=\"allow-scripts\" security=\"restricted\" style=\"position: absolute; clip: rect(1px, 1px, 1px, 1px);\" title=\"&#8220;Marko Maruli\u0107 i Split&#8221; &#8212; Muzej Grada Splita\" src=\"https:\/\/www.mgs.hr\/exhibition\/marko-marulic-i-split\/embed\/#?secret=pKF1ff3zwu#?secret=hV3qhLdJC0\" data-secret=\"hV3qhLdJC0\" width=\"600\" height=\"338\" frameborder=\"0\" marginwidth=\"0\" marginheight=\"0\" scrolling=\"no\"><\/iframe>\n<\/div><\/figure>\n\n\n\n<hr class=\"wp-block-separator\"\/>\n","protected":false},"excerpt":{"rendered":"","protected":false},"author":2,"featured_media":40590,"comment_status":"open","ping_status":"open","sticky":false,"template":"","format":"standard","meta":{"_acf_changed":false,"jetpack_post_was_ever_published":false,"_jetpack_newsletter_access":"","_jetpack_dont_email_post_to_subs":false,"_jetpack_newsletter_tier_id":0,"_jetpack_memberships_contains_paywalled_content":false,"_jetpack_memberships_contains_paid_content":false,"footnotes":"","jetpack_publicize_message":"","jetpack_publicize_feature_enabled":true,"jetpack_social_post_already_shared":true,"jetpack_social_options":{"image_generator_settings":{"template":"highway","default_image_id":0,"font":"","enabled":false},"version":2}},"categories":[10,3],"tags":[],"class_list":["post-40589","post","type-post","status-publish","format-standard","has-post-thumbnail","hentry","category-izlozbe","category-novosti"],"acf":{"facebook_opis":""},"jetpack_publicize_connections":[],"jetpack_featured_media_url":"https:\/\/i0.wp.com\/historiografija.hr\/wp-content\/uploads\/2024\/04\/Marulic_Split.jpg?fit=960%2C459&ssl=1","jetpack_sharing_enabled":true,"jetpack-related-posts":[],"_links":{"self":[{"href":"https:\/\/historiografija.hr\/index.php?rest_route=\/wp\/v2\/posts\/40589","targetHints":{"allow":["GET"]}}],"collection":[{"href":"https:\/\/historiografija.hr\/index.php?rest_route=\/wp\/v2\/posts"}],"about":[{"href":"https:\/\/historiografija.hr\/index.php?rest_route=\/wp\/v2\/types\/post"}],"author":[{"embeddable":true,"href":"https:\/\/historiografija.hr\/index.php?rest_route=\/wp\/v2\/users\/2"}],"replies":[{"embeddable":true,"href":"https:\/\/historiografija.hr\/index.php?rest_route=%2Fwp%2Fv2%2Fcomments&post=40589"}],"version-history":[{"count":1,"href":"https:\/\/historiografija.hr\/index.php?rest_route=\/wp\/v2\/posts\/40589\/revisions"}],"predecessor-version":[{"id":40591,"href":"https:\/\/historiografija.hr\/index.php?rest_route=\/wp\/v2\/posts\/40589\/revisions\/40591"}],"wp:featuredmedia":[{"embeddable":true,"href":"https:\/\/historiografija.hr\/index.php?rest_route=\/wp\/v2\/media\/40590"}],"wp:attachment":[{"href":"https:\/\/historiografija.hr\/index.php?rest_route=%2Fwp%2Fv2%2Fmedia&parent=40589"}],"wp:term":[{"taxonomy":"category","embeddable":true,"href":"https:\/\/historiografija.hr\/index.php?rest_route=%2Fwp%2Fv2%2Fcategories&post=40589"},{"taxonomy":"post_tag","embeddable":true,"href":"https:\/\/historiografija.hr\/index.php?rest_route=%2Fwp%2Fv2%2Ftags&post=40589"}],"curies":[{"name":"wp","href":"https:\/\/api.w.org\/{rel}","templated":true}]}}