{"id":40579,"date":"2024-04-26T09:59:03","date_gmt":"2024-04-26T09:59:03","guid":{"rendered":"http:\/\/historiografija.hr\/?p=40579"},"modified":"2024-04-26T09:59:51","modified_gmt":"2024-04-26T09:59:51","slug":"predavanje-darka-leitnera-stojanova-barbari-ante-portas-motivi-kapaciteti-i-implikacije-napada-na-ranobizantske-gradove-u-sarajevu","status":"publish","type":"post","link":"https:\/\/historiografija.hr\/?p=40579","title":{"rendered":"Predavanje Darka Leitnera-Stojanova \u201eBarbari ante portas: motivi, kapaciteti i implikacije napada na ranobizantske gradove\u201c u Sarajevu"},"content":{"rendered":"\n<p>U okviru program mobilnosti\u00a0Joint Excellence in Science and Humanities (JESH) Austrijske akademije nauka (\u00d6sterreichische Akademie der Wissenschaften) na Odsjeku za historiju Univerzitet u Sarajevu \u2013 Filozofski fakultet gostuje dr.sc. Darko Leitner-Stojanov. U sklopu gostovanja dr. Leitner-Stojanov \u0107e u saradnji s predmetnim nastavnikom sa katedre Novi vijek (prof.dr. Amirom Duranovi\u0107em) odr\u017eati predavanje 29.04.2024. sa po\u010detkom u 14 sati u Malom amfiteatru (sala 30) na Univerzitetu u Sarajevu &#8211; Filozofski fakultet. Tema predavanja je <em>Barbari ante portas: motivi, kapaciteti i implikacije napada na ranobizantske gradove<\/em>. Centar za historijska istra\u017eivanja (CeHiS) biti \u0107e doma\u0107in ovom predavanju koje je otvoreno za \u0161iru javnost.<\/p>\n\n\n\n<p>Darko Leitner-Stojanov je histori\u010dar koji se bavi historijom migracija. Nakon dodiplomskih studija u Skoplju, magistrirao je i doktorirao na ranoj bizantinskoj historiji na Ecole Pratique des Hautes Etudes u Parizu pod mentorstvom prof.dr. Denis Feissel. Dugi niz godina fokus mu je bio na kasnoanti\u010dkim i ranosrednjovjekovnim migracijama, odnosno na tzv. razdoblju velikih migracija. U posljednjih pet godina istra\u017eiva\u010dki interes usmjerava na historiju i antropologiju modernih migracija iz Jugoslavije u Austriju. Zaposlen je na Institutu za habsbu\u0161ke i balkanske studije Austrijske akademije nauka (Institut f\u00fcr die Erforschung der Habsburgermonarchie und des Balkanraumes der \u00d6sterreichischen Akademie der Wissenschaften).\u00a0<\/p>\n\n\n\n<hr class=\"wp-block-separator\"\/>\n\n\n\n<p>Izvori:<\/p>\n\n\n\n<p><a href=\"https:\/\/historiografija.ba\/article.php?id=2439\">https:\/\/historiografija.ba\/article.php?id=2439<\/a><\/p>\n\n\n\n<p><a href=\"https:\/\/www.unsa.ba\/novosti\/najava-gostujuceg-predavanja-dr-sc-darka-leitner-stojanova-u-centru-za-historijska\">https:\/\/www.unsa.ba\/novosti\/najava-gostujuceg-predavanja-dr-sc-darka-leitner-stojanova-u-centru-za-historijska<\/a><\/p>\n\n\n\n<hr class=\"wp-block-separator\"\/>\n","protected":false},"excerpt":{"rendered":"","protected":false},"author":2,"featured_media":40580,"comment_status":"open","ping_status":"open","sticky":false,"template":"","format":"standard","meta":{"_acf_changed":false,"jetpack_post_was_ever_published":false,"_jetpack_newsletter_access":"","_jetpack_dont_email_post_to_subs":false,"_jetpack_newsletter_tier_id":0,"_jetpack_memberships_contains_paywalled_content":false,"_jetpack_memberships_contains_paid_content":false,"footnotes":"","jetpack_publicize_message":"","jetpack_publicize_feature_enabled":true,"jetpack_social_post_already_shared":true,"jetpack_social_options":{"image_generator_settings":{"template":"highway","default_image_id":0,"font":"","enabled":false},"version":2}},"categories":[3],"tags":[],"class_list":["post-40579","post","type-post","status-publish","format-standard","has-post-thumbnail","hentry","category-novosti"],"acf":{"facebook_opis":""},"jetpack_publicize_connections":[],"jetpack_featured_media_url":"https:\/\/i0.wp.com\/historiografija.hr\/wp-content\/uploads\/2024\/04\/Predavanje_Leitner-Stojanov-scaled.jpeg?fit=1807%2C2560&ssl=1","jetpack_sharing_enabled":true,"jetpack-related-posts":[],"_links":{"self":[{"href":"https:\/\/historiografija.hr\/index.php?rest_route=\/wp\/v2\/posts\/40579","targetHints":{"allow":["GET"]}}],"collection":[{"href":"https:\/\/historiografija.hr\/index.php?rest_route=\/wp\/v2\/posts"}],"about":[{"href":"https:\/\/historiografija.hr\/index.php?rest_route=\/wp\/v2\/types\/post"}],"author":[{"embeddable":true,"href":"https:\/\/historiografija.hr\/index.php?rest_route=\/wp\/v2\/users\/2"}],"replies":[{"embeddable":true,"href":"https:\/\/historiografija.hr\/index.php?rest_route=%2Fwp%2Fv2%2Fcomments&post=40579"}],"version-history":[{"count":2,"href":"https:\/\/historiografija.hr\/index.php?rest_route=\/wp\/v2\/posts\/40579\/revisions"}],"predecessor-version":[{"id":40582,"href":"https:\/\/historiografija.hr\/index.php?rest_route=\/wp\/v2\/posts\/40579\/revisions\/40582"}],"wp:featuredmedia":[{"embeddable":true,"href":"https:\/\/historiografija.hr\/index.php?rest_route=\/wp\/v2\/media\/40580"}],"wp:attachment":[{"href":"https:\/\/historiografija.hr\/index.php?rest_route=%2Fwp%2Fv2%2Fmedia&parent=40579"}],"wp:term":[{"taxonomy":"category","embeddable":true,"href":"https:\/\/historiografija.hr\/index.php?rest_route=%2Fwp%2Fv2%2Fcategories&post=40579"},{"taxonomy":"post_tag","embeddable":true,"href":"https:\/\/historiografija.hr\/index.php?rest_route=%2Fwp%2Fv2%2Ftags&post=40579"}],"curies":[{"name":"wp","href":"https:\/\/api.w.org\/{rel}","templated":true}]}}