{"id":40570,"date":"2024-04-25T10:01:58","date_gmt":"2024-04-25T10:01:58","guid":{"rendered":"http:\/\/historiografija.hr\/?p=40570"},"modified":"2024-04-25T10:02:33","modified_gmt":"2024-04-25T10:02:33","slug":"7-susret-istrazivacke-grupe-za-18-stoljece-igos","status":"publish","type":"post","link":"https:\/\/historiografija.hr\/?p=40570","title":{"rendered":"7. SUSRET ISTRA\u017dIVA\u010cKE GRUPE ZA 18. STOLJE\u0106E \u2013 IGOS"},"content":{"rendered":"\n<p>Susret u subotu, 27. travnja 2024. od 10 do 12 sati odr\u017eat \u0107e se ovoga puta virtualno preko MS Teamsa jer \u0107e gostovati istra\u017eiva\u010di izvan Zagreba. Teme su interdisciplinarne, a prostorno pokrivaju Slavoniju, Kotor i Dubrovnik.<\/p>\n\n\n\n<p>Susret \u0107e zapo\u010deti doc. dr. sc. Ana \u0160itina \u017depina s Odsjeka za povijest umjetnosti Sveu\u010dili\u0161ta u Zadru koja \u0107e govoriti o svojim istra\u017eivanjima ba\u0161tine slavonske plemi\u0107ke obitelji Jankovi\u0107. Nakon toga \u0107e budu\u0107i doktorand prof. Ivan Peovi\u0107 iz Splita predstaviti svoj projekt istra\u017eivanja republikanske politi\u010dke misli dubrova\u010dkoga vlastelina Tome Basseglija. Na kraju \u0107e izv. prof. dr. sc. Maja Katu\u0161i\u0107 s Hrvatskog institut za povijest predstaviti svoju netom izdanu knjigu o svakodnevnom \u017eivotu u Kotoru u 18. stolje\u0107u.<\/p>\n\n\n\n<hr class=\"wp-block-separator\"\/>\n\n\n\n<p>Izvor i op\u0161irnije:<\/p>\n\n\n\n<p><a href=\"https:\/\/www.facebook.com\/igos18\">https:\/\/www.facebook.com\/igos18<\/a><\/p>\n\n\n\n<hr class=\"wp-block-separator\"\/>\n","protected":false},"excerpt":{"rendered":"","protected":false},"author":2,"featured_media":40571,"comment_status":"open","ping_status":"open","sticky":false,"template":"","format":"standard","meta":{"_acf_changed":false,"jetpack_post_was_ever_published":false,"_jetpack_newsletter_access":"","_jetpack_dont_email_post_to_subs":false,"_jetpack_newsletter_tier_id":0,"_jetpack_memberships_contains_paywalled_content":false,"_jetpack_memberships_contains_paid_content":false,"footnotes":"","jetpack_publicize_message":"","jetpack_publicize_feature_enabled":true,"jetpack_social_post_already_shared":true,"jetpack_social_options":{"image_generator_settings":{"template":"highway","default_image_id":0,"font":"","enabled":false},"version":2}},"categories":[3],"tags":[],"class_list":["post-40570","post","type-post","status-publish","format-standard","has-post-thumbnail","hentry","category-novosti"],"acf":{"facebook_opis":""},"jetpack_publicize_connections":[],"jetpack_featured_media_url":"https:\/\/i0.wp.com\/historiografija.hr\/wp-content\/uploads\/2024\/04\/IGOS.jpg?fit=960%2C541&ssl=1","jetpack_sharing_enabled":true,"jetpack-related-posts":[],"_links":{"self":[{"href":"https:\/\/historiografija.hr\/index.php?rest_route=\/wp\/v2\/posts\/40570","targetHints":{"allow":["GET"]}}],"collection":[{"href":"https:\/\/historiografija.hr\/index.php?rest_route=\/wp\/v2\/posts"}],"about":[{"href":"https:\/\/historiografija.hr\/index.php?rest_route=\/wp\/v2\/types\/post"}],"author":[{"embeddable":true,"href":"https:\/\/historiografija.hr\/index.php?rest_route=\/wp\/v2\/users\/2"}],"replies":[{"embeddable":true,"href":"https:\/\/historiografija.hr\/index.php?rest_route=%2Fwp%2Fv2%2Fcomments&post=40570"}],"version-history":[{"count":2,"href":"https:\/\/historiografija.hr\/index.php?rest_route=\/wp\/v2\/posts\/40570\/revisions"}],"predecessor-version":[{"id":40573,"href":"https:\/\/historiografija.hr\/index.php?rest_route=\/wp\/v2\/posts\/40570\/revisions\/40573"}],"wp:featuredmedia":[{"embeddable":true,"href":"https:\/\/historiografija.hr\/index.php?rest_route=\/wp\/v2\/media\/40571"}],"wp:attachment":[{"href":"https:\/\/historiografija.hr\/index.php?rest_route=%2Fwp%2Fv2%2Fmedia&parent=40570"}],"wp:term":[{"taxonomy":"category","embeddable":true,"href":"https:\/\/historiografija.hr\/index.php?rest_route=%2Fwp%2Fv2%2Fcategories&post=40570"},{"taxonomy":"post_tag","embeddable":true,"href":"https:\/\/historiografija.hr\/index.php?rest_route=%2Fwp%2Fv2%2Ftags&post=40570"}],"curies":[{"name":"wp","href":"https:\/\/api.w.org\/{rel}","templated":true}]}}