{"id":40564,"date":"2024-04-25T09:32:31","date_gmt":"2024-04-25T09:32:31","guid":{"rendered":"http:\/\/historiografija.hr\/?p=40564"},"modified":"2024-04-25T09:32:31","modified_gmt":"2024-04-25T09:32:31","slug":"program-obiljezavanja-80-godisnjice-stradanja-lipe","status":"publish","type":"post","link":"https:\/\/historiografija.hr\/?p=40564","title":{"rendered":"Program obilje\u017eavanja 80. godi\u0161njice stradanja Lipe"},"content":{"rendered":"\n<p>Na ju\u010dera\u0161njoj tiskovnoj konferenciji najavljen je program okrugle 80. godi\u0161njice stradanja Lipe. Memorijalni centar \u201cLipa pamti\u201d (Pomorski i povijesni muzej Hrvatskog primorja Rijeka) obljetnicu \u0107e obilje\u017eiti vi\u0161ednevnim programom koji \u0107e se odvijati uo\u010di same Komemoracije \u201cLipa pamti\u201d kao centralne manifestacije. Na tiskovnoj konferenciji sudjelovali su na\u010delnik Op\u0107ine Matulji \u2013 Vedran Kinkela, predstavnica Primorsko-goranske \u017eupanije \u2013 Ermina Duraj, predsjednica Mjesnog odbora Lipa \u2013 \u0110eni \u0160amani\u0107, predsjednik SABA PG\u017d-a \u2013 Dinko Tamarut, predsjednik UABA Liburnije \u2013 Rajko Radulovi\u0107 te Vana Govi\u0107 Markovi\u0107, kustosica Memorijalnog centra.<\/p>\n\n\n\n<p><strong>\u2022 24. travnja u 12.00 sati \/ Izlo\u017ebeni panoi na Korzu, Rijeka<\/strong><br><strong>OTVORENJE IZLO\u017dBE<\/strong><br><em>\u201eLipa pamti\u201c \u2013 povijesna izlo\u017eba povodom obilje\u017eavanja 80. godi\u0161njice stradanja Lipe<\/em><br>\u2013 Autorice: Vana Govi\u0107 Markovi\u0107, Tea Perin\u010di\u0107 , dizajn: CipmannIzlo\u017eba \u201cLipa pamti\u201d otvara se s ciljem podsje\u0107anja Rije\u010dana na lipajsko stradanje te njihova pozivanja na dolazak u Lipu povodom komemoracije. Rije\u010d je o izlo\u017ebi povijesnog karaktera koja tematizira nacisti\u010dki zlo\u010din po\u010dinjen nad civilima Lipe 30. travnja 1944., ali se osvr\u0107e i na 80 godina staru kolektivnu memoriju Lipe. Izlo\u017ebom \u0107e se predstaviti fotografska i dokumentarna gra\u0111a kao i individualna svjedo\u010danstva (kazivanja) pre\u017eivjelih koji govore o stradanju, al i poslijeratnoj obnovi. Po prvi \u0107e puta, primjerice, javnosti biti predstavljeno 30-ak sa\u010duvanih fotografija stradalih Lipljana koje je Centar kroz proteklih 9 godina prikupio iz obiteljskih arhiva pre\u017eivjelih sumje\u0161tana i njihovih potomaka, danas razasutih diljem svijeta. Izlo\u017eba, ujedno, isti\u010de primjer Lipe kao izrazito pozitivan u kontekstu nacionalnih kultura sje\u0107anja na stradanja Drugog svjetskog rata.<\/p>\n\n\n\n<p><strong>\u2022 25. travnja u 19.00 sati \/ Memorijalni centar \u201eLipa pamti\u201c, Lipa<\/strong><br><strong>PREDAVANJE<\/strong><\/p>\n\n\n\n<p><em>Stradanje Vele i Male U\u010dke te Potoka tijekom Drugog svjetskog rata<\/em><br>\u2013 Predava\u010d: prof. dr. sc. Roberto \u017diguli\u0107, Sveu\u010dili\u0161te u Rijeci, Tehni\u010dki fakultet<\/p>\n\n\n\n<p><strong>\u2022 26. travnja u 19.00 sati \/ Memorijalni centar \u201eLipa pamti\u201c, Lipa<\/strong><br><strong>PREDAVANJE<\/strong><\/p>\n\n\n\n<p><em>\u2026s-av svitloba vezut k\u0203tra Lipa \/\u2026vidjela se svjetlost prema Lipi \u2013 povodom 80. obljetnice stradanja \u017dejana, Velih i Malih Muna<\/em><br>\u2013 Predava\u010d: doc. dr. sc. Robert Dori\u010di\u0107, Sveu\u010dili\u0161te u Rijeci, Medicinski fakultet \/ Fakultet zdravstvenih studija<\/p>\n\n\n\n<p>Oba predavanja tematiziraju stradanja po\u010dinjena u sklopu iste njema\u010dke operacije Braunschweig (u trajanju od 25. travnja do 7. svibnja 1944.) u sklopu koje je stradala i Lipa. Smatrali smo bitnim predavanjima podsjetiti na razmjere nacisti\u010dkih zlo\u010dina po\u010dinjenih protiv civila ovog kraja u prolje\u0107e 1944. te prigodno obilje\u017eiti 80. godina sje\u0107anja na iste.<\/p>\n\n\n\n<p><strong>\u2022 29. travnja u 18.00 sati \/ Memorijalni centar \u201eLipa pamti\u201c, Lipa<\/strong><br><strong>OTVORENJE IZLO\u017dBE<\/strong><br><em>\u201eNakon zadnji aprila\u201c \u2013 izlo\u017eba autorskih fotografija i tekstova o suvremenom \u017eivotu Lipe i Lipljana<\/em><\/p>\n\n\n\n<p>\u2013 Autori: Karlo \u010cargonja i Goran Fer\u010dec, kustos: Vana Govi\u0107 Markovi\u0107, dizajner: Leo Kirin\u010di\u0107 \/ Umjetni\u010dki program \u201ePrepoznavanje odsustva\u201c<\/p>\n\n\n\n<p>Zadnji aprila je sintagma kojom stanovnici Lipe ozna\u010davaju dan povijesnog stradanja sela 30. travnja 1944. Obi\u010dno ka\u017eu: na zadnji aprila ili pokle zadnji aprila. Izlo\u017eba predstavlja prvu, radnu, fazu interdisciplinarnog umjetni\u010dko-istra\u017eiva\u010dkog projekta autorskog dvojca Karla \u010cargonje (fotograf) i Gorana Fer\u010deca (pisac) koji \u0107e kroz \u010ditavu ovu obljetni\u010dku godinu istra\u017eivati i bilje\u017eiti lipajsku svakodnevicu. Namjera im je \u201cuhvatiti\u201d jedan trenutak u \u017eivotu 4 generacije pre\u017eivjelih Lipljana \u2013 onih s kojima se opstanak mjesta pronosi u budu\u0107nost. Ujedno, namjera im je zabilje\u017eiti \u201ctihe\u201d i nezamjetne odjeke lipajskog stradanja; u onom naizgled uobi\u010dajenom, svakodnevnom, prona\u0107i pukotine kroz koje trauma i memorija izlaze na vidjelo.<br>Na izlo\u017ebi uo\u010di komemoracije autori \u0107e predstavili svoje tekstove i fotografije na\u010dinjene do tog trenutka te tiskane u velikim nakladama kako bi ih posjetitelji mogli ne samo razgledati, ve\u0107 i ponijeti sa sobom. Izlo\u017eeni sadr\u017eaj na taj \u0107e se na\u010din posjetiteljima nuditi kao ishodi\u0161te za kreiranje vlastitog fotografsko\/tekstualnog narativa kojeg mogu uvijek iznova preslagivati \u2013 otvaraju\u0107i ga novim interpretacijama, ali i nadopunjavati \u2013 umetanjem osobnih fotografija, zapisa ili dokumenata.<br>\u010citav projekt \u201cNakon zadnji aprila\u201d \u0107e biti dovr\u0161en u studenom 2024. objavom knjige umjetnika koja \u0107e predstavljati trajni spomen na osamdesetu godi\u0161njicu stradanja.<br>Ina\u010de, projekt \u201cNakon zadnji aprila\u201d provodi se u sklopu godi\u0161njeg umjetni\u010dkog programa \u201cPrepoznavanje odsustva\u201d koji je u Centru zapo\u010det jo\u0161 2017. godine, a financira se sredstvima Op\u0107ine Matulji, Grada Rijeke, Primorsko-goranske \u017eupanije i Ministarstva kulture RH.<\/p>\n\n\n\n<p><strong>\u2022 Poludnevna nastava rije\u010dkih osma\u0161a u Memorijalnom centru \u201cLipa pamti\u201d<\/strong><br><strong>CJELOGODI\u0160NJI PROGRAM EDUKACIJE<\/strong><br>Tako\u0111er, kroz \u010ditavu ovu obljetni\u010dku godinu Centar provodi ekstenzivan program edukacije preko 500 rije\u010dnih osnovno\u0161kolaca. Uz financijsku podr\u0161ku Grada Rijeke, rije\u010dke osnovne \u0161kole dolaze nam sa svojim osma\u0161ima u Lipu gdje za njih provodimo poludnevnu nastavu. Edukacija obuhva\u0107a vo\u0111ene razglede muzeja i memorijalnih mjesta u selu, gledanje dokumentarnog filma te ciklus radionica, a provodi se u suradnji s drugom generacijom pre\u017eivjelih Lipljana. Osim pou\u010davanja o povijesti, edukacijom se djeci nastoji osvijestiti vlastita odgovornost za o\u010duvanje mira danas.<\/p>\n\n\n\n<hr class=\"wp-block-separator\"\/>\n\n\n\n<p>Izvor i dodatne obavijesti:<\/p>\n\n\n\n<figure class=\"wp-block-embed-wordpress wp-block-embed is-type-wp-embed is-provider-pomorski-i-povijesni-muzej-hrvatskog-primorja\"><div class=\"wp-block-embed__wrapper\">\n<blockquote class=\"wp-embedded-content\" data-secret=\"fnwGJyCIbT\"><a href=\"https:\/\/ppmhp.hr\/program-obiljezavanja-80-godisnjice-stradanja-lipe\/\">Program obilje\u017eavanja 80. godi\u0161njice stradanja Lipe<\/a><\/blockquote><iframe loading=\"lazy\" class=\"wp-embedded-content\" sandbox=\"allow-scripts\" security=\"restricted\" style=\"position: absolute; clip: rect(1px, 1px, 1px, 1px);\" title=\"&#8220;Program obilje\u017eavanja 80. godi\u0161njice stradanja Lipe&#8221; &#8212; Pomorski i povijesni muzej Hrvatskog primorja\" src=\"https:\/\/ppmhp.hr\/program-obiljezavanja-80-godisnjice-stradanja-lipe\/embed\/#?secret=CltgcT1R6m#?secret=fnwGJyCIbT\" data-secret=\"fnwGJyCIbT\" width=\"600\" height=\"338\" frameborder=\"0\" marginwidth=\"0\" marginheight=\"0\" scrolling=\"no\"><\/iframe>\n<\/div><\/figure>\n\n\n\n<figure class=\"wp-block-embed-wordpress wp-block-embed is-type-wp-embed is-provider-pomorski-i-povijesni-muzej-hrvatskog-primorja\"><div class=\"wp-block-embed__wrapper\">\n<blockquote class=\"wp-embedded-content\" data-secret=\"3NQDgs9O32\"><a href=\"https:\/\/ppmhp.hr\/memorijalni-centar-lipa-pamti\/\">Memorijalni centar &#8211; Lipa pamti<\/a><\/blockquote><iframe loading=\"lazy\" class=\"wp-embedded-content\" sandbox=\"allow-scripts\" security=\"restricted\" style=\"position: absolute; clip: rect(1px, 1px, 1px, 1px);\" title=\"&#8220;Memorijalni centar &#8211; Lipa pamti&#8221; &#8212; Pomorski i povijesni muzej Hrvatskog primorja\" src=\"https:\/\/ppmhp.hr\/memorijalni-centar-lipa-pamti\/embed\/#?secret=UnFVc5uIbn#?secret=3NQDgs9O32\" data-secret=\"3NQDgs9O32\" width=\"600\" height=\"338\" frameborder=\"0\" marginwidth=\"0\" marginheight=\"0\" scrolling=\"no\"><\/iframe>\n<\/div><\/figure>\n\n\n\n<p><a href=\"https:\/\/www.facebook.com\/ppmhp\">https:\/\/www.facebook.com\/ppmhp<\/a><\/p>\n\n\n\n<hr class=\"wp-block-separator\"\/>\n","protected":false},"excerpt":{"rendered":"","protected":false},"author":2,"featured_media":40565,"comment_status":"open","ping_status":"open","sticky":false,"template":"","format":"standard","meta":{"_acf_changed":false,"jetpack_post_was_ever_published":false,"_jetpack_newsletter_access":"","_jetpack_dont_email_post_to_subs":false,"_jetpack_newsletter_tier_id":0,"_jetpack_memberships_contains_paywalled_content":false,"_jetpack_memberships_contains_paid_content":false,"footnotes":"","jetpack_publicize_message":"","jetpack_publicize_feature_enabled":true,"jetpack_social_post_already_shared":true,"jetpack_social_options":{"image_generator_settings":{"template":"highway","default_image_id":0,"font":"","enabled":false},"version":2}},"categories":[3],"tags":[],"class_list":["post-40564","post","type-post","status-publish","format-standard","has-post-thumbnail","hentry","category-novosti"],"acf":{"facebook_opis":""},"jetpack_publicize_connections":[],"jetpack_featured_media_url":"https:\/\/i0.wp.com\/historiografija.hr\/wp-content\/uploads\/2024\/04\/Lipa_pamti.png?fit=980%2C551&ssl=1","jetpack_sharing_enabled":true,"jetpack-related-posts":[],"_links":{"self":[{"href":"https:\/\/historiografija.hr\/index.php?rest_route=\/wp\/v2\/posts\/40564","targetHints":{"allow":["GET"]}}],"collection":[{"href":"https:\/\/historiografija.hr\/index.php?rest_route=\/wp\/v2\/posts"}],"about":[{"href":"https:\/\/historiografija.hr\/index.php?rest_route=\/wp\/v2\/types\/post"}],"author":[{"embeddable":true,"href":"https:\/\/historiografija.hr\/index.php?rest_route=\/wp\/v2\/users\/2"}],"replies":[{"embeddable":true,"href":"https:\/\/historiografija.hr\/index.php?rest_route=%2Fwp%2Fv2%2Fcomments&post=40564"}],"version-history":[{"count":1,"href":"https:\/\/historiografija.hr\/index.php?rest_route=\/wp\/v2\/posts\/40564\/revisions"}],"predecessor-version":[{"id":40566,"href":"https:\/\/historiografija.hr\/index.php?rest_route=\/wp\/v2\/posts\/40564\/revisions\/40566"}],"wp:featuredmedia":[{"embeddable":true,"href":"https:\/\/historiografija.hr\/index.php?rest_route=\/wp\/v2\/media\/40565"}],"wp:attachment":[{"href":"https:\/\/historiografija.hr\/index.php?rest_route=%2Fwp%2Fv2%2Fmedia&parent=40564"}],"wp:term":[{"taxonomy":"category","embeddable":true,"href":"https:\/\/historiografija.hr\/index.php?rest_route=%2Fwp%2Fv2%2Fcategories&post=40564"},{"taxonomy":"post_tag","embeddable":true,"href":"https:\/\/historiografija.hr\/index.php?rest_route=%2Fwp%2Fv2%2Ftags&post=40564"}],"curies":[{"name":"wp","href":"https:\/\/api.w.org\/{rel}","templated":true}]}}