{"id":40561,"date":"2024-04-25T09:17:04","date_gmt":"2024-04-25T09:17:04","guid":{"rendered":"http:\/\/historiografija.hr\/?p=40561"},"modified":"2024-04-25T09:17:04","modified_gmt":"2024-04-25T09:17:04","slug":"podiumsdiskussion-die-nato-intervention-im-kosovo-vor-25-jahren-eine-zeitenwende-deutscher-ausenpolitik","status":"publish","type":"post","link":"https:\/\/historiografija.hr\/?p=40561","title":{"rendered":"Podiumsdiskussion &#8220;Die NATO-Intervention im Kosovo vor 25 Jahren: Eine Zeitenwende deutscher Au\u00dfenpolitik&#8221;"},"content":{"rendered":"\n<p>Die milit\u00e4rische Intervention der NATO im Kosovokrieg \u2013 die sogenannte \u201eOperation Allied Forces\u201c \u2013 stellte in verschiedener Hinsicht eine Z\u00e4sur dar. Der von den USA angef\u00fchrte Einsatz, der am 25. M\u00e4rz 1999 begann und 78 Tage andauerte, erfolgte vor dem Hintergrund eines Jahrzehnts des Krieges auf dem Territorium des ehemaligen Jugoslawiens und erstmalig au\u00dferhalb des B\u00fcndnisgebiets. Ziel der NATO war es, die serbische Regierung unter Slobodan Milo\u0161evi\u0107 von weiteren Kriegsverbrechen wie im besetzten Sarajevo und Srebrenica abzuhalten. Auch f\u00fcr die deutsche Au\u00dfenpolitik stellte der Einsatz eine Wende dar, denn der Bundestag beschloss mit seiner Zustimmung den ersten Kriegseinsatz deutscher Soldaten nach dem Zweiten Weltkrieg.<\/p>\n\n\n\n<p>In dieser Veranstaltung analysieren wir gemeinsam mit Ihnen und unseren G\u00e4sten die Entwicklung der deutschen Au\u00dfenpolitik seit 1999 und diskutieren Deutschlands Rolle in S\u00fcdosteuropa damals wie heute. Dabei wollen wir auch Fragen rund um die unmittelbaren sowie langfristigen Auswirkungen des Einsatzes auf die betroffenen L\u00e4nder, die bilateralen Beziehungen und internationalen B\u00fcndnisse diskutieren.<\/p>\n\n\n\n<p><strong>Gru\u00dfworte<\/strong><\/p>\n\n\n\n<p><strong>Dr. Stefan Meister, <\/strong>Leiter des Zentrums f\u00fcr Ordnung und Governance in Osteuropa, Russland und Zentralasien, DGAP<\/p>\n\n\n\n<p><strong>Dr. Jens Bastian, <\/strong>Schatzmeister der S\u00fcdosteuropa-Gesellschaft e.V. \/ Centrum f\u00fcr angewandte T\u00fcrkeistudien (CATS) der Stiftung Wissenschaft und Politik (SWP), Berlin<\/p>\n\n\n\n<p><strong>Er\u00f6ffnungsreden<\/strong><\/p>\n\n\n\n<p><strong>S.E. Dr. Faruk Ajeti, <\/strong>Botschafter der Republik Kosovo in Berlin<\/p>\n\n\n\n<p><strong>Hans-Dieter Steinbach, <\/strong>Botschafter a.D., erster deutscher Botschafter in Kosovo<\/p>\n\n\n\n<p><strong>Panel<\/strong><\/p>\n\n\n\n<p><strong>Manuel Sarrazin,<\/strong> Sondergesandter der Bundesregierung f\u00fcr die L\u00e4nder des westlichen Balkans, Ausw\u00e4rtiges Amt<\/p>\n\n\n\n<p><strong>Peter Beyer, MdB,<\/strong> Mitglied im Ausw\u00e4rtigen Ausschuss, Transatlantik-Koordinator der Bundesregierung (2018 &#8211; 2022)<br><br><strong>Dr. Marina Vulovi\u0107,<\/strong> Associate Fellow, Stiftung Wissenschaft und Politik (SWP), Postdoktorandin an der Universit\u00e4t Potsdam<\/p>\n\n\n\n<p><strong>Vjosa \u00c7erkini,<\/strong> Journalistin, Deutsche Welle (Schwerpunkt Kosovo, Westbalkan)<\/p>\n\n\n\n<p><strong>Moderation<\/strong><\/p>\n\n\n\n<p><strong>Frauke Seebass, <\/strong>Projektmanagerin mit Schwerpunkt Westbalkan, Zentrum f\u00fcr Ordnung und Governance in Osteuropa, Russland und Zentralasien, DGAP<\/p>\n\n\n\n<hr class=\"wp-block-separator\"\/>\n\n\n\n<p>Am 25.04.2024, 17:30 Uhr<\/p>\n\n\n\n<p>Ort: DGAP, Rauchstra\u00dfe 17, 10787 Berlin<\/p>\n\n\n\n<hr class=\"wp-block-separator\"\/>\n\n\n\n<p><a href=\"https:\/\/www.sogde.org\/de\/events\/die-nato-intervention-im-kosovo-vor-25-jahren\/\">https:\/\/www.sogde.org\/de\/events\/die-nato-intervention-im-kosovo-vor-25-jahren\/<\/a><\/p>\n\n\n\n<hr class=\"wp-block-separator\"\/>\n","protected":false},"excerpt":{"rendered":"","protected":false},"author":2,"featured_media":40562,"comment_status":"open","ping_status":"open","sticky":false,"template":"","format":"standard","meta":{"_acf_changed":false,"jetpack_post_was_ever_published":false,"_jetpack_newsletter_access":"","_jetpack_dont_email_post_to_subs":false,"_jetpack_newsletter_tier_id":0,"_jetpack_memberships_contains_paywalled_content":false,"_jetpack_memberships_contains_paid_content":false,"footnotes":"","jetpack_publicize_message":"","jetpack_publicize_feature_enabled":true,"jetpack_social_post_already_shared":true,"jetpack_social_options":{"image_generator_settings":{"template":"highway","default_image_id":0,"font":"","enabled":false},"version":2}},"categories":[3],"tags":[],"class_list":["post-40561","post","type-post","status-publish","format-standard","has-post-thumbnail","hentry","category-novosti"],"acf":{"facebook_opis":""},"jetpack_publicize_connections":[],"jetpack_featured_media_url":"https:\/\/i0.wp.com\/historiografija.hr\/wp-content\/uploads\/2024\/04\/DGAP.png?fit=1594%2C428&ssl=1","jetpack_sharing_enabled":true,"jetpack-related-posts":[],"_links":{"self":[{"href":"https:\/\/historiografija.hr\/index.php?rest_route=\/wp\/v2\/posts\/40561","targetHints":{"allow":["GET"]}}],"collection":[{"href":"https:\/\/historiografija.hr\/index.php?rest_route=\/wp\/v2\/posts"}],"about":[{"href":"https:\/\/historiografija.hr\/index.php?rest_route=\/wp\/v2\/types\/post"}],"author":[{"embeddable":true,"href":"https:\/\/historiografija.hr\/index.php?rest_route=\/wp\/v2\/users\/2"}],"replies":[{"embeddable":true,"href":"https:\/\/historiografija.hr\/index.php?rest_route=%2Fwp%2Fv2%2Fcomments&post=40561"}],"version-history":[{"count":1,"href":"https:\/\/historiografija.hr\/index.php?rest_route=\/wp\/v2\/posts\/40561\/revisions"}],"predecessor-version":[{"id":40563,"href":"https:\/\/historiografija.hr\/index.php?rest_route=\/wp\/v2\/posts\/40561\/revisions\/40563"}],"wp:featuredmedia":[{"embeddable":true,"href":"https:\/\/historiografija.hr\/index.php?rest_route=\/wp\/v2\/media\/40562"}],"wp:attachment":[{"href":"https:\/\/historiografija.hr\/index.php?rest_route=%2Fwp%2Fv2%2Fmedia&parent=40561"}],"wp:term":[{"taxonomy":"category","embeddable":true,"href":"https:\/\/historiografija.hr\/index.php?rest_route=%2Fwp%2Fv2%2Fcategories&post=40561"},{"taxonomy":"post_tag","embeddable":true,"href":"https:\/\/historiografija.hr\/index.php?rest_route=%2Fwp%2Fv2%2Ftags&post=40561"}],"curies":[{"name":"wp","href":"https:\/\/api.w.org\/{rel}","templated":true}]}}