{"id":40526,"date":"2024-04-22T16:37:32","date_gmt":"2024-04-22T16:37:32","guid":{"rendered":"http:\/\/historiografija.hr\/?p=40526"},"modified":"2024-04-22T16:39:25","modified_gmt":"2024-04-22T16:39:25","slug":"razgovor-o-knjizi-luke-filipovica-evrokomunizam-i-jugoslavija-1968-1980","status":"publish","type":"post","link":"https:\/\/historiografija.hr\/?p=40526","title":{"rendered":"Razgovor o knjizi Luke Filipovi\u0107a \u201eEvrokomunizam i Jugoslavija 1968-1980.\u201c"},"content":{"rendered":"\n<p><strong>Utorak, 23. april 2024. u 19:00<\/strong> \u2013 <em>Dom omladine Beograda\/\/Tribinska sala<\/em><\/p>\n\n\n\n<p>Ciklus tribina: <strong>Pi\u0161emo istoriju Jugoslavije<\/strong><\/p>\n\n\n\n<p>Organizacija: <strong>Centar za jugoslovenske studije i Dom omladine Beograda, u saradnji sa Akademskom knjigom i Institutom za savremenu istoriju.<\/strong><\/p>\n\n\n\n<p>U\u010desnici: <strong>Luka Filipovi\u0107<\/strong>, Institut za savremenu istoriju; <strong>Petar \u017darkovi\u0107<\/strong>, Institut za filozofiju i dru\u0161tvenu teoriju Univerziteta u Beogradu i <strong>Marko Mileti\u0107<\/strong>, portal Ma\u0161ina. Razgovor vode: <strong>Sanja Petrovi\u0107 Todosijevi\u0107<\/strong>, Institut za noviju istoriju Srbije, Cejus i <strong>Sr\u0111an Radovi\u0107<\/strong>, Etnografski institut SANU, Cejus<\/p>\n\n\n\n<p>Knjiga dr Luke Filipovi\u0107a, istori\u010dara i nau\u010dnog saradnika Instituta za savremenu istoriju pod nazivom \u201eEvrokomunizam i Jugoslavija 1968-1980.\u201c (Novi Sad, Beograd: Akademska knjiga, Institut za savremenu istoriju, 2023) pokre\u0107e brojna pitanja iz domena dinami\u010dnih odnosa socijalisti\u010dke Jugoslavije predvo\u0111ene komunisti\u010dkom politi\u010dkom elitom i evrokomunisti\u010dkih partija pre svega mediteranskih zemalja. Prikazuju\u0107i razvoj dinamike odnosa, Filipovi\u0107 ukazuje i na razvoj komunisti\u010dke ideologije u vreme po\u010detka krize \u201evelikih ideja\u201c \u0161to \u0107e posebno do\u0107i do izra\u017eaja u vreme pada Berlinskog zida i okon\u010danja Hladnog rata koje izlazi iz isra\u017eiva\u010dkog okvira knjige i autora koga predstavljamo a \u010dije se nesagledive posledice ne mogu prevazi\u0107i ni do danas kada u Evropi i svetu dolazi do nove\/stare eskalacije nasilja i sukoba koji se u zna\u010dajnoj meri \u201eoslanjaju\u201c i na mediteranski basen.<\/p>\n\n\n\n<p>\u201eFilipovi\u0107eva knjiga je nastala kao ishod teorijom vo\u0111enog istorijskog istra\u017eivanja, i kao takva predstavlja retkost u doma\u0107oj istoriografiji. Utoliko je va\u017enije da se ovakvom pristupu otvori prostor i ponudi zaslu\u017eena intelektualna pa\u017enja. Najve\u0107i deo monografije ,,Evrokomunizam i Jugoslavija 1968-1980\u201d prezentuje rezultate istra\u017eivanja arhivske gra\u0111e i drugih istorijskih izvora, ali Filipovi\u0107 se tako\u0111e bavio pozicioniranjem istorijske evolucije marksisti\u010dkih ideologija u kontekst dru\u0161tvenih i politi\u010dkih promena u zemljama Mediterana tokom \u0161ezdesetih, sedamdesetih i osamdesetih godina XX veka. Tako\u0111e, knjiga Luke Filipovi\u0107a postavlja nova pitanja o sli\u010dnostima i razlikama koje se mogu uo\u010diti izme\u0111u kretanja marksisti\u010dke misli i razvoja politi\u010dke prakse komunisti\u010dkih partija u dr\u017eavama Zapadne Evrope i sa druge strane, evolucije partijske ideologije jugoslovenskih komunista i reformi partijskih politika Saveza komunista, kao i dr\u017eavnih politika SFRJ. Navedene promene Filipovi\u0107 poku\u0161ava da dovede u vezu sa zna\u010dajnim promenama dru\u0161tvene stvarnosti u SFRJ i u Evropi\u201c.<\/p>\n\n\n\n<p><strong>prof. dr Jovo Baki\u0107<\/strong> (iz recenzije)<\/p>\n\n\n\n<hr class=\"wp-block-separator\"\/>\n\n\n\n<p><strong>O U\u010cESNICIMA<\/strong><\/p>\n\n\n\n<p><strong>Luka Filipovi\u0107<\/strong> (U\u017eice, 1995) je nau\u010dni saradnik Instituta za savremenu Istoriju. Osnovne i master akademske studije je zavr\u0161io na Filozofskom fakultetu Univerziteta u Beogradu, odbraniv\u0161i teze koje su u svom fokusu imale posledice neoliberalnih reformi u zemljama Zapadne Evrope. Na istom fakultetu je odbranio i doktorsku disertaciju (2023) iz \u010dijeg teksta je proiza\u0161la i monografija koju predstavljamo. Objavio je vi\u0161e nau\u010dnih radova i \u010dlanaka iz oblasti: istorije radni\u010dkih pokreta, pobuna i \u0161trajkova, evolucije partijskih ideologija i razvoja odnosa marksisti\u010dkih partija Evrope i sveta. Osvojio je brojne medalje na takmi\u010denjima u ma\u010devanju.<\/p>\n\n\n\n<p><strong>Petar \u017darkovi\u0107<\/strong> (Beograd, 1984) je nau\u010dni saradnik na Institutu za filozofiju i dru\u0161tvenu teoriju Univerziteta u Beogradu. Doktorirao je na odeljenju za istoriju Filozofskog fakulteta, Univerziteta u Beogradu, sa temom Marko Nikezi\u0107 i jugoslovenska spoljna politika 1952-1972. Oblast nau\u010dnog istra\u017eivanja su mu: politi\u010dka i dru\u0161tvena istorija socijalisti\u010dke Jugoslavije 1945- 1991, Jugoslavija i Hladni rat, i intelektualna istorija. U okviru Instituta \u010dlan je Labaratorije za istra\u017eivanje socijalizma i (post) jugoslovenske studije (YugoLab).<\/p>\n\n\n\n<p><strong>Marko Mileti\u0107<\/strong> (Zemun, 1983) je kourednik portala Ma\u0161ina, stru\u010dnjak za politi\u010dku komunikaciju i dru\u0161tveni aktivista. Po obrazovanju je istori\u010dar umetnosti koji se bavi kulturnom istorijom radni\u010dkog pokreta i savremenom umetno\u0161\u0107u, dok je u medijskom radu najvi\u0161e fokurisan na pitanja radnih prava, istorije i razvoja radni\u010dkog pokreta i sindikalnog organizovanja.<\/p>\n\n\n\n<p><strong>Sanja Petrovi\u0107 Todosijevi\u0107<\/strong> (\u0160abac, 1977) je vi\u0161a nau\u010dna saradnica Instituta za noviju istoriju Srbije (Beograd). Bavi se dru\u0161tvenom istorijom Srbije i Jugoslavije u periodu posle Drugog svetskog rata s posebnim osvrtom na istoriju detinjstva i istoriju obrazovanja kao i istorijom Drugog svetskog rata Napisala je dve monografije: Ote\u0107emo svetlost bu\u010dnom vodopadu. Reforma osnovno\u0161kolskog sistema u Srbiji 1944-1959 (2018) i Za bezimene. Delatnost UNICEF-a u Federativnoj Narodnoj Republici Jugoslaviji 1947-1954 (2008). Priredila je rukopis Grigorije Babovi\u0107, Letopis \u0160apca 1933-1944 (2010). Zajedno sa Aleksandrom Ili\u0107 Rajkovi\u0107 uredila je zbornik Bez \u0161kole \u0161ta bi mi?! Ogledi iz istorije obrazovanja u Srbiji i Jugoslaviji od 19. veka do danas (2021). Koautorka je dva ud\u017ebenika iz istorije za sedmi i osmi razred osnovne \u0161kole (Radomir J. Popovi\u0107, Emina \u017divkovi\u0107, Ljiljana Nedovi\u0107, Aleksandar Todosijevi\u0107, Sanja Petrovi\u0107 Todosijevi\u0107, Istorija. Ud\u017ebenik sa odabranim istorijskim izvorima za 7. razred osnovne \u0161kole, Beograd: Klett, 2020; Aleksandar Todosijevi\u0107, Sanja Petrovi\u0107 Todosijevi\u0107, Istorija. Ud\u017ebenik sa odabranim istorijskim izvorima za 8. razred osnovne \u0161kole, Beograd: Klett, 2021). \u010clanica je Inicijative za o\u010divanje Memorijalnog kompleksa Bo\u0161ko Buha na Jabuci kod Prijepolja. Dobitnica je BeFem Bring The Noize 2023. priznanja za borbu protiv desni\u010darskih intervencija u formalnom obrazovanju.<\/p>\n\n\n\n<p><strong>Sr\u0111an Radovi\u0107 <\/strong>(Titograd, 1976) je vi\u0161i nau\u010dni saradnik Etnografskog instituta SANU. Diplomirao je, magistrirao i doktorirao iz oblasti etnologije i antropologije na Filozofskom fakultetu Univerziteta u Beogradu, a stru\u010dno se usavr\u0161avao na WZB Berlin i Filozofskom fakultetu II Humboldtovog univerziteta u Berlinu; bio je gostuju\u0107i predava\u010d na univerzitetima u Beogradu, Rigi i Berlinu. Autor je tri nau\u010dne monografije, urednik dva tematska nau\u010dna zbornika, i vi\u0161e desetina nau\u010dnih radova (trenutna bibliografija broji oko sto jedinica), te u\u010desnik i rukovodilac na oko dvadeset nau\u010dnoistra\u017eiva\u010dkih i stru\u010dnih projekata. Teme istra\u017eivanja su mu prvenstveno urbana i istra\u017eivanja javnog prostora, kultura pam\u0107enja i heritologija, dinaminka nacionalnih i supranacionalnih identiteta, i manjinska pitanja.<\/p>\n\n\n\n<hr class=\"wp-block-separator\"\/>\n\n\n\n<p><strong>Centar za jugoslovenske studije i Dom omladine Beograd<\/strong> u 2024. godini ulaze u sedmu godinu saradnje. Tribinski program koji je pokrenut u godini kada smo obele\u017eavali sto godina od stvaranja jugoslovenske dr\u017eave (2018) stekao je brojnu publiku pokre\u0107u\u0107i teme koje su za cilj imale \u201epribli\u017eavanje\u201c istorije Jugoslavije ali i ukazivanje na savremene probleme koji se ne mogu jasno sagedati bez ukazivanja na doga\u0111aje i procese koji su neodvojivi od istorije jugoslovenske dr\u017eave. Zahvaljuju\u0107i ovakvom pristupu tribinski program Centra za jugoslovenske studije i Doma omladine Beograd ne samo da je stekao brojnu publiku ve\u0107 je uspeo da se \u201enametne\u201c kao mesto \u201e\u017eive\u201c debate koja pokre\u0107e ispisivanje novih stranica istorije Jugoslavije. To je jedan od klju\u010dnih razloga za\u0161to smatramo da je u nastupaju\u0107oj \u201esezoni\u201c prostor tribinskog programa neophodno \u201eustupiti\u201c ne samo autorima i autorkama najnovijih studija koje predstavljaju va\u017ean doprinos prou\u010davanju istorije Jugoslavije a koje su napisane u periodu od 2018. godine do danas ve\u0107 i svim onim stvaraocima (piscima, umetnicima, dru\u0161tvenim radnicima) koji su svojim stvarala\u0161tvom sa\u010duvali nasle\u0111e jugoslovenske dr\u017eave u javnom prostoru i razli\u010ditim oblastima stvarala\u0161tva predstavljaju\u0107i ga kroz nove interpretacije ali i u dinami\u010dnom dijalogu sa savremeno\u0161\u0107u mla\u0111im generacijama na koje Centar za jugoslovenske studije ra\u010duna kao na svoju vernu i najbolju publiku.<\/p>\n\n\n\n<hr class=\"wp-block-separator\"\/>\n\n\n\n<p>Izvori:<\/p>\n\n\n\n<figure class=\"wp-block-embed-wordpress wp-block-embed is-type-wp-embed is-provider-dom-omladine-beograda\"><div class=\"wp-block-embed__wrapper\">\n<blockquote class=\"wp-embedded-content\" data-secret=\"JveWTqHquF\"><a href=\"https:\/\/domomladine.org\/debate\/razgovor-o-knjizi-luke-filipovica-evrokomunizam-i-jugoslavija-1968-1980\/\">Razgovor o knjizi Luke Filipovi\u0107a \u201eEvrokomunizam i Jugoslavija 1968-1980.\u201c<\/a><\/blockquote><iframe loading=\"lazy\" class=\"wp-embedded-content\" sandbox=\"allow-scripts\" security=\"restricted\" style=\"position: absolute; clip: rect(1px, 1px, 1px, 1px);\" title=\"&#8220;Razgovor o knjizi Luke Filipovi\u0107a \u201eEvrokomunizam i Jugoslavija 1968-1980.\u201c&#8221; &#8212; Dom omladine Beograda\" src=\"https:\/\/domomladine.org\/debate\/razgovor-o-knjizi-luke-filipovica-evrokomunizam-i-jugoslavija-1968-1980\/embed\/#?secret=VHX19nt8Kp#?secret=JveWTqHquF\" data-secret=\"JveWTqHquF\" width=\"600\" height=\"338\" frameborder=\"0\" marginwidth=\"0\" marginheight=\"0\" scrolling=\"no\"><\/iframe>\n<\/div><\/figure>\n\n\n\n<hr class=\"wp-block-separator\"\/>\n\n\n\n<p><a href=\"https:\/\/www.facebook.com\/cejus.jus\/\">https:\/\/www.facebook.com\/cejus.jus\/<\/a><\/p>\n\n\n\n<hr class=\"wp-block-separator\"\/>\n","protected":false},"excerpt":{"rendered":"","protected":false},"author":2,"featured_media":40527,"comment_status":"open","ping_status":"open","sticky":false,"template":"","format":"standard","meta":{"_acf_changed":false,"jetpack_post_was_ever_published":false,"_jetpack_newsletter_access":"","_jetpack_dont_email_post_to_subs":false,"_jetpack_newsletter_tier_id":0,"_jetpack_memberships_contains_paywalled_content":false,"_jetpack_memberships_contains_paid_content":false,"footnotes":"","jetpack_publicize_message":"","jetpack_publicize_feature_enabled":true,"jetpack_social_post_already_shared":true,"jetpack_social_options":{"image_generator_settings":{"template":"highway","default_image_id":0,"font":"","enabled":false},"version":2}},"categories":[3],"tags":[],"class_list":["post-40526","post","type-post","status-publish","format-standard","has-post-thumbnail","hentry","category-novosti"],"acf":{"facebook_opis":""},"jetpack_publicize_connections":[],"jetpack_featured_media_url":"https:\/\/i0.wp.com\/historiografija.hr\/wp-content\/uploads\/2024\/04\/Pisemo-istoriju-Jugoslavije-Filipovic.jpg?fit=2048%2C2048&ssl=1","jetpack_sharing_enabled":true,"jetpack-related-posts":[{"id":52528,"url":"https:\/\/historiografija.hr\/?p=52528","url_meta":{"origin":40526,"position":0},"title":"[Promocija knjige] Banja Luka u ratu: Etnopolitika i svakodnevica (1990\u20131995) (ActiveLab, YugoLab)","author":"Branimir Jankovi\u0107","date":"17. travnja 2026.","format":false,"excerpt":"Institut za filozofiju i dru\u0161tvenu teoriju i O\u0161tra Nula organizuju promociju knjige Banja Luka u ratu: Etnopolitika i svakodnevica (1990\u20131995) autorke Armine Galija\u0161, koja \u0107e se odr\u017eati 20. aprila 2026. u 12.00 sati u prostorijama Instituta (Kraljice Natalije 45, Beograd). Re\u010d je o prvom nau\u010dno utemeljenom i sistematskom radu koji\u2026","rel":"","context":"U &quot;Novosti&quot;","block_context":{"text":"Novosti","link":"https:\/\/historiografija.hr\/?cat=3"},"img":{"alt_text":"","src":"https:\/\/i0.wp.com\/historiografija.hr\/wp-content\/uploads\/2026\/04\/20-april-RS.jpg?fit=1200%2C675&ssl=1&resize=350%2C200","width":350,"height":200,"srcset":"https:\/\/i0.wp.com\/historiografija.hr\/wp-content\/uploads\/2026\/04\/20-april-RS.jpg?fit=1200%2C675&ssl=1&resize=350%2C200 1x, https:\/\/i0.wp.com\/historiografija.hr\/wp-content\/uploads\/2026\/04\/20-april-RS.jpg?fit=1200%2C675&ssl=1&resize=525%2C300 1.5x, https:\/\/i0.wp.com\/historiografija.hr\/wp-content\/uploads\/2026\/04\/20-april-RS.jpg?fit=1200%2C675&ssl=1&resize=700%2C400 2x, https:\/\/i0.wp.com\/historiografija.hr\/wp-content\/uploads\/2026\/04\/20-april-RS.jpg?fit=1200%2C675&ssl=1&resize=1050%2C600 3x"},"classes":[]},{"id":52520,"url":"https:\/\/historiografija.hr\/?p=52520","url_meta":{"origin":40526,"position":1},"title":"Predstavljanje knjige &#8220;Socialist Economics in Yugoslavia: A Critical History&#8221; u Zagrebu","author":"Branimir Jankovi\u0107","date":"17. travnja 2026.","format":false,"excerpt":"Pozivamo vas na predstavljanje knjige \"Socialist Economics in Yugoslavia: A Critical History\", autora Mislava \u00a0\u017ditka i Marka Grde\u0161i\u0107a (Routledge, 2026). Na predstavljanju \u0107e govoriti Branko Milanovi\u0107 (CUNY), Milica Uvali\u0107 (EUI), Zdravko Petak (FPZG) te autori.\u00a0 Predstavljanje \u0107e se odr\u017eati u srijedu 22. travnja u 16:00 sati na Fakultetu politi\u010dkih znanosti\u2026","rel":"","context":"U &quot;Novosti&quot;","block_context":{"text":"Novosti","link":"https:\/\/historiografija.hr\/?cat=3"},"img":{"alt_text":"","src":"https:\/\/i0.wp.com\/historiografija.hr\/wp-content\/uploads\/2026\/04\/Poziv-na-predstavljanje.png?fit=800%2C652&ssl=1&resize=350%2C200","width":350,"height":200,"srcset":"https:\/\/i0.wp.com\/historiografija.hr\/wp-content\/uploads\/2026\/04\/Poziv-na-predstavljanje.png?fit=800%2C652&ssl=1&resize=350%2C200 1x, https:\/\/i0.wp.com\/historiografija.hr\/wp-content\/uploads\/2026\/04\/Poziv-na-predstavljanje.png?fit=800%2C652&ssl=1&resize=525%2C300 1.5x, https:\/\/i0.wp.com\/historiografija.hr\/wp-content\/uploads\/2026\/04\/Poziv-na-predstavljanje.png?fit=800%2C652&ssl=1&resize=700%2C400 2x"},"classes":[]},{"id":52559,"url":"https:\/\/historiografija.hr\/?p=52559","url_meta":{"origin":40526,"position":2},"title":"Dobitnici dr\u017eavne nagrade za znanost za 2024. godinu","author":"Branimir Jankovi\u0107","date":"20. travnja 2026.","format":false,"excerpt":"Na sjednici Odbora za podjelu dr\u017eavnih nagrada za znanost odr\u017eanoj 16. travnja 2026. godine donesena je Odluka o dodjeli dr\u017eavnih nagrada za znanost za 2024. godinu. Godi\u0161njom nagradom za popularizaciju i promid\u017ebu znanosti nagra\u0111eni su u podru\u010dju humanisti\u010dkih znanosti znanstveni suradnici dr. sc. Josip Mihaljevi\u0107 i dr. sc. Gordan Ravan\u010di\u0107,\u2026","rel":"","context":"U &quot;Novosti&quot;","block_context":{"text":"Novosti","link":"https:\/\/historiografija.hr\/?cat=3"},"img":{"alt_text":"","src":"https:\/\/i0.wp.com\/historiografija.hr\/wp-content\/uploads\/2021\/12\/povijesne-kontroverze.jpg?fit=1200%2C675&ssl=1&resize=350%2C200","width":350,"height":200,"srcset":"https:\/\/i0.wp.com\/historiografija.hr\/wp-content\/uploads\/2021\/12\/povijesne-kontroverze.jpg?fit=1200%2C675&ssl=1&resize=350%2C200 1x, https:\/\/i0.wp.com\/historiografija.hr\/wp-content\/uploads\/2021\/12\/povijesne-kontroverze.jpg?fit=1200%2C675&ssl=1&resize=525%2C300 1.5x, https:\/\/i0.wp.com\/historiografija.hr\/wp-content\/uploads\/2021\/12\/povijesne-kontroverze.jpg?fit=1200%2C675&ssl=1&resize=700%2C400 2x, https:\/\/i0.wp.com\/historiografija.hr\/wp-content\/uploads\/2021\/12\/povijesne-kontroverze.jpg?fit=1200%2C675&ssl=1&resize=1050%2C600 3x"},"classes":[]},{"id":52499,"url":"https:\/\/historiografija.hr\/?p=52499","url_meta":{"origin":40526,"position":3},"title":"POTPISAN UGOVOR O ZNANSTVENO-ISTRA\u017dIVA\u010cKOJ SURADNJI: PROJEKT \u201eTEMELJI HRVATSKE SAMOSTALNOSTI\u201d","author":"Branimir Jankovi\u0107","date":"17. travnja 2026.","format":false,"excerpt":"Hrvatski institut za povijest, Sveu\u010dili\u0161te obrane i sigurnosti \u201eDr. Franjo Tu\u0111man\u201d, Institut dru\u0161tvenih znanosti Ivo Pilar i Hrvatski dr\u017eavni arhiv\u00a0potpisali su 23. o\u017eujka 2026.\u00a0Ugovor o znanstveno-istra\u017eiva\u010dkoj suradnji s ciljem provedbe projekta \u201eTemelji hrvatske samostalnosti\u201d. Tim projektom obuhva\u0107a se istra\u017eivanje arhivskoga gradiva, priprema znanstvenih publikacija, digitalizacija i javna prezentacija rezultata istra\u017eivanja\u2026","rel":"","context":"U &quot;Novosti&quot;","block_context":{"text":"Novosti","link":"https:\/\/historiografija.hr\/?cat=3"},"img":{"alt_text":"","src":"https:\/\/i0.wp.com\/historiografija.hr\/wp-content\/uploads\/2026\/04\/THS_sporazum.jpg?fit=1200%2C583&ssl=1&resize=350%2C200","width":350,"height":200,"srcset":"https:\/\/i0.wp.com\/historiografija.hr\/wp-content\/uploads\/2026\/04\/THS_sporazum.jpg?fit=1200%2C583&ssl=1&resize=350%2C200 1x, https:\/\/i0.wp.com\/historiografija.hr\/wp-content\/uploads\/2026\/04\/THS_sporazum.jpg?fit=1200%2C583&ssl=1&resize=525%2C300 1.5x, https:\/\/i0.wp.com\/historiografija.hr\/wp-content\/uploads\/2026\/04\/THS_sporazum.jpg?fit=1200%2C583&ssl=1&resize=700%2C400 2x, https:\/\/i0.wp.com\/historiografija.hr\/wp-content\/uploads\/2026\/04\/THS_sporazum.jpg?fit=1200%2C583&ssl=1&resize=1050%2C600 3x"},"classes":[]},{"id":52675,"url":"https:\/\/historiografija.hr\/?p=52675","url_meta":{"origin":40526,"position":4},"title":"Predstavljanje knjige Luke Peji\u0107a &#8220;U taboru anarhista: \u017divot Ivana Zeppa&#8221; u Osijeku","author":"Branimir Jankovi\u0107","date":"27. travnja 2026.","format":false,"excerpt":"U \u010detvrtak, 30. travnja 2026.\u00a0u\u00a019.00 sati\u00a0u Klubu knji\u017eare Nova\u00a0(Trg Ante Star\u010devi\u0107a 4, Osijek) odr\u017eat \u0107e se predstavljanje nove knjige Luke Peji\u0107a U taboru anarhista: \u017divot Ivana Zeppa (DAF, 2025.). Uz autora o knjizi \u0107e govoriti recenzent i povjesni\u010dar Nikola Toma\u0161egovi\u0107 te povjesni\u010darka Ana Rajkovi\u0107 Peji\u0107. Razgovor \u0107e moderirati doktorandica\u00a0Valentina Kezi\u0107.\u2026","rel":"","context":"U &quot;Novosti&quot;","block_context":{"text":"Novosti","link":"https:\/\/historiografija.hr\/?cat=3"},"img":{"alt_text":"","src":"https:\/\/i0.wp.com\/historiografija.hr\/wp-content\/uploads\/2025\/11\/Pejic.jpg?fit=574%2C790&ssl=1&resize=350%2C200","width":350,"height":200,"srcset":"https:\/\/i0.wp.com\/historiografija.hr\/wp-content\/uploads\/2025\/11\/Pejic.jpg?fit=574%2C790&ssl=1&resize=350%2C200 1x, https:\/\/i0.wp.com\/historiografija.hr\/wp-content\/uploads\/2025\/11\/Pejic.jpg?fit=574%2C790&ssl=1&resize=525%2C300 1.5x"},"classes":[]},{"id":52631,"url":"https:\/\/historiografija.hr\/?p=52631","url_meta":{"origin":40526,"position":5},"title":"Predavanje Ivana Tepe\u0161a: Djelovanje hrvatske politi\u010dke emigracije","author":"Branimir Jankovi\u0107","date":"23. travnja 2026.","format":false,"excerpt":"Odjel za me\u0111unarodnu suradnju i iseljeni\u0161tvo Matice hrvatske Predavanje Ivana Tepe\u0161a: Djelovanje hrvatske politi\u010dke emigracije Utorak, 28. travnja 2026. u 18:00 sati, Dvorana Ljudevita Jonkea (Mala dvorana MH), Strossmayerov trg 4, Zagreb dr. sc. Ivan Tepe\u0161, Institut za istra\u017eivanje migracija Hrvatska politi\u010dka emigracija obilje\u017eila je polustoljetnu hrvatsku povijest u drugoj\u2026","rel":"","context":"U &quot;Novosti&quot;","block_context":{"text":"Novosti","link":"https:\/\/historiografija.hr\/?cat=3"},"img":{"alt_text":"","src":"","width":0,"height":0},"classes":[]}],"_links":{"self":[{"href":"https:\/\/historiografija.hr\/index.php?rest_route=\/wp\/v2\/posts\/40526","targetHints":{"allow":["GET"]}}],"collection":[{"href":"https:\/\/historiografija.hr\/index.php?rest_route=\/wp\/v2\/posts"}],"about":[{"href":"https:\/\/historiografija.hr\/index.php?rest_route=\/wp\/v2\/types\/post"}],"author":[{"embeddable":true,"href":"https:\/\/historiografija.hr\/index.php?rest_route=\/wp\/v2\/users\/2"}],"replies":[{"embeddable":true,"href":"https:\/\/historiografija.hr\/index.php?rest_route=%2Fwp%2Fv2%2Fcomments&post=40526"}],"version-history":[{"count":3,"href":"https:\/\/historiografija.hr\/index.php?rest_route=\/wp\/v2\/posts\/40526\/revisions"}],"predecessor-version":[{"id":40530,"href":"https:\/\/historiografija.hr\/index.php?rest_route=\/wp\/v2\/posts\/40526\/revisions\/40530"}],"wp:featuredmedia":[{"embeddable":true,"href":"https:\/\/historiografija.hr\/index.php?rest_route=\/wp\/v2\/media\/40527"}],"wp:attachment":[{"href":"https:\/\/historiografija.hr\/index.php?rest_route=%2Fwp%2Fv2%2Fmedia&parent=40526"}],"wp:term":[{"taxonomy":"category","embeddable":true,"href":"https:\/\/historiografija.hr\/index.php?rest_route=%2Fwp%2Fv2%2Fcategories&post=40526"},{"taxonomy":"post_tag","embeddable":true,"href":"https:\/\/historiografija.hr\/index.php?rest_route=%2Fwp%2Fv2%2Ftags&post=40526"}],"curies":[{"name":"wp","href":"https:\/\/api.w.org\/{rel}","templated":true}]}}