{"id":40521,"date":"2024-04-22T16:17:06","date_gmt":"2024-04-22T16:17:06","guid":{"rendered":"http:\/\/historiografija.hr\/?p=40521"},"modified":"2024-04-22T16:19:28","modified_gmt":"2024-04-22T16:19:28","slug":"preminuo-roy-bridge","status":"publish","type":"post","link":"https:\/\/historiografija.hr\/?p=40521","title":{"rendered":"Preminuo Roy Bridge"},"content":{"rendered":"\n<p>Uz prethodno objavljenu vijest o smrti Robina Okeyja, obavje\u0161tavamo da je u prosincu 2023. godine preminuo i povjesni\u010dar Roy Bridge (1940-2023), autor knjige \u201eFrom Sadowa to Sarajevo: The Foreign Policy of Austria-Hungary 1866-1914\u201c iz 1972. godine te nekoliko drugih knjiga iz diplomatske povijesti \u201edugog\u201c 19. stolje\u0107a. I o Royu Bridgeu kao povjesni\u010daru Habsbur\u0161ke Monarhije pisala je Nikolina \u0160imetin \u0160egvi\u0107 u knjizi \u201eKraj Habsbur\u0161ke Monarhije. Intelektualna povijest debata i prijepora u britanskoj i ameri\u010dkoj historiografiji\u201c.<\/p>\n\n\n\n<hr class=\"wp-block-separator\"\/>\n\n\n\n<p><strong>Nekrolozi<\/strong>:<\/p>\n\n\n\n<hr class=\"wp-block-separator\"\/>\n\n\n\n<p>University of Leeds<\/p>\n\n\n\n<figure class=\"wp-block-embed-wordpress wp-block-embed is-type-wp-embed is-provider-secretariat\"><div class=\"wp-block-embed__wrapper\">\n<blockquote class=\"wp-embedded-content\" data-secret=\"W02t0uPkEE\"><a href=\"https:\/\/secretariat.leeds.ac.uk\/home\/obituaries\/roy-bridge\/\">Emeritus Professor Roy Bridge<\/a><\/blockquote><iframe loading=\"lazy\" class=\"wp-embedded-content\" sandbox=\"allow-scripts\" security=\"restricted\" style=\"position: absolute; clip: rect(1px, 1px, 1px, 1px);\" title=\"&#8220;Emeritus Professor Roy Bridge&#8221; &#8212; Secretariat\" src=\"https:\/\/secretariat.leeds.ac.uk\/home\/obituaries\/roy-bridge\/embed\/#?secret=fJGSsjbsUA#?secret=W02t0uPkEE\" data-secret=\"W02t0uPkEE\" width=\"600\" height=\"338\" frameborder=\"0\" marginwidth=\"0\" marginheight=\"0\" scrolling=\"no\"><\/iframe>\n<\/div><\/figure>\n\n\n\n<hr class=\"wp-block-separator\"\/>\n\n\n\n<p>Mark Cornwall<\/p>\n\n\n\n<p><a href=\"https:\/\/www.theguardian.com\/books\/2024\/mar\/04\/roy-bridge-obituary\">https:\/\/www.theguardian.com\/books\/2024\/mar\/04\/roy-bridge-obituary<\/a><\/p>\n\n\n\n<hr class=\"wp-block-separator\"\/>\n\n\n\n<p><strong>Op\u0161irnije:<\/strong><\/p>\n\n\n\n<figure class=\"wp-block-embed-wordpress wp-block-embed is-type-wp-embed is-provider-historiografija-hr\"><div class=\"wp-block-embed__wrapper\">\n<blockquote class=\"wp-embedded-content\" data-secret=\"hjIIy7Nbyt\"><a href=\"https:\/\/historiografija.hr\/?p=33218\">Nikolina \u0160imetin \u0160egvi\u0107, \u201eKraj Habsbur\u0161ke Monarhije. Intelektualna povijest debata i prijepora u britanskoj i ameri\u010dkoj historiografiji\u201c<\/a><\/blockquote><iframe loading=\"lazy\" class=\"wp-embedded-content\" sandbox=\"allow-scripts\" security=\"restricted\" style=\"position: absolute; clip: rect(1px, 1px, 1px, 1px);\" title=\"&#8220;Nikolina \u0160imetin \u0160egvi\u0107, \u201eKraj Habsbur\u0161ke Monarhije. Intelektualna povijest debata i prijepora u britanskoj i ameri\u010dkoj historiografiji\u201c&#8221; &#8212; Historiografija.hr\" src=\"https:\/\/historiografija.hr\/?p=33218&#038;embed=true#?secret=hjIIy7Nbyt\" data-secret=\"hjIIy7Nbyt\" width=\"600\" height=\"338\" frameborder=\"0\" marginwidth=\"0\" marginheight=\"0\" scrolling=\"no\"><\/iframe>\n<\/div><\/figure>\n\n\n\n<hr class=\"wp-block-separator\"\/>\n","protected":false},"excerpt":{"rendered":"","protected":false},"author":2,"featured_media":40522,"comment_status":"open","ping_status":"open","sticky":false,"template":"","format":"standard","meta":{"_acf_changed":false,"jetpack_post_was_ever_published":false,"_jetpack_newsletter_access":"","_jetpack_dont_email_post_to_subs":false,"_jetpack_newsletter_tier_id":0,"_jetpack_memberships_contains_paywalled_content":false,"_jetpack_memberships_contains_paid_content":false,"footnotes":"","jetpack_publicize_message":"","jetpack_publicize_feature_enabled":true,"jetpack_social_post_already_shared":true,"jetpack_social_options":{"image_generator_settings":{"template":"highway","default_image_id":0,"font":"","enabled":false},"version":2}},"categories":[3,20],"tags":[],"class_list":["post-40521","post","type-post","status-publish","format-standard","has-post-thumbnail","hentry","category-novosti","category-obavijesti-o-smrti-i-nekrolozi"],"acf":{"facebook_opis":""},"jetpack_publicize_connections":[],"jetpack_featured_media_url":"https:\/\/i0.wp.com\/historiografija.hr\/wp-content\/uploads\/2024\/04\/Bridge.png?fit=1200%2C900&ssl=1","jetpack_sharing_enabled":true,"jetpack-related-posts":[],"_links":{"self":[{"href":"https:\/\/historiografija.hr\/index.php?rest_route=\/wp\/v2\/posts\/40521","targetHints":{"allow":["GET"]}}],"collection":[{"href":"https:\/\/historiografija.hr\/index.php?rest_route=\/wp\/v2\/posts"}],"about":[{"href":"https:\/\/historiografija.hr\/index.php?rest_route=\/wp\/v2\/types\/post"}],"author":[{"embeddable":true,"href":"https:\/\/historiografija.hr\/index.php?rest_route=\/wp\/v2\/users\/2"}],"replies":[{"embeddable":true,"href":"https:\/\/historiografija.hr\/index.php?rest_route=%2Fwp%2Fv2%2Fcomments&post=40521"}],"version-history":[{"count":3,"href":"https:\/\/historiografija.hr\/index.php?rest_route=\/wp\/v2\/posts\/40521\/revisions"}],"predecessor-version":[{"id":40525,"href":"https:\/\/historiografija.hr\/index.php?rest_route=\/wp\/v2\/posts\/40521\/revisions\/40525"}],"wp:featuredmedia":[{"embeddable":true,"href":"https:\/\/historiografija.hr\/index.php?rest_route=\/wp\/v2\/media\/40522"}],"wp:attachment":[{"href":"https:\/\/historiografija.hr\/index.php?rest_route=%2Fwp%2Fv2%2Fmedia&parent=40521"}],"wp:term":[{"taxonomy":"category","embeddable":true,"href":"https:\/\/historiografija.hr\/index.php?rest_route=%2Fwp%2Fv2%2Fcategories&post=40521"},{"taxonomy":"post_tag","embeddable":true,"href":"https:\/\/historiografija.hr\/index.php?rest_route=%2Fwp%2Fv2%2Ftags&post=40521"}],"curies":[{"name":"wp","href":"https:\/\/api.w.org\/{rel}","templated":true}]}}