{"id":40495,"date":"2024-04-19T21:20:58","date_gmt":"2024-04-19T21:20:58","guid":{"rendered":"http:\/\/historiografija.hr\/?p=40495"},"modified":"2024-06-25T12:28:30","modified_gmt":"2024-06-25T12:28:30","slug":"predstavljanje-knjige-klausa-buchenaua-from-grand-estates-to-grand-corruption-the-battle-over-the-possessions-of-prince-albert-of-thurn-and-taxis-in-interwar-yugoslavia","status":"publish","type":"post","link":"https:\/\/historiografija.hr\/?p=40495","title":{"rendered":"Predstavljanje knjige Klausa Buchenaua \u201eFrom Grand Estates to Grand Corruption. The battle over the possessions of Prince Albert of Thurn and Taxis in interwar Yugoslavia\u201c"},"content":{"rendered":"\n<p>Predstavljanje knjige \u201e<em>From Grand Estates to Grand Corruption. The battle over the possessions of Prince Albert of Thurn and Taxis in interwar Yugoslavia<\/em>\u201c <strong>prof. dr. Klausa Buchenaua<\/strong> sa Sveu\u010dili\u0161ta u Regensburgu, odr\u017eat \u0107e se u srijedu 24. travnja 2024. godine u Konferencijskoj dvorani knji\u017enice Filozofskog fakulteta u Zagrebu u 15:00 sati. O knjizi \u0107e govoriti prof. dr. Ivica \u0160ute, dr. sc. Stipica Grgi\u0107 i autor.<\/p>\n\n\n\n<hr class=\"wp-block-separator\"\/>\n\n\n\n<figure class=\"wp-block-embed-wordpress wp-block-embed is-type-wp-embed is-provider-historiografija-hr\"><div class=\"wp-block-embed__wrapper\">\n<blockquote class=\"wp-embedded-content\" data-secret=\"LixyR7MsPf\"><a href=\"https:\/\/historiografija.hr\/?p=39607\">Klaus Buchenau, &#8220;From Grand Estates to Grand Corruption: The battle over the possessions of Prince Albert of Thurn and Taxis in interwar Yugoslavia&#8221;<\/a><\/blockquote><iframe loading=\"lazy\" class=\"wp-embedded-content\" sandbox=\"allow-scripts\" security=\"restricted\" style=\"position: absolute; clip: rect(1px, 1px, 1px, 1px);\" title=\"&#8220;Klaus Buchenau, &#8220;From Grand Estates to Grand Corruption: The battle over the possessions of Prince Albert of Thurn and Taxis in interwar Yugoslavia&#8221;&#8221; &#8212; Historiografija.hr\" src=\"https:\/\/historiografija.hr\/?p=39607&#038;embed=true#?secret=LixyR7MsPf\" data-secret=\"LixyR7MsPf\" width=\"600\" height=\"338\" frameborder=\"0\" marginwidth=\"0\" marginheight=\"0\" scrolling=\"no\"><\/iframe>\n<\/div><\/figure>\n\n\n\n<hr class=\"wp-block-separator\"\/>\n\n\n\n<p>Dodatne obavijesti:<\/p>\n\n\n\n<p><a href=\"https:\/\/www.matica.hr\/vijenac\/790\/povijest-korupcije-njemacke-obitelji-thurn-und-taxis-36535\/\">https:\/\/www.matica.hr\/vijenac\/790\/povijest-korupcije-njemacke-obitelji-thurn-und-taxis-36535\/<\/a><\/p>\n\n\n\n<hr class=\"wp-block-separator\"\/>\n","protected":false},"excerpt":{"rendered":"","protected":false},"author":2,"featured_media":39608,"comment_status":"open","ping_status":"open","sticky":false,"template":"","format":"standard","meta":{"_acf_changed":false,"jetpack_post_was_ever_published":false,"_jetpack_newsletter_access":"","_jetpack_dont_email_post_to_subs":false,"_jetpack_newsletter_tier_id":0,"_jetpack_memberships_contains_paywalled_content":false,"_jetpack_memberships_contains_paid_content":false,"footnotes":"","jetpack_publicize_message":"","jetpack_publicize_feature_enabled":true,"jetpack_social_post_already_shared":true,"jetpack_social_options":{"image_generator_settings":{"template":"highway","default_image_id":0,"font":"","enabled":false},"version":2}},"categories":[3],"tags":[],"class_list":["post-40495","post","type-post","status-publish","format-standard","has-post-thumbnail","hentry","category-novosti"],"acf":{"facebook_opis":""},"jetpack_publicize_connections":[],"jetpack_featured_media_url":"https:\/\/i0.wp.com\/historiografija.hr\/wp-content\/uploads\/2024\/02\/Klaus_Buchenau.jpg?fit=330%2C500&ssl=1","jetpack_sharing_enabled":true,"jetpack-related-posts":[],"_links":{"self":[{"href":"https:\/\/historiografija.hr\/index.php?rest_route=\/wp\/v2\/posts\/40495","targetHints":{"allow":["GET"]}}],"collection":[{"href":"https:\/\/historiografija.hr\/index.php?rest_route=\/wp\/v2\/posts"}],"about":[{"href":"https:\/\/historiografija.hr\/index.php?rest_route=\/wp\/v2\/types\/post"}],"author":[{"embeddable":true,"href":"https:\/\/historiografija.hr\/index.php?rest_route=\/wp\/v2\/users\/2"}],"replies":[{"embeddable":true,"href":"https:\/\/historiografija.hr\/index.php?rest_route=%2Fwp%2Fv2%2Fcomments&post=40495"}],"version-history":[{"count":2,"href":"https:\/\/historiografija.hr\/index.php?rest_route=\/wp\/v2\/posts\/40495\/revisions"}],"predecessor-version":[{"id":41320,"href":"https:\/\/historiografija.hr\/index.php?rest_route=\/wp\/v2\/posts\/40495\/revisions\/41320"}],"wp:featuredmedia":[{"embeddable":true,"href":"https:\/\/historiografija.hr\/index.php?rest_route=\/wp\/v2\/media\/39608"}],"wp:attachment":[{"href":"https:\/\/historiografija.hr\/index.php?rest_route=%2Fwp%2Fv2%2Fmedia&parent=40495"}],"wp:term":[{"taxonomy":"category","embeddable":true,"href":"https:\/\/historiografija.hr\/index.php?rest_route=%2Fwp%2Fv2%2Fcategories&post=40495"},{"taxonomy":"post_tag","embeddable":true,"href":"https:\/\/historiografija.hr\/index.php?rest_route=%2Fwp%2Fv2%2Ftags&post=40495"}],"curies":[{"name":"wp","href":"https:\/\/api.w.org\/{rel}","templated":true}]}}