{"id":40472,"date":"2024-04-18T14:41:16","date_gmt":"2024-04-18T14:41:16","guid":{"rendered":"http:\/\/historiografija.hr\/?p=40472"},"modified":"2024-04-18T14:41:16","modified_gmt":"2024-04-18T14:41:16","slug":"roundtable-when-left-moves-right-the-decline-of-the-left-and-the-rise-of-the-populist-right-in-postcommunist-europe","status":"publish","type":"post","link":"https:\/\/historiografija.hr\/?p=40472","title":{"rendered":"Roundtable \u201eWhen Left Moves Right: The Decline of the Left and the Rise of the Populist Right in Postcommunist Europe\u201c"},"content":{"rendered":"\n<p>Thursday, April 18, 2024, 6:00 pm \u2013 7:30 pm<\/p>\n\n\n\n<hr class=\"wp-block-separator\"\/>\n\n\n\n<p>Speaker<\/p>\n\n\n\n<p><a href=\"https:\/\/mariasnegovaya.com\/\">Maria Snegovaya<\/a><\/p>\n\n\n\n<p>The <a href=\"https:\/\/democracyinstitute.ceu.edu\/research\/de-re-democratization\">De- and Re-Democratization (DRD) Workgroup<\/a>&nbsp;of the CEU Democracy Institute cordially invites you to its third presentation of Illuminating Books on Democracy and Authoritarianism.<\/p>\n\n\n\n<p>If you would like to attend, please register <a href=\"https:\/\/forms.office.com\/e\/LRE3aFiiJx\">here<\/a>.<\/p>\n\n\n\n<p>If you would like to receive information about upcoming llluminating Books or other events organized by the Working Group, sign up for the DRD mailing list&nbsp;<a href=\"https:\/\/forms.office.com\/Pages\/ResponsePage.aspx?id=E1nE2VN24kuSC72wOGOBhMjXaFBhA05FuJasEhaPxdFUNDhCNTNLTDBFMUJNNzNTQ1dSWURURVg1SC4u\">here<\/a>.<\/p>\n\n\n\n<p><strong>Book:<\/strong><\/p>\n\n\n\n<p><a href=\"https:\/\/global.oup.com\/academic\/product\/when-left-moves-right-9780197699034?cc=hu&amp;lang=en&amp;\"><strong>Maria Snegovaya: When Left Moves Right: The Decline of the Left and the Rise of the Populist Right in Postcommunist Europe<\/strong> <\/a>(Oxford University Press, 2024)<\/p>\n\n\n\n<p>Over the past two decades, postcommunist countries have witnessed a sudden shift in the electoral fortunes of their political parties: previously successful center-left parties suffered dramatic electoral defeats, while right-wing populist parties soared in popularity. This dynamic echoed similar processes in Western Europe and raises a question: Were these dynamics in any way connected? This book argues that they were. And that the root of the connection between them lies in the pro-market rebranding of the ex-communist left. This book demonstrates that, though the left\u2019s pro-market shift initially led to electoral rewards, it had a less straightforward impact on left-wing parties\u2019 electoral fortunes in the long run. Traditional supporters of the left (working-class and economically vulnerable groups) were alienated by the new economic policies, and the middle-class voters newly drawn to these parties did not compensate for those losses. As a result, several electoral rounds following the rebranding, reformist parties on the left suffered electoral defeats. In response, right-wing parties in their respective countries adopted more redistributive economic platforms consistent with preferences of former supporters of the left and incorporated sizable shares of these electorates. The book traces this process in postcommunist Europe. It argues that scholars should incorporate the economic policy dimension when explaining the demise of the left and the rise of the populist right in the region. It also examines important parallels between the dynamics of Western and postcommunist countries by arguing that the idiosyncrasy of Eastern European politics has been overstated in the scholarly literature.<\/p>\n\n\n\n<p><strong>Author:<\/strong><\/p>\n\n\n\n<p><strong><a href=\"https:\/\/mariasnegovaya.com\/\">Maria Snegovaya<\/a> <\/strong>is a Postdoctoral Fellow in Georgetown University&#8217;s Walsh School of Foreign Service,&nbsp; Senior Fellow with the Europe, Russia, and Eurasia Program at the Center for Strategic and International Studies, and a Fellow at the Illiberalism Studies Program at George Washington University. She earned her Ph.D. in Political Science from Columbia University.<\/p>\n\n\n\n<p><strong>Discussants:<\/strong><\/p>\n\n\n\n<p><strong><a href=\"https:\/\/scholar.google.com\/citations?user=DOsD_PAAAAAJ&amp;hl=en\">Vassilis Petsinis<\/a> <\/strong>is an Associate Professor of Political Science at the Corvinus University (Institute of Global Studies) in Budapest, Hungary. His research expertise lies&nbsp; in European Politics and Ethnopolitics. He was formerly Marie Sk\u0142odowska-Curie fellow at the University of Tartu (2017\u201319). He authored the monographs National Identity in Serbia: The Vojvodina and a Multiethnic Community in the Balkans (Bloomsbury, 2020) and Cross-regional Ethnopolitics in Central and Eastern Europe: Lessons from the Western Balkans and the Baltic States (Palgrave Macmillan, 2022), as well as other academic publications that cover a range of countries as diverse as Serbia, Croatia, Romania, Hungary, Slovakia, Estonia, Latvia, and Greece.<\/p>\n\n\n\n<p><strong><a href=\"https:\/\/politikatudomany.tk.hu\/en\/researcher\/boda-zsolt\">Zsolt Boda<\/a><\/strong> is a research professor and director general of the HUN-REN Centre for Social Sciences \u2013 &nbsp;Hungarian Academy of Sciences Centre of Excellence as well as part-time professor of political science at the ELTE University of Budapest. He holds an MA in economics, a PhD as well as a DSc in political science. He did research at the University of North Carolina, Chapel Hill, the University of Versailles as well as the Centre des Sciences de l\u2019Homme, Paris and was teaching at Paris 6, the University of Nordland, and the European University Viadrina. His academic work focuses on the problems of governance, public policy, as well as institutional trust, its social roots and its consequences for policy effectiveness. From 2019 to 2022 he was the principal investigator of DEMOS \u2013 Democratic efficacy and the varieties of populism in Europe, a consortial H2020 project. He is now leading a research project on the challenges of greening state governance.<\/p>\n\n\n\n<p><strong>Moderator:<\/strong><\/p>\n\n\n\n<p><strong><a href=\"https:\/\/democracyinstitute.ceu.edu\/people\/karolina-zbytniewska\">Karolina Zbytniewska<\/a> <\/strong>is a Junior Research Affiliate at the Democracy Institute, Chief Editor at EURACTIV Poland and a major Polish expert media focusing on European affairs. She is board Member at Europe&#8217;s MediaLab. Karolina is a political scientist specialized in democracy and populism and a lecturer at Warsaw University. Alumna of Fulbright, Marie Curie Research Fellowship, and Bertelsmann Leaders for Europe program. Currently she is a Re:constitution fellow.\u00a0<\/p>\n\n\n\n<hr class=\"wp-block-separator\"\/>\n\n\n\n<p><a href=\"https:\/\/events.ceu.edu\/2024-04-18\/when-left-moves-right-decline-left-and-rise-populist-right-postcommunist-europe\">https:\/\/events.ceu.edu\/2024-04-18\/when-left-moves-right-decline-left-and-rise-populist-right-postcommunist-europe<\/a><\/p>\n\n\n\n<hr class=\"wp-block-separator\"\/>\n","protected":false},"excerpt":{"rendered":"","protected":false},"author":2,"featured_media":40473,"comment_status":"open","ping_status":"open","sticky":false,"template":"","format":"standard","meta":{"_acf_changed":false,"jetpack_post_was_ever_published":false,"_jetpack_newsletter_access":"","_jetpack_dont_email_post_to_subs":false,"_jetpack_newsletter_tier_id":0,"_jetpack_memberships_contains_paywalled_content":false,"_jetpack_memberships_contains_paid_content":false,"footnotes":"","jetpack_publicize_message":"","jetpack_publicize_feature_enabled":true,"jetpack_social_post_already_shared":true,"jetpack_social_options":{"image_generator_settings":{"template":"highway","default_image_id":0,"font":"","enabled":false},"version":2}},"categories":[3],"tags":[],"class_list":["post-40472","post","type-post","status-publish","format-standard","has-post-thumbnail","hentry","category-novosti"],"acf":{"facebook_opis":""},"jetpack_publicize_connections":[],"jetpack_featured_media_url":"https:\/\/i0.wp.com\/historiografija.hr\/wp-content\/uploads\/2024\/04\/illuminating-books.png?fit=825%2C550&ssl=1","jetpack_sharing_enabled":true,"jetpack-related-posts":[{"id":52622,"url":"https:\/\/historiografija.hr\/?p=52622","url_meta":{"origin":40472,"position":0},"title":"Annual CAPONEU conference: Political Novel in Europe Between Democracy and Authoritarianism","author":"Branimir Jankovi\u0107","date":"23. travnja 2026.","format":false,"excerpt":"Caponeu event 22.04.2026 - 24.04.2026 Location: The Faculty of Polish and Classical Philology AMU (Fredry 10, Pozna\u0144)Organized by: Tomasz Mizerkiewicz, Krystyna Pieni\u0105\u017cek-Markovi\u0107, Anna Gawarecka, Ewa Szperlik, Magda Potok, B\u0142a\u017cej Warkocki, Gerard Ronge (all Adam Mickiewicz University in Pozna\u0144)Contact: gerron@amu.edu.pl The Adam Mickiewicz University team, as part of the international CAPONEU\u2026","rel":"","context":"U &quot;Novosti&quot;","block_context":{"text":"Novosti","link":"https:\/\/historiografija.hr\/?cat=3"},"img":{"alt_text":"","src":"https:\/\/i0.wp.com\/historiografija.hr\/wp-content\/uploads\/2026\/04\/Caponeu-political-novel.jpg?fit=500%2C261&ssl=1&resize=350%2C200","width":350,"height":200},"classes":[]},{"id":52664,"url":"https:\/\/historiografija.hr\/?p=52664","url_meta":{"origin":40472,"position":1},"title":"CfP: CONFERENCE OF THE HISTORY OF CONCEPTS GROUP, HELSINKI, 19TH\u201321ST AUGUST 2026 (DEADLINE: 30TH APRIL 2026)","author":"Branimir Jankovi\u0107","date":"24. travnja 2026.","format":false,"excerpt":"The annual conference of the History of Concepts Group is held at the University of Helsinki, 19-21 August 2026. Conference of the History of Concepts Group Conceptual history studies the use of concepts and tries to understand how historical actors have linguistically articulated views of the world. Studying concepts from\u2026","rel":"","context":"U &quot;Novosti&quot;","block_context":{"text":"Novosti","link":"https:\/\/historiografija.hr\/?cat=3"},"img":{"alt_text":"","src":"https:\/\/i0.wp.com\/historiografija.hr\/wp-content\/uploads\/2017\/10\/hsozkult.png?fit=1006%2C241&ssl=1&resize=350%2C200","width":350,"height":200,"srcset":"https:\/\/i0.wp.com\/historiografija.hr\/wp-content\/uploads\/2017\/10\/hsozkult.png?fit=1006%2C241&ssl=1&resize=350%2C200 1x, https:\/\/i0.wp.com\/historiografija.hr\/wp-content\/uploads\/2017\/10\/hsozkult.png?fit=1006%2C241&ssl=1&resize=525%2C300 1.5x, https:\/\/i0.wp.com\/historiografija.hr\/wp-content\/uploads\/2017\/10\/hsozkult.png?fit=1006%2C241&ssl=1&resize=700%2C400 2x"},"classes":[]},{"id":52679,"url":"https:\/\/historiografija.hr\/?p=52679","url_meta":{"origin":40472,"position":2},"title":"CfP: CHOSEN NATION(S): HISTORICAL AND CULTURAL INTERPRETATIONS OF EXCEPTIONALISM, BUDAPEST, 10TH\u201311TH JUNE 2026 (DEADLINE: 1ST MAY 2026)","author":"Branimir Jankovi\u0107","date":"27. travnja 2026.","format":false,"excerpt":"The Ludovika University of Public Service (NKE) and the Jewish Theological Seminary \u2013 University of Jewish Studies (OR-ZSE) are pleased to announce a joint academic conference on \u201cChosen Nation(s): Historical and Cultural Interpretations of Exceptionalism\u201d, to be held in Budapest, Hungary. Chosen Nation(s): Historical and Cultural Interpretations of Exceptionalism Keynote\u2026","rel":"","context":"U &quot;Novosti&quot;","block_context":{"text":"Novosti","link":"https:\/\/historiografija.hr\/?cat=3"},"img":{"alt_text":"","src":"https:\/\/i0.wp.com\/historiografija.hr\/wp-content\/uploads\/2017\/10\/hsozkult.png?fit=1006%2C241&ssl=1&resize=350%2C200","width":350,"height":200,"srcset":"https:\/\/i0.wp.com\/historiografija.hr\/wp-content\/uploads\/2017\/10\/hsozkult.png?fit=1006%2C241&ssl=1&resize=350%2C200 1x, https:\/\/i0.wp.com\/historiografija.hr\/wp-content\/uploads\/2017\/10\/hsozkult.png?fit=1006%2C241&ssl=1&resize=525%2C300 1.5x, https:\/\/i0.wp.com\/historiografija.hr\/wp-content\/uploads\/2017\/10\/hsozkult.png?fit=1006%2C241&ssl=1&resize=700%2C400 2x"},"classes":[]},{"id":52516,"url":"https:\/\/historiografija.hr\/?p=52516","url_meta":{"origin":40472,"position":3},"title":"Marko Grde\u0161i\u0107, Mislav \u017ditko, \u201eSocialist Economics in Yugoslavia: A Critical History\u201c","author":"Branimir Jankovi\u0107","date":"17. travnja 2026.","format":false,"excerpt":"This book presents a critical history of Yugoslav socialist economics, from its inception in the late 1940s to its dissolution in the late 1980s. After the dramatic break with the Soviet Union in 1948, Yugoslavia found itself in urgent need of a third way: A socialist trajectory which would not\u2026","rel":"","context":"U &quot;Knjige&quot;","block_context":{"text":"Knjige","link":"https:\/\/historiografija.hr\/?cat=8"},"img":{"alt_text":"","src":"https:\/\/i0.wp.com\/historiografija.hr\/wp-content\/uploads\/2026\/04\/Zitko_Grdesic.jpg?fit=350%2C535&ssl=1&resize=350%2C200","width":350,"height":200},"classes":[]},{"id":52625,"url":"https:\/\/historiografija.hr\/?p=52625","url_meta":{"origin":40472,"position":4},"title":"Omer Bartov, \u201eIsrael: What Went Wrong?\u201c","author":"Branimir Jankovi\u0107","date":"23. travnja 2026.","format":false,"excerpt":"Professor Omer Bartov was born on a kibbutz, grew up in Tel Aviv and served in the Israel Defence Forces during the Yom Kippur War. He went on to become an expert on the German army and the Holocaust, before turning his attention to his native country.In Israel: What Went\u2026","rel":"","context":"U &quot;Knjige&quot;","block_context":{"text":"Knjige","link":"https:\/\/historiografija.hr\/?cat=8"},"img":{"alt_text":"","src":"https:\/\/i0.wp.com\/historiografija.hr\/wp-content\/uploads\/2026\/04\/Bartov.jpeg?fit=320%2C500&ssl=1&resize=350%2C200","width":350,"height":200},"classes":[]}],"_links":{"self":[{"href":"https:\/\/historiografija.hr\/index.php?rest_route=\/wp\/v2\/posts\/40472","targetHints":{"allow":["GET"]}}],"collection":[{"href":"https:\/\/historiografija.hr\/index.php?rest_route=\/wp\/v2\/posts"}],"about":[{"href":"https:\/\/historiografija.hr\/index.php?rest_route=\/wp\/v2\/types\/post"}],"author":[{"embeddable":true,"href":"https:\/\/historiografija.hr\/index.php?rest_route=\/wp\/v2\/users\/2"}],"replies":[{"embeddable":true,"href":"https:\/\/historiografija.hr\/index.php?rest_route=%2Fwp%2Fv2%2Fcomments&post=40472"}],"version-history":[{"count":1,"href":"https:\/\/historiografija.hr\/index.php?rest_route=\/wp\/v2\/posts\/40472\/revisions"}],"predecessor-version":[{"id":40474,"href":"https:\/\/historiografija.hr\/index.php?rest_route=\/wp\/v2\/posts\/40472\/revisions\/40474"}],"wp:featuredmedia":[{"embeddable":true,"href":"https:\/\/historiografija.hr\/index.php?rest_route=\/wp\/v2\/media\/40473"}],"wp:attachment":[{"href":"https:\/\/historiografija.hr\/index.php?rest_route=%2Fwp%2Fv2%2Fmedia&parent=40472"}],"wp:term":[{"taxonomy":"category","embeddable":true,"href":"https:\/\/historiografija.hr\/index.php?rest_route=%2Fwp%2Fv2%2Fcategories&post=40472"},{"taxonomy":"post_tag","embeddable":true,"href":"https:\/\/historiografija.hr\/index.php?rest_route=%2Fwp%2Fv2%2Ftags&post=40472"}],"curies":[{"name":"wp","href":"https:\/\/api.w.org\/{rel}","templated":true}]}}