{"id":40442,"date":"2024-04-16T20:57:12","date_gmt":"2024-04-16T20:57:12","guid":{"rendered":"http:\/\/historiografija.hr\/?p=40442"},"modified":"2024-04-16T20:59:54","modified_gmt":"2024-04-16T20:59:54","slug":"poziv-za-prijavu-na-medunarodnu-bohemisticku-znanstvenu-konferenciju-migracije","status":"publish","type":"post","link":"https:\/\/historiografija.hr\/?p=40442","title":{"rendered":"Poziv za prijavu na Me\u0111unarodnu bohemisti\u010dku znanstvenu konferenciju \u2013 Migracije"},"content":{"rendered":"\n<p>KATEDRA ZA \u010cE\u0160KI JEZIK I KNJI\u017dEVNOST<\/p>\n\n\n\n<p>ODSJEK ZA ZAPADNOSLAVENSKE JEZIKE I KNJI\u017dEVNOSTI<\/p>\n\n\n\n<p>FILOZOFSKI FAKULTET SVEU\u010cILI\u0160TA U ZAGREBU<\/p>\n\n\n\n<p>poziva Vas na<\/p>\n\n\n\n<p><strong>Me\u0111unarodnu bohemisti\u010dku znanstvenu konferenciju \u2013 Migracije<\/strong><\/p>\n\n\n\n<p>koja \u0107e se odr\u017eati 26.-27. rujna 2024. na Filozofskom fakultetu u Zagrebu<\/p>\n\n\n\n<p>Iako posebno aktualne u posljednjih nekoliko godina, migracije (dobrovoljne ili prisilne) predstavljaju konstantu povijesti \u010dovje\u010danstva. U kontekstu promi\u0161ljanja migracija otvaraju se brojna pitanja \u2013 o identitetu, korijenima, (ne)pripadnosti, granicama, jeziku, (ne)toleranciji, integraciji, kulturnom naslje\u0111u i njegovim promjenama. Upravo zbog njezine \u0161irine, temi migracija mo\u017ee se pristupiti iz lingvisti\u010dkog, knji\u017eevnoteorijskog i knji\u017eevnopovijesnog, kulturolo\u0161kog i povijesnog ugla. Bitnu ulogu u kontekstu pitanja koja otvaraju migracije svakako predstavlja i obrazovanje i pou\u010davanje. S obzirom na povijest i sada\u0161njost \u010ce\u0161ke, ova \u0107e tema zasigurno poslu\u017eiti kao inspiracija za mnoge zanimljive bohemisti\u010dke i bohemisti\u010dko-komparatisti\u010dke radove i diskusije.<\/p>\n\n\n\n<p><strong>VA\u017dNE INFORMACIJE:<\/strong><\/p>\n\n\n\n<p>Konferencija \u0107e se odr\u017eati <strong>u hibridnom obliku (u\u017eivo i online)<\/strong>.<\/p>\n\n\n\n<p><strong>Vrijeme i mjesto odr\u017eavanja skupa:<\/strong> 26.-27. rujna 2024., Filozofski fakultet Sveu\u010dili\u0161ta u Zagrebu, Ivana Lu\u010di\u0107a 3<\/p>\n\n\n\n<p><strong>Prijava<\/strong>: Ispunjenu prijavnicu treba poslati do 15. lipnja 2024. na <strong>migracije2024@gmail.com<\/strong>. Obavijest o prihva\u0107anju izlaganja autori \u0107e dobiti do 20. lipnja 2024. godine.<\/p>\n\n\n\n<p><strong>Planirano vrijeme izlaganja<\/strong>: 15 minuta<\/p>\n\n\n\n<p><strong>Jezici skupa: <\/strong>\u010de\u0161ki, hrvatski i engleski<\/p>\n\n\n\n<p><strong>Kotizacija:<\/strong> 80 EUR za ranu prijavu (rok za pla\u0107anje: 15. srpnja 2024.), odnosno 100 EUR za prijavu do 15. rujna 2024.<\/p>\n\n\n\n<p>Kotizacija se pla\u0107a po izlaga\u010du (ne po izlaganju), a uklju\u010duje konferencijske materijale, osvje\u017eenje u stankama, dva ru\u010dka, popratni kulturni program sa zakuskom te tro\u0161kove objave rada u recenziranom zborniku radova. Tro\u0161kove puta i smje\u0161taja snose sudionici.<\/p>\n\n\n\n<hr class=\"wp-block-separator\"\/>\n\n\n\n<p>KATEDRA \u010cESK\u00c9HO JAZYKA A LITERATURY<\/p>\n\n\n\n<p>ODD\u011aLEN\u00cd Z\u00c1PADOSLOVANSK\u00ddCH JAZYK\u016e A LITERATUR<\/p>\n\n\n\n<p>FILOZOFICK\u00c1 FAKULTA UNIVERZITY V Z\u00c1H\u0158EBU<\/p>\n\n\n\n<p>V\u00e1s srde\u010dn\u011b zve na<\/p>\n\n\n\n<p><strong>Mezin\u00e1rodn\u00ed bohemistickou v\u011bdeckou konferenci \u2013 Migrace,<\/strong><\/p>\n\n\n\n<p>kter\u00e1 se bude konat 26. a 27. &nbsp;z\u00e1\u0159\u00ed 2024 na Filozofick\u00e9 fakult\u011b v&nbsp;Z\u00e1h\u0159ebu.<\/p>\n\n\n\n<p>I p\u0159es jej\u00ed mimo\u0159\u00e1dnou aktu\u00e1lnost v&nbsp;posledn\u00edch n\u011bkolika letech je migrace (dobrovoln\u00e1 \u010di vynucen\u00e1) konstantou historie lidstva. V&nbsp;kontextu \u00favah o migraci se otev\u00edraj\u00ed mnoh\u00e9 ot\u00e1zky \u2013 o identit\u011b, ko\u0159enech, (ne)p\u0159\u00edslu\u0161nosti, hranic\u00edch, jazyku, (ne)toleranci, integraci, kulturn\u00edm d\u011bdictv\u00ed a jeho zm\u011bn\u00e1ch. Pr\u00e1v\u011b pro jeho \u0161\u00ed\u0159i lze k t\u00e9matu migrace p\u0159istoupit z&nbsp;lingvistick\u00e9ho, liter\u00e1rn\u011bteoretick\u00e9ho a liter\u00e1rn\u011bhistorick\u00e9ho, kulturologick\u00e9ho a historick\u00e9ho hlediska. V\u00fdznamnou roli v&nbsp;kontextu ot\u00e1zek o migraci jist\u011b hraj\u00ed vzd\u011bl\u00e1v\u00e1n\u00ed a vyu\u010dov\u00e1n\u00ed. S&nbsp;ohledem na d\u011bjiny a sou\u010dasnost \u010cesk\u00e9 republiky bude toto t\u00e9ma jist\u011b inspirac\u00ed pro velk\u00fd po\u010det zaj\u00edmav\u00fdch bohemistick\u00fdch a bohemisticko-komparativn\u00edch prac\u00ed a rozprav.<\/p>\n\n\n\n<p><strong>D\u016eLE\u017dIT\u00c9 INFORMACE:<\/strong><\/p>\n\n\n\n<p>Konference se bude konat<strong> hybridn\u00ed formou (prezen\u010dn\u011b a on-line)<\/strong>.<\/p>\n\n\n\n<p><strong>\u010cas a m\u00edsto kon\u00e1n\u00ed konference:<\/strong> 26. a 27. z\u00e1\u0159\u00ed 2024, Filozofick\u00e1 fakulta Univerzity v&nbsp;Z\u00e1h\u0159ebu, ulice Ivana Lu\u010di\u0107a 3<\/p>\n\n\n\n<p><strong>P\u0159ihl\u00e1\u0161en\u00ed<\/strong>: Vypln\u011bnou p\u0159ihl\u00e1\u0161ku po\u0161lete do 15. \u010dervna 2024 na &nbsp;<strong>migracije2024@gmail.com<\/strong>. Informaci o p\u0159ijet\u00ed abstraktu auto\u0159i dostanou do 20. \u010dervna roku 2024.<\/p>\n\n\n\n<p><strong>Pl\u00e1novan\u00e9 trv\u00e1n\u00ed refer\u00e1tu<\/strong>: 15 minut<\/p>\n\n\n\n<p><strong>Jazyky konference: <\/strong>\u010de\u0161tina, chorvat\u0161tina a angli\u010dtina<\/p>\n\n\n\n<p><strong>\u00da\u010dastnick\u00fd poplatek:<\/strong> 80 EUR se slevou na platbu do 15. \u010dervence 2024, nebo 100 EUR p\u0159i platb\u011b do 15. z\u00e1\u0159\u00ed 2024.<\/p>\n\n\n\n<p>\u00da\u010dastnick\u00fd poplatek se hrad\u00ed za \u00fa\u010dastn\u00edka (ne za refer\u00e1t) a zahrnuje konferen\u010dn\u00ed podklady, ob\u010derstven\u00ed o p\u0159est\u00e1vk\u00e1ch, dva ob\u011bdy, doprovodn\u00fd kulturn\u00ed program s&nbsp;rautem a n\u00e1klady na zve\u0159ejn\u011bn\u00ed prac\u00ed v&nbsp;recenzovan\u00e9m sborn\u00edku prac\u00ed. Cestovn\u00ed a ubytovac\u00ed n\u00e1klady si hrad\u00ed sami \u00fa\u010dastn\u00edci.<\/p>\n\n\n\n<hr class=\"wp-block-separator\"\/>\n\n\n\n<p>CHAIR OF CZECH LANGUAGE AND LITERATURE<\/p>\n\n\n\n<p>DEPARTMENT OF WEST SLAVIC LANGUAGES AND LITERATURES<\/p>\n\n\n\n<p>FACULTY OF HUMANITIES AND SOCIAL SCIENCES IN ZAGREB<\/p>\n\n\n\n<p>would like to invite you to<\/p>\n\n\n\n<p><strong>The International Scientific Conference in Czech Studies \u2013 Migrations<\/strong><\/p>\n\n\n\n<p>to be held on 26 \u2013 27 September 2024 at the Faculty of Humanities and Social Sciences in Zagreb<\/p>\n\n\n\n<p>Although increasingly important in the past few years, migrations (voluntary or compulsory) represent the constant in the history of the humanity. In the context of reflection on migrations, many questions rise to surface \u2013 question of identity, roots, (not) belonging, borders, language, (in)tolerance, integration, cultural heritage and its transformations. Due to their broadness as a theme, migrations can be approached from the linguistic perspective, perspective of literary theory and literary history, as well as cultural studies and history. Education and teaching also represent an important role in the context of questions that arise from the problem of migrations. Having in mind the history and present of the Czech Republic, this theme will no doubt be a great inspiration for many interesting presentation and discussions.<\/p>\n\n\n\n<p><strong>IMPORTANT INFORMATION:<\/strong><\/p>\n\n\n\n<p>The conference will be held in hybrid format, allowing participants to attend either in-person at the Faculty of Humanities and Social Sciences or online.<\/p>\n\n\n\n<p><strong>Time and location:<\/strong> 26 \u2013 27 September 2024, Faculty of Humanities and Social Sciences in Zagreb, Ivana Lu\u010di\u0107a 3<\/p>\n\n\n\n<p><strong>Application<\/strong>: Send filled application until 15 June 2024 at <strong>migracije2024@gmail.com<\/strong>. Information about the acceptance of the contribution will be sent to applicants by 20 June 2024.<\/p>\n\n\n\n<p><strong>Maximum length of contribution<\/strong>: 15 minutes<\/p>\n\n\n\n<p><strong>Languages: <\/strong>Czech, Croatian and English<\/p>\n\n\n\n<p><strong>Participation fee:<\/strong> 80 EUR for early payment (payment deadline: 15 July 2024), or 100 EUR for payment by 15 September 2024<\/p>\n\n\n\n<p>Please note that the registration fee is paid individually by each participant and encompasses the following: conference materials, refreshments, two lunches, cultural programme with buffet, and expenses regarding the publication of contribution in the reviewed collection of papers. Transportation and accommodation expenses are payed by the participants.<\/p>\n\n\n\n<hr class=\"wp-block-separator\"\/>\n\n\n\n<p><a href=\"https:\/\/migracije2024.ffzg.unizg.hr\/\">https:\/\/migracije2024.ffzg.unizg.hr\/<\/a><\/p>\n\n\n\n<hr class=\"wp-block-separator\"\/>\n","protected":false},"excerpt":{"rendered":"","protected":false},"author":2,"featured_media":40445,"comment_status":"open","ping_status":"open","sticky":false,"template":"","format":"standard","meta":{"_acf_changed":false,"jetpack_post_was_ever_published":false,"_jetpack_newsletter_access":"","_jetpack_dont_email_post_to_subs":false,"_jetpack_newsletter_tier_id":0,"_jetpack_memberships_contains_paywalled_content":false,"_jetpack_memberships_contains_paid_content":false,"footnotes":"","jetpack_publicize_message":"","jetpack_publicize_feature_enabled":true,"jetpack_social_post_already_shared":true,"jetpack_social_options":{"image_generator_settings":{"template":"highway","default_image_id":0,"font":"","enabled":false},"version":2}},"categories":[3,9],"tags":[],"class_list":["post-40442","post","type-post","status-publish","format-standard","has-post-thumbnail","hentry","category-novosti","category-skupovi"],"acf":{"facebook_opis":""},"jetpack_publicize_connections":[],"jetpack_featured_media_url":"https:\/\/i0.wp.com\/historiografija.hr\/wp-content\/uploads\/2024\/04\/Migracije_skup.png?fit=1898%2C888&ssl=1","jetpack_sharing_enabled":true,"jetpack-related-posts":[],"_links":{"self":[{"href":"https:\/\/historiografija.hr\/index.php?rest_route=\/wp\/v2\/posts\/40442","targetHints":{"allow":["GET"]}}],"collection":[{"href":"https:\/\/historiografija.hr\/index.php?rest_route=\/wp\/v2\/posts"}],"about":[{"href":"https:\/\/historiografija.hr\/index.php?rest_route=\/wp\/v2\/types\/post"}],"author":[{"embeddable":true,"href":"https:\/\/historiografija.hr\/index.php?rest_route=\/wp\/v2\/users\/2"}],"replies":[{"embeddable":true,"href":"https:\/\/historiografija.hr\/index.php?rest_route=%2Fwp%2Fv2%2Fcomments&post=40442"}],"version-history":[{"count":1,"href":"https:\/\/historiografija.hr\/index.php?rest_route=\/wp\/v2\/posts\/40442\/revisions"}],"predecessor-version":[{"id":40444,"href":"https:\/\/historiografija.hr\/index.php?rest_route=\/wp\/v2\/posts\/40442\/revisions\/40444"}],"wp:featuredmedia":[{"embeddable":true,"href":"https:\/\/historiografija.hr\/index.php?rest_route=\/wp\/v2\/media\/40445"}],"wp:attachment":[{"href":"https:\/\/historiografija.hr\/index.php?rest_route=%2Fwp%2Fv2%2Fmedia&parent=40442"}],"wp:term":[{"taxonomy":"category","embeddable":true,"href":"https:\/\/historiografija.hr\/index.php?rest_route=%2Fwp%2Fv2%2Fcategories&post=40442"},{"taxonomy":"post_tag","embeddable":true,"href":"https:\/\/historiografija.hr\/index.php?rest_route=%2Fwp%2Fv2%2Ftags&post=40442"}],"curies":[{"name":"wp","href":"https:\/\/api.w.org\/{rel}","templated":true}]}}