{"id":40439,"date":"2024-04-16T20:48:14","date_gmt":"2024-04-16T20:48:14","guid":{"rendered":"http:\/\/historiografija.hr\/?p=40439"},"modified":"2024-04-16T20:48:14","modified_gmt":"2024-04-16T20:48:14","slug":"poziv-za-prijavu-na-znanstveni-skup-krizevacka-eparhija-povijest-kultura-nasljede","status":"publish","type":"post","link":"https:\/\/historiografija.hr\/?p=40439","title":{"rendered":"Poziv za prijavu na znanstveni skup &#8220;Kri\u017eeva\u010dka eparhija. Povijest, kultura, naslje\u0111e&#8221;"},"content":{"rendered":"\n<p><strong>Znanstveni skup<\/strong><\/p>\n\n\n\n<p><strong><em>Kri\u017eeva\u010dka eparhija. Povijest, kultura, naslje\u0111e <\/em><\/strong><\/p>\n\n\n\n<p>Kri\u017eevci, 22. studenog 2024.<\/p>\n\n\n\n<hr class=\"wp-block-separator\"\/>\n\n\n\n<p><strong>Organizatori:<\/strong><\/p>\n\n\n\n<p>Kri\u017eeva\u010dka eparhija, Kri\u017eevci<\/p>\n\n\n\n<p>Hrvatski institut za povijest, Zagreb<\/p>\n\n\n\n<p>Zavod za znanstvenoistra\u017eiva\u010dki i umjetni\u010dki rad HAZU Koprivni\u010dko-kri\u017eeva\u010dke \u017eupanije u Kri\u017eevcima<\/p>\n\n\n\n<p>Dru\u017eba \u201eBra\u0107a Hrvatskoga Zmaja\u201c \u2013 Zmajski stol u Kri\u017eevcima<\/p>\n\n\n\n<p>Povijesno dru\u0161tvo Kri\u017eevci<\/p>\n\n\n\n<hr class=\"wp-block-separator\"\/>\n\n\n\n<p><strong>Mjesto odra\u017eavanja:<\/strong><\/p>\n\n\n\n<p>Kri\u017eevci, Kri\u017eeva\u010dka eparhija, konzistorijalna dvorana biskupijske rezidencije<\/p>\n\n\n\n<hr class=\"wp-block-separator\"\/>\n\n\n\n<p><strong>Organizacijski odbor:<\/strong><\/p>\n\n\n\n<p>vladika mons. Milan Stipi\u0107<\/p>\n\n\n\n<p>prof. dr. sc. Miroslav Akmad\u017ea<\/p>\n\n\n\n<p>akademik Franjo Tomi\u0107<\/p>\n\n\n\n<p>akademik Ferdo Ba\u0161i\u0107<\/p>\n\n\n\n<p>prof. dr. sc. Mislav Grgi\u0107<\/p>\n\n\n\n<p>dr. sc. Zlatko Kudeli\u0107<\/p>\n\n\n\n<p>dr. sc. Ivan Pekli\u0107<\/p>\n\n\n\n<p>dr. sc. Dejan Pernjak<\/p>\n\n\n\n<p>dr. sc. Josip Mihaljevi\u0107<\/p>\n\n\n\n<hr class=\"wp-block-separator\"\/>\n\n\n\n<p><strong>Tajnici skupa:<\/strong><\/p>\n\n\n\n<p>dr. sc. Dejan Pernjak<\/p>\n\n\n\n<p>dr. sc. Josip Mihaljevi\u0107<\/p>\n\n\n\n<hr class=\"wp-block-separator\"\/>\n\n\n\n<p>Poziv za sudjelovanje na znanstvenome skupu<\/p>\n\n\n\n<p><strong><em>Kri\u017eeva\u010dka eparhija. Povijest, kultura, naslje\u0111e<\/em><\/strong><\/p>\n\n\n\n<hr class=\"wp-block-separator\"\/>\n\n\n\n<p>Po\u0161tovani,<\/p>\n\n\n\n<p>\u010dast nam je pozvati Vas na znanstveni skup <strong><em>Kri\u017eeva\u010dka eparhija. Povijest, kultura, naslje\u0111e<\/em><\/strong>,koji \u0107e se odr\u017eati u petak 22. studenog 2024. u konzistorijalnoj dvorani biskupijske rezidencije Kri\u017eeva\u010dke eparhije. Voljeli bismo da Va\u0161im sudjelovanjem doprinesete znanstvenome istra\u017eivanju povijesti i kulturne ba\u0161tine ove crkvene organizacije grkokatoli\u010dkih vjernika.<\/p>\n\n\n\n<p>Kri\u017eeva\u010dka eparhija nastala je unijom kr\u0161\u0107ana bizantskog i latinskog obreda u Hrvatskoj s Katoli\u010dkom crkvom na \u010delu s episkopom Simeonom Vratanjom. Papa Pavao V. apostolskim pismom <em>Divinae Maiestatis Arbitrio<\/em> 21. XI. 1611. potvr\u0111uje obnovu crkvenog zajedni\u0161tva dotad pravoslavnih Vlaha, Uskoka i drugih s rimskom Apostolskom Stolicom i tako nastaje Mar\u010danska unija i sjedi\u0161te grkokatoli\u010dke crkve koja okuplja sve katolike bizantskog obreda na podru\u010dju Ugarske, Slavonije, Hrvatske i krajnjim granicama Kranjske (\u017dumberak), i koja postoji do danas kao Kri\u017eeva\u010dka eparhija. Od sjedinjenih Vlaha u sklopu Mar\u010danske biskupije do danas su se kao grkokatolici odr\u017eali samo \u017eumbera\u010dki potomci starih Uskoka. Budu\u0107i se Mar\u010da nalazila na teritoriju Zagreba\u010dke biskupije, isprva su mar\u010danski biskupi bili tretirani kao obredni grkokatoli\u010dki pomo\u0107ni biskupi zagreba\u010dkih biskupa. Od mar\u010danskih biskupa posebnu va\u017enost imaju biskupi Gabre Mijaki\u0107 (1662. \u2013 1670.) i Pavao Zor\u010di\u0107 (1671. \u2013 1685.). Druga polovica 18. stolje\u0107a obilje\u017eena je vladikom Bazilijem Bo\u017ei\u010dkovi\u0107em (1759. \u2013 1785.) \u010dijim zalaganjem, i uz potporu carice Marije Terezije, papa Pio VI. bulom <em>Charitas illa<\/em> 17. lipnja 1777. dokida Mar\u010dansku i utemeljuje novu grkokatoli\u010dku Kri\u017eeva\u010dku biskupiju sa sjedi\u0161tem u Kri\u017eevcima, koja je od 1852. a u sastavu novoosnovan Zagreba\u010dke metropolije. Vjernici te biskupije su Hrvati od 1611. godine, Rusini od 18. st. te Ukrajinci i drugi od 19. st. Jurisdikcija Kri\u017eeva\u010dke eparhije je obuhva\u0107ala sve katolike isto\u010dnog obreda u biv\u0161oj dr\u017eavi, uklju\u010duju\u0107i velike skupine grkokatolika u Vojvodini i u Makedoniji. Danas se jurisdikcija Kri\u017eeva\u010dke eparhije prote\u017ee na Republiku Hrvatsku, Bosnu i Hercegovinu i Sloveniju. Od 1966. godine sjedi\u0161te biskupije nalazi se u Zagrebu, a 2020. godine vra\u0107eno je u Kri\u017eevce. <em><\/em><\/p>\n\n\n\n<p>Budu\u0107i da se 2027. godine obilje\u017eava 250 godina od osnutka Kri\u017eeva\u010dke eparhije namjera je tu veliku obljetnicu popratiti zbornikom znanstvenih radova, a kao po\u010detni korak upravo je organizacija ovoga skupa. Cilj skupa je obraditi bogatu povijest Eparhije od njezina po\u010detka do najnovijih vremena, djelovanje mar\u010danskih i kri\u017eeva\u010dkih vladika, vjerski i kulturni \u017eivot kao i bogatu umjetni\u010dku ba\u0161tinu na prostoru koji Eparhija obuhva\u0107a. Svim zainteresiranim izlaga\u010dima na raspolaganju je i arhiv Kri\u017eeva\u010dke eparhije kao i kori\u0161tenje gra\u0111e iz biblioteke koja se nalazi u sklopu biskupijske rezidencije u Kri\u017eevcima. Svi radovi bit \u0107e recenzirani i objavljeni u zborniku radova.<\/p>\n\n\n\n<p>Molimo da nam <strong>do 1. svibnja 2024.<\/strong>, na adresu <a href=\"mailto:josip@isp.hr\">josip@isp.hr<\/a> ili <a href=\"mailto:dpernjak@gmail.com\">dpernjak@gmail.com<\/a> po\u0161aljete naslov teme i kra\u0107i sa\u017eetak izlaganja (do 250 rije\u010di). Obavijest o prihva\u0107anim temama bit \u0107e poslana do 1. lipnja 2024. O detaljima i kompletnom programu obavijestit \u0107emo Vas u narednom razdoblju.<\/p>\n\n\n\n<p>S po\u0161tovanjem,<\/p>\n\n\n\n<p>Organizacijski odbor znanstvenoga skupa \u201eKri\u017eeva\u010dka eparhija. Povijest, kultura, naslje\u0111e\u201c<\/p>\n\n\n\n<hr class=\"wp-block-separator\"\/>\n","protected":false},"excerpt":{"rendered":"","protected":false},"author":2,"featured_media":40440,"comment_status":"open","ping_status":"open","sticky":false,"template":"","format":"standard","meta":{"_acf_changed":false,"jetpack_post_was_ever_published":false,"_jetpack_newsletter_access":"","_jetpack_dont_email_post_to_subs":false,"_jetpack_newsletter_tier_id":0,"_jetpack_memberships_contains_paywalled_content":false,"_jetpack_memberships_contains_paid_content":false,"footnotes":"","jetpack_publicize_message":"","jetpack_publicize_feature_enabled":true,"jetpack_social_post_already_shared":true,"jetpack_social_options":{"image_generator_settings":{"template":"highway","default_image_id":0,"font":"","enabled":false},"version":2}},"categories":[3,9],"tags":[],"class_list":["post-40439","post","type-post","status-publish","format-standard","has-post-thumbnail","hentry","category-novosti","category-skupovi"],"acf":{"facebook_opis":""},"jetpack_publicize_connections":[],"jetpack_featured_media_url":"https:\/\/i0.wp.com\/historiografija.hr\/wp-content\/uploads\/2024\/04\/eparhija.jpg?fit=1260%2C261&ssl=1","jetpack_sharing_enabled":true,"jetpack-related-posts":[],"_links":{"self":[{"href":"https:\/\/historiografija.hr\/index.php?rest_route=\/wp\/v2\/posts\/40439","targetHints":{"allow":["GET"]}}],"collection":[{"href":"https:\/\/historiografija.hr\/index.php?rest_route=\/wp\/v2\/posts"}],"about":[{"href":"https:\/\/historiografija.hr\/index.php?rest_route=\/wp\/v2\/types\/post"}],"author":[{"embeddable":true,"href":"https:\/\/historiografija.hr\/index.php?rest_route=\/wp\/v2\/users\/2"}],"replies":[{"embeddable":true,"href":"https:\/\/historiografija.hr\/index.php?rest_route=%2Fwp%2Fv2%2Fcomments&post=40439"}],"version-history":[{"count":1,"href":"https:\/\/historiografija.hr\/index.php?rest_route=\/wp\/v2\/posts\/40439\/revisions"}],"predecessor-version":[{"id":40441,"href":"https:\/\/historiografija.hr\/index.php?rest_route=\/wp\/v2\/posts\/40439\/revisions\/40441"}],"wp:featuredmedia":[{"embeddable":true,"href":"https:\/\/historiografija.hr\/index.php?rest_route=\/wp\/v2\/media\/40440"}],"wp:attachment":[{"href":"https:\/\/historiografija.hr\/index.php?rest_route=%2Fwp%2Fv2%2Fmedia&parent=40439"}],"wp:term":[{"taxonomy":"category","embeddable":true,"href":"https:\/\/historiografija.hr\/index.php?rest_route=%2Fwp%2Fv2%2Fcategories&post=40439"},{"taxonomy":"post_tag","embeddable":true,"href":"https:\/\/historiografija.hr\/index.php?rest_route=%2Fwp%2Fv2%2Ftags&post=40439"}],"curies":[{"name":"wp","href":"https:\/\/api.w.org\/{rel}","templated":true}]}}