{"id":40428,"date":"2024-04-15T21:52:31","date_gmt":"2024-04-15T21:52:31","guid":{"rendered":"http:\/\/historiografija.hr\/?p=40428"},"modified":"2024-04-15T21:52:31","modified_gmt":"2024-04-15T21:52:31","slug":"okrugli-stol-jesmo-li-nakon-31-godinu-spremni-za-suocavanje-s-mracnom-stranom-hrvatske-uloge-u-ratu-protiv-bosne-i-hercegovine","status":"publish","type":"post","link":"https:\/\/historiografija.hr\/?p=40428","title":{"rendered":"Okrugli stol \u201eJesmo li nakon 31 godinu spremni za suo\u010davanje s mra\u010dnom stranom hrvatske uloge u ratu protiv Bosne i Hercegovine\u201c"},"content":{"rendered":"\n<p>U utorak, 16. travnja 2024. u 17 sati u Knji\u017enici i \u010ditaonici Bogdana Ogrizovi\u0107a u Zagrebu odr\u017eat \u0107e se okrugli stol \u201eJesmo li nakon 31 godinu spremni za suo\u010davanje s mra\u010dnom stranom hrvatske uloge u ratu protiv Bosne i Hercegovine\u201c. Govore: Boris Paveli\u0107, Ajka Tiro Srebrenikovi\u0107, Senna \u0160imek. Moderator: Jerko Bakotin.<\/p>\n\n\n\n<hr class=\"wp-block-separator\"\/>\n\n\n\n<p><strong>NE U NA\u0160E IME \u2013 31. GODINA OD RATNOG ZLO\u010cINA U AHMI\u0106IMA<\/strong><\/p>\n\n\n\n<p>Jedan od najve\u0107ih zlo\u010dina u ratovima na podru\u010dju biv\u0161e Jugoslavije od 1991.-2001., stra\u0161ni je zlo\u010din u Ahmi\u0107ima. Kako ka\u017eu svjedoci \u201eNeopisivo je u\u017easno ubijanje civila. A ovo je bila dobro planirana operacija ubijanja. Agonija u kojoj su ljudi umirali ne mo\u017ee biti prepri\u010dana, a ipak ve\u0107ina onih koji su sudjelovali u masakru nije izvedena pred lice pravde.\u201c<\/p>\n\n\n\n<p>Na razme\u0111i izme\u0111u ogromnih ljudskih tragedija s jedne strane i sistematskog zata\u0161kivanja, relativizacije, negiranja i umanjenja ratnih zlo\u010dina te poricanja odgovornosti od strane vlasti poku\u0161avamo aktivisti\u010dki dati svoj doprinos kojim \u0107emo s jedne strane izraziti pijetet \u017ertvama a s druge pozvati institucije Republike Hrvatske da poduzmu korake prema priznanju svoje odgovornosti.<\/p>\n\n\n\n<p>U utorak 16. travnja 2024. na Trgu bana Josipa Jela\u010di\u0107a, u 12 sati organiziramo mirni protest u znak sje\u0107anja a \u017ertve ratnog zlo\u010dina u Ahmi\u0107ima 1993. godine.<\/p>\n\n\n\n<p>Istog dana, u 17 sati u Knji\u017enici i \u010ditaonici Bogdana Ogrizovi\u0107a organizirati \u0107emo okrugli stol \u201eJesmo li nakon 31 godinu spremni za suo\u010davanje s mra\u010dnom stranom hrvatske uloge u ratu protiv Bosne i Hercegovine\u201c. Govorit \u0107e: Boris Paveli\u0107, novinar; Ajka Tiro Srebrenikovi\u0107; knji\u017eevnica; Senna \u0160imek, aktivistica Inicijative mladih za ljudska prava Hrvatska. Razgovor \u0107e moderirati Jerko Bakotin, novinar.<\/p>\n\n\n\n<p>Organizatori:<br>Centar za \u017eene \u017ertve rata \u2013 ROSA, Zagreb<br>Centar za gra\u0111ansku hrabrost, Zagreb<br>Udru\u017eenje za dru\u0161tvena istra\u017eivanja i komunikacije (UDIK), Sarajevo<br>Documenta \u2013 Centar za suo\u010davanje s pro\u0161lo\u0161\u0107u, Zagreb<br>\u017denska mre\u017ea Hrvatske<\/p>\n\n\n\n<hr class=\"wp-block-separator\"\/>\n\n\n\n<p>Izvori i dodatne obavijesti:<\/p>\n\n\n\n<p><a href=\"https:\/\/www.facebook.com\/events\/390424410540804\/\">https:\/\/www.facebook.com\/events\/390424410540804\/<\/a><\/p>\n\n\n\n<figure class=\"wp-block-embed-wordpress wp-block-embed is-type-wp-embed is-provider-documenta\"><div class=\"wp-block-embed__wrapper\">\n<blockquote class=\"wp-embedded-content\" data-secret=\"kwkMoxxbxv\"><a href=\"https:\/\/documenta.hr\/novosti\/ne-u-nase-ime-31-godina-od-ratnog-zlocina-u-ahmicima\/\">NE U NA\u0160E IME \u2013 31. GODINA OD RATNOG ZLO\u010cINA U AHMI\u0106IMA<\/a><\/blockquote><iframe loading=\"lazy\" class=\"wp-embedded-content\" sandbox=\"allow-scripts\" security=\"restricted\" style=\"position: absolute; clip: rect(1px, 1px, 1px, 1px);\" title=\"&#8220;NE U NA\u0160E IME \u2013 31. GODINA OD RATNOG ZLO\u010cINA U AHMI\u0106IMA&#8221; &#8212; Documenta\" src=\"https:\/\/documenta.hr\/novosti\/ne-u-nase-ime-31-godina-od-ratnog-zlocina-u-ahmicima\/embed\/#?secret=kwkMoxxbxv\" data-secret=\"kwkMoxxbxv\" width=\"600\" height=\"338\" frameborder=\"0\" marginwidth=\"0\" marginheight=\"0\" scrolling=\"no\"><\/iframe>\n<\/div><\/figure>\n\n\n\n<p><a href=\"https:\/\/www.kgz.hr\/hr\/knjiznice\/knjiznica-i-citaonica-bogdana-ogrizovica\/72\">https:\/\/www.kgz.hr\/hr\/knjiznice\/knjiznica-i-citaonica-bogdana-ogrizovica\/72<\/a><\/p>\n\n\n\n<p><a href=\"https:\/\/www.yihr.hr\/hr\/unisten-plakat-u-zagrebu-koji-podsjeca-na-zrtve-ratnog-zlocina-u-ahmicima\">https:\/\/www.yihr.hr\/hr\/unisten-plakat-u-zagrebu-koji-podsjeca-na-zrtve-ratnog-zlocina-u-ahmicima<\/a><\/p>\n\n\n\n<hr class=\"wp-block-separator\"\/>\n","protected":false},"excerpt":{"rendered":"","protected":false},"author":2,"featured_media":40429,"comment_status":"open","ping_status":"open","sticky":false,"template":"","format":"standard","meta":{"_acf_changed":false,"jetpack_post_was_ever_published":false,"_jetpack_newsletter_access":"","_jetpack_dont_email_post_to_subs":false,"_jetpack_newsletter_tier_id":0,"_jetpack_memberships_contains_paywalled_content":false,"_jetpack_memberships_contains_paid_content":false,"footnotes":"","jetpack_publicize_message":"","jetpack_publicize_feature_enabled":true,"jetpack_social_post_already_shared":true,"jetpack_social_options":{"image_generator_settings":{"template":"highway","default_image_id":0,"font":"","enabled":false},"version":2}},"categories":[3],"tags":[],"class_list":["post-40428","post","type-post","status-publish","format-standard","has-post-thumbnail","hentry","category-novosti"],"acf":{"facebook_opis":""},"jetpack_publicize_connections":[],"jetpack_featured_media_url":"https:\/\/i0.wp.com\/historiografija.hr\/wp-content\/uploads\/2024\/04\/Ahmici.jpg?fit=658%2C920&ssl=1","jetpack_sharing_enabled":true,"jetpack-related-posts":[{"id":52666,"url":"https:\/\/historiografija.hr\/?p=52666","url_meta":{"origin":40428,"position":0},"title":"Najava programa Festivala povijesti Kliofest (5-8. V. 2026)","author":"Branimir Jankovi\u0107","date":"24. travnja 2026.","format":false,"excerpt":"Po trinaesti put odr\u017eava se Festival povijesti Kliofest! Do petka \u0107emo odr\u017eati osam okruglih stolova i dva kolokvija te niz predstavljanja knjiga i projekata razli\u010dite tematike, od antike do suvremenosti. Bit \u0107e predstavljeno i nekoliko izlo\u017ebi te odr\u017ean jedan povijesni kviz. Prikazat \u0107emo i jedan film \u2013 o generalu Boroevi\u0107u.\u2026","rel":"","context":"U &quot;Novosti&quot;","block_context":{"text":"Novosti","link":"https:\/\/historiografija.hr\/?cat=3"},"img":{"alt_text":"","src":"https:\/\/i0.wp.com\/historiografija.hr\/wp-content\/uploads\/2026\/04\/Kliofest-2026.jpg?fit=526%2C526&ssl=1&resize=350%2C200","width":350,"height":200,"srcset":"https:\/\/i0.wp.com\/historiografija.hr\/wp-content\/uploads\/2026\/04\/Kliofest-2026.jpg?fit=526%2C526&ssl=1&resize=350%2C200 1x, https:\/\/i0.wp.com\/historiografija.hr\/wp-content\/uploads\/2026\/04\/Kliofest-2026.jpg?fit=526%2C526&ssl=1&resize=525%2C300 1.5x"},"classes":[]},{"id":52712,"url":"https:\/\/historiografija.hr\/?p=52712","url_meta":{"origin":40428,"position":1},"title":"Okrugli stol &#8220;Proslava 1100 godina Hrvatskoga Kraljevstva \u2013 kako danas gledamo na hrvatski rani srednji vijek?&#8221;","author":"Filip \u0160imunjak","date":"29. travnja 2026.","format":false,"excerpt":"Godinu iza nas obilje\u017eile su brojne manifestacije posve\u0107ene 1100. obljetnici Hrvatskoga Kraljevstva, koje su privukle veliku pozornost javnosti i medija, pa tako i na\u0161ega portala. Nastavljaju\u0107i se na taj niz, pozivamo Vas na okrugli stol \u201eProslava 1100 godina Hrvatskoga Kraljevstva \u2013 kako danas gledamo na hrvatski rani srednji vijek?\u201d, koji\u2026","rel":"","context":"U &quot;Novosti&quot;","block_context":{"text":"Novosti","link":"https:\/\/historiografija.hr\/?cat=3"},"img":{"alt_text":"","src":"https:\/\/i0.wp.com\/historiografija.hr\/wp-content\/uploads\/2026\/04\/Kliofest-01-utorak-I-01-OS-1100-godina.jpg?fit=1200%2C566&ssl=1&resize=350%2C200","width":350,"height":200,"srcset":"https:\/\/i0.wp.com\/historiografija.hr\/wp-content\/uploads\/2026\/04\/Kliofest-01-utorak-I-01-OS-1100-godina.jpg?fit=1200%2C566&ssl=1&resize=350%2C200 1x, https:\/\/i0.wp.com\/historiografija.hr\/wp-content\/uploads\/2026\/04\/Kliofest-01-utorak-I-01-OS-1100-godina.jpg?fit=1200%2C566&ssl=1&resize=525%2C300 1.5x, https:\/\/i0.wp.com\/historiografija.hr\/wp-content\/uploads\/2026\/04\/Kliofest-01-utorak-I-01-OS-1100-godina.jpg?fit=1200%2C566&ssl=1&resize=700%2C400 2x, https:\/\/i0.wp.com\/historiografija.hr\/wp-content\/uploads\/2026\/04\/Kliofest-01-utorak-I-01-OS-1100-godina.jpg?fit=1200%2C566&ssl=1&resize=1050%2C600 3x"},"classes":[]},{"id":52717,"url":"https:\/\/historiografija.hr\/?p=52717","url_meta":{"origin":40428,"position":2},"title":"Okrugli stol &#8220;Dvjestapedeset godina Sjedinjenih Ameri\u010dkih Dr\u017eava \u2013 od kolonije do prve zemlje svijeta i dalje&#8221;","author":"Filip \u0160imunjak","date":"29. travnja 2026.","format":false,"excerpt":"Ove godine obilje\u017eava se 250. obljetnica osnutka Sjedinjenih Ameri\u010dkih Dr\u017eava, povodom koje je pokrenut niz rasprava o ameri\u010dkoj povijesti, njezinoj globalnoj ulozi i naslje\u0111u koje se prote\u017ee od 1776. do danas. Obljetnica je ujedno prilika za promi\u0161ljanje o tome kako danas tuma\u010dimo ameri\u010dku pro\u0161lost, ali i (aktualnu) ulogu SAD-a u\u2026","rel":"","context":"U &quot;Novosti&quot;","block_context":{"text":"Novosti","link":"https:\/\/historiografija.hr\/?cat=3"},"img":{"alt_text":"","src":"https:\/\/i0.wp.com\/historiografija.hr\/wp-content\/uploads\/2026\/04\/Kliofest-01-utorak-I-02-OS-250-godina-SAD.jpg?fit=1200%2C566&ssl=1&resize=350%2C200","width":350,"height":200,"srcset":"https:\/\/i0.wp.com\/historiografija.hr\/wp-content\/uploads\/2026\/04\/Kliofest-01-utorak-I-02-OS-250-godina-SAD.jpg?fit=1200%2C566&ssl=1&resize=350%2C200 1x, https:\/\/i0.wp.com\/historiografija.hr\/wp-content\/uploads\/2026\/04\/Kliofest-01-utorak-I-02-OS-250-godina-SAD.jpg?fit=1200%2C566&ssl=1&resize=525%2C300 1.5x, https:\/\/i0.wp.com\/historiografija.hr\/wp-content\/uploads\/2026\/04\/Kliofest-01-utorak-I-02-OS-250-godina-SAD.jpg?fit=1200%2C566&ssl=1&resize=700%2C400 2x, https:\/\/i0.wp.com\/historiografija.hr\/wp-content\/uploads\/2026\/04\/Kliofest-01-utorak-I-02-OS-250-godina-SAD.jpg?fit=1200%2C566&ssl=1&resize=1050%2C600 3x"},"classes":[]},{"id":52502,"url":"https:\/\/historiografija.hr\/?p=52502","url_meta":{"origin":40428,"position":3},"title":"Novi znanstveni projekt Hrvatskog instituta za povijest: \u201c\u017drtve ratova i dr\u017eavnog\/politi\u010dkog nasilja u hrvatskoj povijesti 20. stolje\u0107a\u201d","author":"Branimir Jankovi\u0107","date":"17. travnja 2026.","format":false,"excerpt":"Na redovitoj sjednici Vlade RH, 16. travnja 2026., donijet je Zaklju\u010dak kojim se pokre\u0107e znanstveni projekt \u201c\u017drtve ratova i dr\u017eavnog\/politi\u010dkog nasilja u hrvatskoj povijesti 20. stolje\u0107a\u201d. Projekt \u0107e provoditi i koordinirati Hrvatski institut za povijest u razdoblju trajanja projekta od pet godina. Zakljucak Vlade RH Iz teksta projektnog prijedloga: Problematika\u2026","rel":"","context":"U &quot;Novosti&quot;","block_context":{"text":"Novosti","link":"https:\/\/historiografija.hr\/?cat=3"},"img":{"alt_text":"","src":"https:\/\/i0.wp.com\/historiografija.hr\/wp-content\/uploads\/2026\/04\/Vlada-RH.jpg?fit=1200%2C557&ssl=1&resize=350%2C200","width":350,"height":200,"srcset":"https:\/\/i0.wp.com\/historiografija.hr\/wp-content\/uploads\/2026\/04\/Vlada-RH.jpg?fit=1200%2C557&ssl=1&resize=350%2C200 1x, https:\/\/i0.wp.com\/historiografija.hr\/wp-content\/uploads\/2026\/04\/Vlada-RH.jpg?fit=1200%2C557&ssl=1&resize=525%2C300 1.5x, https:\/\/i0.wp.com\/historiografija.hr\/wp-content\/uploads\/2026\/04\/Vlada-RH.jpg?fit=1200%2C557&ssl=1&resize=700%2C400 2x, https:\/\/i0.wp.com\/historiografija.hr\/wp-content\/uploads\/2026\/04\/Vlada-RH.jpg?fit=1200%2C557&ssl=1&resize=1050%2C600 3x"},"classes":[]},{"id":52733,"url":"https:\/\/historiografija.hr\/?p=52733","url_meta":{"origin":40428,"position":4},"title":"Vlado Raji\u0107 \u201eGranica na kraju stolje\u0107a\u201c","author":"Filip \u0160imunjak","date":"29. travnja 2026.","format":false,"excerpt":"U suizdanju Durieuxa i Beletre objavljena je 2025. godine knjiga Granica na kraju stolje\u0107a autora Vlade Raji\u0107a.\u00a0 O knjizi\u00a0 Romansirana biografija Vladimira Iblera mnogo je vi\u0161e od zanimljive pri\u010de o privatnom \u017eivotu i impresivnoj profesionalnoj karijeri istaknutog stru\u010dnjaka za me\u0111unarodno pravo i dugo\u00adgodi\u0161njeg profesora na zagreba\u010dkom Pravnom fakultetu, akademika, koji\u2026","rel":"","context":"U &quot;Knjige&quot;","block_context":{"text":"Knjige","link":"https:\/\/historiografija.hr\/?cat=8"},"img":{"alt_text":"","src":"https:\/\/i0.wp.com\/historiografija.hr\/wp-content\/uploads\/2026\/04\/VLADO-RAJIC-GRANICA-NA-KRAJU-STOLJECA.jpg?fit=450%2C650&ssl=1&resize=350%2C200","width":350,"height":200},"classes":[]},{"id":52749,"url":"https:\/\/historiografija.hr\/?p=52749","url_meta":{"origin":40428,"position":5},"title":"Okrugli stol &#8220;Rast mo\u0107i, kalupljenje dru\u0161tva: administrativna rije\u010d i stasanje teritorijalne dr\u017eave u kasnom srednjem vijeku&#8221;","author":"Filip \u0160imunjak","date":"30. travnja 2026.","format":false,"excerpt":"Pozivamo Vas na okrugli stol \u201eRast mo\u0107i, kalupljenje dru\u0161tva: administrativna rije\u010d i stasanje teritorijalne dr\u017eave u kasnom srednjem vijeku\u201d, koji \u0107e se odr\u017eati u sklopu ovogodi\u0161njega Festivala povijesti Kliofest u Nacionalnoj i sveu\u010dili\u0161noj knji\u017enici u Zagrebu, u utorak 5. svibnja, s po\u010detkom u 17 sati. U raspravi \u0107e sudjelovati Zdenka\u2026","rel":"","context":"U &quot;Novosti&quot;","block_context":{"text":"Novosti","link":"https:\/\/historiografija.hr\/?cat=3"},"img":{"alt_text":"","src":"https:\/\/i0.wp.com\/historiografija.hr\/wp-content\/uploads\/2026\/04\/Kliofest-01-utorak-I-04-OS-Rast-moci.jpg?fit=1200%2C566&ssl=1&resize=350%2C200","width":350,"height":200,"srcset":"https:\/\/i0.wp.com\/historiografija.hr\/wp-content\/uploads\/2026\/04\/Kliofest-01-utorak-I-04-OS-Rast-moci.jpg?fit=1200%2C566&ssl=1&resize=350%2C200 1x, https:\/\/i0.wp.com\/historiografija.hr\/wp-content\/uploads\/2026\/04\/Kliofest-01-utorak-I-04-OS-Rast-moci.jpg?fit=1200%2C566&ssl=1&resize=525%2C300 1.5x, https:\/\/i0.wp.com\/historiografija.hr\/wp-content\/uploads\/2026\/04\/Kliofest-01-utorak-I-04-OS-Rast-moci.jpg?fit=1200%2C566&ssl=1&resize=700%2C400 2x, https:\/\/i0.wp.com\/historiografija.hr\/wp-content\/uploads\/2026\/04\/Kliofest-01-utorak-I-04-OS-Rast-moci.jpg?fit=1200%2C566&ssl=1&resize=1050%2C600 3x"},"classes":[]}],"_links":{"self":[{"href":"https:\/\/historiografija.hr\/index.php?rest_route=\/wp\/v2\/posts\/40428","targetHints":{"allow":["GET"]}}],"collection":[{"href":"https:\/\/historiografija.hr\/index.php?rest_route=\/wp\/v2\/posts"}],"about":[{"href":"https:\/\/historiografija.hr\/index.php?rest_route=\/wp\/v2\/types\/post"}],"author":[{"embeddable":true,"href":"https:\/\/historiografija.hr\/index.php?rest_route=\/wp\/v2\/users\/2"}],"replies":[{"embeddable":true,"href":"https:\/\/historiografija.hr\/index.php?rest_route=%2Fwp%2Fv2%2Fcomments&post=40428"}],"version-history":[{"count":1,"href":"https:\/\/historiografija.hr\/index.php?rest_route=\/wp\/v2\/posts\/40428\/revisions"}],"predecessor-version":[{"id":40430,"href":"https:\/\/historiografija.hr\/index.php?rest_route=\/wp\/v2\/posts\/40428\/revisions\/40430"}],"wp:featuredmedia":[{"embeddable":true,"href":"https:\/\/historiografija.hr\/index.php?rest_route=\/wp\/v2\/media\/40429"}],"wp:attachment":[{"href":"https:\/\/historiografija.hr\/index.php?rest_route=%2Fwp%2Fv2%2Fmedia&parent=40428"}],"wp:term":[{"taxonomy":"category","embeddable":true,"href":"https:\/\/historiografija.hr\/index.php?rest_route=%2Fwp%2Fv2%2Fcategories&post=40428"},{"taxonomy":"post_tag","embeddable":true,"href":"https:\/\/historiografija.hr\/index.php?rest_route=%2Fwp%2Fv2%2Ftags&post=40428"}],"curies":[{"name":"wp","href":"https:\/\/api.w.org\/{rel}","templated":true}]}}