{"id":40421,"date":"2024-04-15T21:31:34","date_gmt":"2024-04-15T21:31:34","guid":{"rendered":"http:\/\/historiografija.hr\/?p=40421"},"modified":"2024-04-16T21:04:00","modified_gmt":"2024-04-16T21:04:00","slug":"predstavljanje-knjige-nikole-tomasegovica-moderno-ili-narodno-modernisticki-pokret-u-hrvatskoj-na-prijelomu-19-i-20-stoljeca","status":"publish","type":"post","link":"https:\/\/historiografija.hr\/?p=40421","title":{"rendered":"Predstavljanje knjige Nikole Toma\u0161egovi\u0107a \u201dModerno ili narodno. Modernisti\u010dki pokret u Hrvatskoj na prijelomu 19. i 20. stolje\u0107a\u201d"},"content":{"rendered":"\n<p>Predstavljanje knjige Nikole Toma\u0161egovi\u0107a \u201eModerno ili narodno. Modernisti\u010dki pokret u Hrvatskoj na prijelomu 19. i 20. stolje\u0107a\u201c (Srednja Europa, 2024.) odr\u017eat \u0107e se u petak 19. travnja 2024. u 13 sati u Konferencijskoj dvorani Knji\u017enice Filozofskog fakulteta Sveu\u010dili\u0161ta u Zagrebu.<\/p>\n\n\n\n<p>O knjizi \u0107e govoriti Damir Agi\u010di\u0107, Iskra Ivelji\u0107, Branimir Jankovi\u0107 i autor Nikola Toma\u0161egovi\u0107.<\/p>\n\n\n\n<hr class=\"wp-block-separator\"\/>\n\n\n\n<p>Izvori:<\/p>\n\n\n\n<figure class=\"wp-block-embed-wordpress wp-block-embed is-type-wp-embed is-provider-odsjek-za-povijest-filozofski-fakultet-sveucilista-u-zagrebu\"><div class=\"wp-block-embed__wrapper\">\n<blockquote class=\"wp-embedded-content\" data-secret=\"yIvZQZfe90\"><a href=\"https:\/\/povijest.ffzg.unizg.hr\/2024\/04\/15\/predstavljanje-knjige-nikole-tomasegovica-o-modernistickom-pokretu-u-hrvatskoj\/\">Predstavljanje knjige Nikole Toma\u0161egovi\u0107a o modernisti\u010dkom pokretu u Hrvatskoj<\/a><\/blockquote><iframe loading=\"lazy\" class=\"wp-embedded-content\" sandbox=\"allow-scripts\" security=\"restricted\" style=\"position: absolute; clip: rect(1px, 1px, 1px, 1px);\" title=\"&#8220;Predstavljanje knjige Nikole Toma\u0161egovi\u0107a o modernisti\u010dkom pokretu u Hrvatskoj&#8221; &#8212; Odsjek za povijest | Filozofski fakultet Sveu\u010dili\u0161ta u Zagrebu\" src=\"https:\/\/povijest.ffzg.unizg.hr\/2024\/04\/15\/predstavljanje-knjige-nikole-tomasegovica-o-modernistickom-pokretu-u-hrvatskoj\/embed\/#?secret=w7L9zp75vD#?secret=yIvZQZfe90\" data-secret=\"yIvZQZfe90\" width=\"600\" height=\"338\" frameborder=\"0\" marginwidth=\"0\" marginheight=\"0\" scrolling=\"no\"><\/iframe>\n<\/div><\/figure>\n\n\n\n<figure class=\"wp-block-embed-wordpress wp-block-embed is-type-wp-embed is-provider-filozofski-fakultet-sveucilista-u-zagrebu\"><div class=\"wp-block-embed__wrapper\">\n<blockquote class=\"wp-embedded-content\" data-secret=\"5stG5yweMB\"><a href=\"https:\/\/web2020.ffzg.unizg.hr\/blog\/2024\/04\/15\/predstavljanje-knjige-nikole-tomasegovica-moderno-ili-narodno-modernisticki-pokret-u-hrvatskoj-na-prijelomu-19-i-20-stoljeca\/\">Predstavljanje knjige Nikole Toma\u0161egovi\u0107a &#8221;Moderno ili narodno. Modernisti\u010dki pokret u Hrvatskoj na prijelomu 19. i 20. stolje\u0107a&#8221;<\/a><\/blockquote><iframe loading=\"lazy\" class=\"wp-embedded-content\" sandbox=\"allow-scripts\" security=\"restricted\" style=\"position: absolute; clip: rect(1px, 1px, 1px, 1px);\" title=\"&#8220;Predstavljanje knjige Nikole Toma\u0161egovi\u0107a &#8221;Moderno ili narodno. Modernisti\u010dki pokret u Hrvatskoj na prijelomu 19. i 20. stolje\u0107a&#8221;&#8221; &#8212; Filozofski fakultet Sveu\u010dili\u0161ta u Zagrebu\" src=\"https:\/\/web2020.ffzg.unizg.hr\/blog\/2024\/04\/15\/predstavljanje-knjige-nikole-tomasegovica-moderno-ili-narodno-modernisticki-pokret-u-hrvatskoj-na-prijelomu-19-i-20-stoljeca\/embed\/#?secret=5stG5yweMB\" data-secret=\"5stG5yweMB\" width=\"600\" height=\"338\" frameborder=\"0\" marginwidth=\"0\" marginheight=\"0\" scrolling=\"no\"><\/iframe>\n<\/div><\/figure>\n\n\n\n<figure class=\"wp-block-embed-wordpress wp-block-embed is-type-wp-embed is-provider-srednja-europa\"><div class=\"wp-block-embed__wrapper\">\n<blockquote class=\"wp-embedded-content\" data-secret=\"kFUUKEbUl2\"><a href=\"https:\/\/srednja-europa.hr\/nekategorizirano\/predstavljanje-knjige-moderno-ili-narodno-nikola-tomasegovic\/\">PREDSTAVLJANJE KNJIGE Moderno ili narodno? Nikola Toma\u0161egovi\u0107<\/a><\/blockquote><iframe loading=\"lazy\" class=\"wp-embedded-content\" sandbox=\"allow-scripts\" security=\"restricted\" style=\"position: absolute; clip: rect(1px, 1px, 1px, 1px);\" title=\"&#8220;PREDSTAVLJANJE KNJIGE Moderno ili narodno? Nikola Toma\u0161egovi\u0107&#8221; &#8212; Srednja Europa\" src=\"https:\/\/srednja-europa.hr\/nekategorizirano\/predstavljanje-knjige-moderno-ili-narodno-nikola-tomasegovic\/embed\/#?secret=kFUUKEbUl2\" data-secret=\"kFUUKEbUl2\" width=\"600\" height=\"338\" frameborder=\"0\" marginwidth=\"0\" marginheight=\"0\" scrolling=\"no\"><\/iframe>\n<\/div><\/figure>\n\n\n\n<hr class=\"wp-block-separator\"\/>\n","protected":false},"excerpt":{"rendered":"","protected":false},"author":2,"featured_media":40422,"comment_status":"open","ping_status":"open","sticky":false,"template":"","format":"standard","meta":{"_acf_changed":false,"_jetpack_newsletter_access":"","_jetpack_dont_email_post_to_subs":false,"_jetpack_newsletter_tier_id":0,"_jetpack_memberships_contains_paywalled_content":false,"_jetpack_memberships_contains_paid_content":false,"footnotes":"","jetpack_publicize_message":"","jetpack_publicize_feature_enabled":true,"jetpack_social_post_already_shared":true,"jetpack_social_options":{"image_generator_settings":{"template":"highway","default_image_id":0,"font":"","enabled":false},"version":2},"jetpack_post_was_ever_published":false},"categories":[3],"tags":[],"class_list":["post-40421","post","type-post","status-publish","format-standard","has-post-thumbnail","hentry","category-novosti"],"acf":{"facebook_opis":""},"jetpack_publicize_connections":[],"jetpack_featured_media_url":"https:\/\/i0.wp.com\/historiografija.hr\/wp-content\/uploads\/2024\/04\/Moderno-ili-narodno.jpg?fit=1024%2C483&ssl=1","jetpack_sharing_enabled":true,"jetpack-related-posts":[{"id":53919,"url":"https:\/\/historiografija.hr\/?p=53919","url_meta":{"origin":40421,"position":0},"title":"Predstavljanje knjige \u201eNikola VII. Zrinski (\u010cakove\u010dki 1620. \u2013 1664.)\u201c Hrvoja Petri\u0107a u Koprivnici","author":"Filip \u0160imunjak","date":"8. lipnja 2026.","format":false,"excerpt":"U \u010detvrtak 11. lipnja 2026. godine koprivni\u010dka \u0107e publika imati priliku upoznati prvu cjelovitu biografiju jednog od najzna\u010dajnijih hrvatskih velika\u0161a i dr\u017eavnika 17. stolje\u0107a. Tom \u0107e prigodom biti predstavljena nova knjiga na\u0161eg sugra\u0111anina, povjesni\u010dara, prof. dr. sc. Hrvoja Petri\u0107a Nikola VII. Zrinski (\u010cakove\u010dki 1620. \u2013 1664.): Snovi prekinuti u lovu\u2026","rel":"","context":"U &quot;Novosti&quot;","block_context":{"text":"Novosti","link":"https:\/\/historiografija.hr\/?cat=3"},"img":{"alt_text":"","src":"https:\/\/i0.wp.com\/historiografija.hr\/wp-content\/uploads\/2026\/06\/Petric-Knjiga-Koprivnica.webp?fit=1080%2C715&ssl=1&resize=350%2C200","width":350,"height":200,"srcset":"https:\/\/i0.wp.com\/historiografija.hr\/wp-content\/uploads\/2026\/06\/Petric-Knjiga-Koprivnica.webp?fit=1080%2C715&ssl=1&resize=350%2C200 1x, https:\/\/i0.wp.com\/historiografija.hr\/wp-content\/uploads\/2026\/06\/Petric-Knjiga-Koprivnica.webp?fit=1080%2C715&ssl=1&resize=525%2C300 1.5x, https:\/\/i0.wp.com\/historiografija.hr\/wp-content\/uploads\/2026\/06\/Petric-Knjiga-Koprivnica.webp?fit=1080%2C715&ssl=1&resize=700%2C400 2x, https:\/\/i0.wp.com\/historiografija.hr\/wp-content\/uploads\/2026\/06\/Petric-Knjiga-Koprivnica.webp?fit=1080%2C715&ssl=1&resize=1050%2C600 3x"},"classes":[]},{"id":55031,"url":"https:\/\/historiografija.hr\/?p=55031","url_meta":{"origin":40421,"position":1},"title":"Predstavljanje knjige Nikole Grdini\u0107a \u201eGabonjin (1376. &#8211; 2026.)\u201c","author":"Branimir Jankovi\u0107","date":"20. kolovoza 2026.","format":false,"excerpt":"U nedjelju, 23. kolovoza 2026. u 18 sati u Gabonjinu, kod crkve Svetog Petra, na Krku odr\u017eat \u0107e se predstavljanje knjige Nikole Grdini\u0107a \u201eGabonjin (1376. - 2026.)\u201c. Pozivnica A4-GabonjinPreuzmi","rel":"","context":"U &quot;Novosti&quot;","block_context":{"text":"Novosti","link":"https:\/\/historiografija.hr\/?cat=3"},"img":{"alt_text":"","src":"https:\/\/i0.wp.com\/historiografija.hr\/wp-content\/uploads\/2026\/08\/Poziv-Gabonjin.jpg?fit=842%2C550&ssl=1&resize=350%2C200","width":350,"height":200,"srcset":"https:\/\/i0.wp.com\/historiografija.hr\/wp-content\/uploads\/2026\/08\/Poziv-Gabonjin.jpg?fit=842%2C550&ssl=1&resize=350%2C200 1x, https:\/\/i0.wp.com\/historiografija.hr\/wp-content\/uploads\/2026\/08\/Poziv-Gabonjin.jpg?fit=842%2C550&ssl=1&resize=525%2C300 1.5x, https:\/\/i0.wp.com\/historiografija.hr\/wp-content\/uploads\/2026\/08\/Poziv-Gabonjin.jpg?fit=842%2C550&ssl=1&resize=700%2C400 2x"},"classes":[]},{"id":52944,"url":"https:\/\/historiografija.hr\/?p=52944","url_meta":{"origin":40421,"position":2},"title":"Drago Ma\u017ear, &#8220;Dva kurira&#8221;","author":"Branimir Jankovi\u0107","date":"6. svibnja 2026.","format":false,"excerpt":"U sklopu Festivala povijesti Kliofest bit \u0107e odr\u017eano predstavljanje knjige Drage Ma\u017eara \"Dva kurira\" u \u010detvrtak, 7. svibnja 2026. u 19 sati u Srpskom kulturnom centru u Zagrebu (Preradovi\u0107eva 21). Drago Ma\u017ear: Dva kurira, Srpski kulturni centar Zagreb, Preradovi\u0107eva 21, 7. maja 2026., 19 sati Dan uo\u010di godi\u0161njice ulaska partizana\u2026","rel":"","context":"U &quot;Novosti&quot;","block_context":{"text":"Novosti","link":"https:\/\/historiografija.hr\/?cat=3"},"img":{"alt_text":"","src":"https:\/\/i0.wp.com\/historiografija.hr\/wp-content\/uploads\/2026\/05\/Kliofest-03-cetvrtak-IV-20-PK-Dva-kurira.jpg?fit=1200%2C566&ssl=1&resize=350%2C200","width":350,"height":200,"srcset":"https:\/\/i0.wp.com\/historiografija.hr\/wp-content\/uploads\/2026\/05\/Kliofest-03-cetvrtak-IV-20-PK-Dva-kurira.jpg?fit=1200%2C566&ssl=1&resize=350%2C200 1x, https:\/\/i0.wp.com\/historiografija.hr\/wp-content\/uploads\/2026\/05\/Kliofest-03-cetvrtak-IV-20-PK-Dva-kurira.jpg?fit=1200%2C566&ssl=1&resize=525%2C300 1.5x, https:\/\/i0.wp.com\/historiografija.hr\/wp-content\/uploads\/2026\/05\/Kliofest-03-cetvrtak-IV-20-PK-Dva-kurira.jpg?fit=1200%2C566&ssl=1&resize=700%2C400 2x, https:\/\/i0.wp.com\/historiografija.hr\/wp-content\/uploads\/2026\/05\/Kliofest-03-cetvrtak-IV-20-PK-Dva-kurira.jpg?fit=1200%2C566&ssl=1&resize=1050%2C600 3x"},"classes":[]},{"id":53369,"url":"https:\/\/historiografija.hr\/?p=53369","url_meta":{"origin":40421,"position":3},"title":"Predstavljanje knjige Ljiljane Dobrov\u0161ak &#8220;Za\u010detnici industrije u Hrvatskoj \u017eidovskog podrijetla&#8221;","author":"Branimir Jankovi\u0107","date":"15. svibnja 2026.","format":false,"excerpt":"Pozivamo vas na predstavljanje knjige dr. sc. Ljiljane Dobrov\u0161ak Za\u010detnici industrije u Hrvatskoj \u017eidovskog podrijetla u utorak 19. svibnja 2026. u 17 sati u Multimedijalnoj dvorani Instituta Pilar u Zagrebu. Nakladnici knjige su \u017didovska vjerska zajednica BET ISRAEL u Hrvatskoj i STAJER-GRAF iz Zagreba, a glavna urednica Jasminka Doma\u0161. U\u2026","rel":"","context":"U &quot;Novosti&quot;","block_context":{"text":"Novosti","link":"https:\/\/historiografija.hr\/?cat=3"},"img":{"alt_text":"","src":"https:\/\/i0.wp.com\/historiografija.hr\/wp-content\/uploads\/2026\/05\/Dobrovsak_promocija.jpg?fit=939%2C704&ssl=1&resize=350%2C200","width":350,"height":200,"srcset":"https:\/\/i0.wp.com\/historiografija.hr\/wp-content\/uploads\/2026\/05\/Dobrovsak_promocija.jpg?fit=939%2C704&ssl=1&resize=350%2C200 1x, https:\/\/i0.wp.com\/historiografija.hr\/wp-content\/uploads\/2026\/05\/Dobrovsak_promocija.jpg?fit=939%2C704&ssl=1&resize=525%2C300 1.5x, https:\/\/i0.wp.com\/historiografija.hr\/wp-content\/uploads\/2026\/05\/Dobrovsak_promocija.jpg?fit=939%2C704&ssl=1&resize=700%2C400 2x"},"classes":[]},{"id":54849,"url":"https:\/\/historiografija.hr\/?p=54849","url_meta":{"origin":40421,"position":4},"title":"Glazbeno-scenska ve\u010der i predstavljanje knjige &#8220;OD HRVATSKOGA KRALJEVSTVA DO LIJEPE NA\u0160E&#8221;","author":"Branimir Jankovi\u0107","date":"31. srpnja 2026.","format":false,"excerpt":"Ogranak Matice hrvatske u Trogiru i\u201eRadovan\u201c dru\u0161tvo za za\u0161titu kulturnih dobara Trogira s rado\u0161\u0107u vas pozivaju na glazbeno-scensku ve\u010der i predstavljanje knjige OD HRVATSKOGA KRALJEVSTVA DO LIJEPE NA\u0160E Sudjeluju:Vlatko Belas, baritonBarbara Gari\u0107, sopranprof. Ratko Bartulovi\u0107, glazbenikNik\u0161a Buble, recitatori autori knjige dr. sc. Danka Radi\u0107 i Radovan Slade-\u0160ilovi\u0107 Radujemo se Va\u0161em\u2026","rel":"","context":"U &quot;Novosti&quot;","block_context":{"text":"Novosti","link":"https:\/\/historiografija.hr\/?cat=3"},"img":{"alt_text":"","src":"https:\/\/i0.wp.com\/historiografija.hr\/wp-content\/uploads\/2026\/07\/od_hrvatskog_kraljevstva_do_lijepe_nase.jpg?fit=596%2C467&ssl=1&resize=350%2C200","width":350,"height":200,"srcset":"https:\/\/i0.wp.com\/historiografija.hr\/wp-content\/uploads\/2026\/07\/od_hrvatskog_kraljevstva_do_lijepe_nase.jpg?fit=596%2C467&ssl=1&resize=350%2C200 1x, https:\/\/i0.wp.com\/historiografija.hr\/wp-content\/uploads\/2026\/07\/od_hrvatskog_kraljevstva_do_lijepe_nase.jpg?fit=596%2C467&ssl=1&resize=525%2C300 1.5x"},"classes":[]},{"id":53378,"url":"https:\/\/historiografija.hr\/?p=53378","url_meta":{"origin":40421,"position":5},"title":"&#8220;Kali Sara&#8221;: Poziv za sudjelovanje u 5. ljetnoj \u0161koli suo\u010davanja s pro\u0161lo\u0161\u0107u","author":"Branimir Jankovi\u0107","date":"15. svibnja 2026.","format":false,"excerpt":"Savez Roma u Republici Hrvatskoj \u201cKALI SARA\u201d poziva na sudjelovanje u 5. ljetnoj \u0161koli suo\u010davanja s pro\u0161lo\u0161\u0107u koja se odr\u017eava u sklopu me\u0111unarodnog projekta \"Osna\u017eivanje mladih kroz povijest\", usmjerenog na dublje razumijevanje triju mra\u010dnih doga\u0111aja 20. stolje\u0107a: Holokausta, ratnog genocida nad Romima (Samudaripena) i genocida u Srebrenici. Ljetna \u0161kola -\u2026","rel":"","context":"U &quot;Novosti&quot;","block_context":{"text":"Novosti","link":"https:\/\/historiografija.hr\/?cat=3"},"img":{"alt_text":"","src":"https:\/\/i0.wp.com\/historiografija.hr\/wp-content\/uploads\/2026\/05\/Tribina-NDH.jpg?fit=784%2C540&ssl=1&resize=350%2C200","width":350,"height":200,"srcset":"https:\/\/i0.wp.com\/historiografija.hr\/wp-content\/uploads\/2026\/05\/Tribina-NDH.jpg?fit=784%2C540&ssl=1&resize=350%2C200 1x, https:\/\/i0.wp.com\/historiografija.hr\/wp-content\/uploads\/2026\/05\/Tribina-NDH.jpg?fit=784%2C540&ssl=1&resize=525%2C300 1.5x, https:\/\/i0.wp.com\/historiografija.hr\/wp-content\/uploads\/2026\/05\/Tribina-NDH.jpg?fit=784%2C540&ssl=1&resize=700%2C400 2x"},"classes":[]}],"_links":{"self":[{"href":"https:\/\/historiografija.hr\/index.php?rest_route=\/wp\/v2\/posts\/40421","targetHints":{"allow":["GET"]}}],"collection":[{"href":"https:\/\/historiografija.hr\/index.php?rest_route=\/wp\/v2\/posts"}],"about":[{"href":"https:\/\/historiografija.hr\/index.php?rest_route=\/wp\/v2\/types\/post"}],"author":[{"embeddable":true,"href":"https:\/\/historiografija.hr\/index.php?rest_route=\/wp\/v2\/users\/2"}],"replies":[{"embeddable":true,"href":"https:\/\/historiografija.hr\/index.php?rest_route=%2Fwp%2Fv2%2Fcomments&post=40421"}],"version-history":[{"count":2,"href":"https:\/\/historiografija.hr\/index.php?rest_route=\/wp\/v2\/posts\/40421\/revisions"}],"predecessor-version":[{"id":40446,"href":"https:\/\/historiografija.hr\/index.php?rest_route=\/wp\/v2\/posts\/40421\/revisions\/40446"}],"wp:featuredmedia":[{"embeddable":true,"href":"https:\/\/historiografija.hr\/index.php?rest_route=\/wp\/v2\/media\/40422"}],"wp:attachment":[{"href":"https:\/\/historiografija.hr\/index.php?rest_route=%2Fwp%2Fv2%2Fmedia&parent=40421"}],"wp:term":[{"taxonomy":"category","embeddable":true,"href":"https:\/\/historiografija.hr\/index.php?rest_route=%2Fwp%2Fv2%2Fcategories&post=40421"},{"taxonomy":"post_tag","embeddable":true,"href":"https:\/\/historiografija.hr\/index.php?rest_route=%2Fwp%2Fv2%2Ftags&post=40421"}],"curies":[{"name":"wp","href":"https:\/\/api.w.org\/{rel}","templated":true}]}}