{"id":40418,"date":"2024-04-15T21:25:43","date_gmt":"2024-04-15T21:25:43","guid":{"rendered":"http:\/\/historiografija.hr\/?p=40418"},"modified":"2024-04-15T21:25:43","modified_gmt":"2024-04-15T21:25:43","slug":"medunarodni-znanstveni-skup-ivana-brlic-mazuranic-u-novom-mileniju","status":"publish","type":"post","link":"https:\/\/historiografija.hr\/?p=40418","title":{"rendered":"Me\u0111unarodni znanstveni skup \u201eIvana Brli\u0107-Ma\u017eurani\u0107 u novom mileniju\u201c"},"content":{"rendered":"\n<p>Povodom 150. godi\u0161njice ro\u0111enja knji\u017eevnice Ivane Brli\u0107-Ma\u017eurani\u0107 odr\u017eat \u0107e se od 18. do 20. travnja 2024. u Slavonskom Brodu me\u0111unarodni znanstveni skup \u201cIvana Brli\u0107-Ma\u017eurani\u0107 u novom mileniju\u201d.<\/p>\n\n\n\n<hr class=\"wp-block-separator\"\/>\n\n\n\n<p>Op\u0161irnije:<\/p>\n\n\n\n<figure class=\"wp-block-embed-wordpress wp-block-embed is-type-wp-embed is-provider-hrvatski-institut-za-povijest\"><div class=\"wp-block-embed__wrapper\">\n<blockquote class=\"wp-embedded-content\" data-secret=\"VMKP3ePmo9\"><a href=\"http:\/\/hipsb.hr\/najava-medunarodni-znanstveni-skup-ivana-brlic-mazuranic-u-novom-mileniju\/\">NAJAVA: Me\u0111unarodni znanstveni skup \u00bbIvana Brli\u0107-Ma\u017eurani\u0107 u novom mileniju\u00ab<\/a><\/blockquote><iframe loading=\"lazy\" class=\"wp-embedded-content\" sandbox=\"allow-scripts\" security=\"restricted\" style=\"position: absolute; clip: rect(1px, 1px, 1px, 1px);\" title=\"&#8220;NAJAVA: Me\u0111unarodni znanstveni skup \u00bbIvana Brli\u0107-Ma\u017eurani\u0107 u novom mileniju\u00ab&#8221; &#8212; Hrvatski institut za povijest\" src=\"http:\/\/hipsb.hr\/najava-medunarodni-znanstveni-skup-ivana-brlic-mazuranic-u-novom-mileniju\/embed\/#?secret=VMKP3ePmo9\" data-secret=\"VMKP3ePmo9\" width=\"600\" height=\"338\" frameborder=\"0\" marginwidth=\"0\" marginheight=\"0\" scrolling=\"no\"><\/iframe>\n<\/div><\/figure>\n\n\n\n<figure class=\"wp-block-embed-wordpress wp-block-embed is-type-wp-embed is-provider-sveuciliste-u-slavonskom-brodu\"><div class=\"wp-block-embed__wrapper\">\n<blockquote class=\"wp-embedded-content\" data-secret=\"oNynXgaIxA\"><a href=\"https:\/\/www.unisb.hr\/medunarodni-znanstveni-skup-ivana-brlic-mazuranic-u-novom-mileniju-posvecen-150-godisnjici-autoricina-rodenja-slavonski-brod-18-20-travnja-2024\/\">Me\u0111unarodni znanstveni skup Ivana Brli\u0107-Ma\u017eurani\u0107 u novom mileniju\u200b posve\u0107en 150. godi\u0161njici autori\u010dina ro\u0111enja Slavonski Brod, 18. &#8211; 20. travnja 2024.<\/a><\/blockquote><iframe loading=\"lazy\" class=\"wp-embedded-content\" sandbox=\"allow-scripts\" security=\"restricted\" style=\"position: absolute; clip: rect(1px, 1px, 1px, 1px);\" title=\"&#8220;Me\u0111unarodni znanstveni skup Ivana Brli\u0107-Ma\u017eurani\u0107 u novom mileniju\u200b posve\u0107en 150. godi\u0161njici autori\u010dina ro\u0111enja Slavonski Brod, 18. &#8211; 20. travnja 2024.&#8221; &#8212; Sveu\u010dili\u0161te u Slavonskom Brodu\" src=\"https:\/\/www.unisb.hr\/medunarodni-znanstveni-skup-ivana-brlic-mazuranic-u-novom-mileniju-posvecen-150-godisnjici-autoricina-rodenja-slavonski-brod-18-20-travnja-2024\/embed\/#?secret=9eAMXWgBzr#?secret=oNynXgaIxA\" data-secret=\"oNynXgaIxA\" width=\"600\" height=\"338\" frameborder=\"0\" marginwidth=\"0\" marginheight=\"0\" scrolling=\"no\"><\/iframe>\n<\/div><\/figure>\n\n\n\n<hr class=\"wp-block-separator\"\/>\n","protected":false},"excerpt":{"rendered":"","protected":false},"author":2,"featured_media":40419,"comment_status":"open","ping_status":"open","sticky":false,"template":"","format":"standard","meta":{"_acf_changed":false,"jetpack_post_was_ever_published":false,"_jetpack_newsletter_access":"","_jetpack_dont_email_post_to_subs":false,"_jetpack_newsletter_tier_id":0,"_jetpack_memberships_contains_paywalled_content":false,"_jetpack_memberships_contains_paid_content":false,"footnotes":"","jetpack_publicize_message":"","jetpack_publicize_feature_enabled":true,"jetpack_social_post_already_shared":true,"jetpack_social_options":{"image_generator_settings":{"template":"highway","default_image_id":0,"font":"","enabled":false},"version":2}},"categories":[3,9],"tags":[],"class_list":["post-40418","post","type-post","status-publish","format-standard","has-post-thumbnail","hentry","category-novosti","category-skupovi"],"acf":{"facebook_opis":""},"jetpack_publicize_connections":[],"jetpack_featured_media_url":"https:\/\/i0.wp.com\/historiografija.hr\/wp-content\/uploads\/2024\/04\/Plakat_IBM.jpg?fit=724%2C1024&ssl=1","jetpack_sharing_enabled":true,"jetpack-related-posts":[],"_links":{"self":[{"href":"https:\/\/historiografija.hr\/index.php?rest_route=\/wp\/v2\/posts\/40418","targetHints":{"allow":["GET"]}}],"collection":[{"href":"https:\/\/historiografija.hr\/index.php?rest_route=\/wp\/v2\/posts"}],"about":[{"href":"https:\/\/historiografija.hr\/index.php?rest_route=\/wp\/v2\/types\/post"}],"author":[{"embeddable":true,"href":"https:\/\/historiografija.hr\/index.php?rest_route=\/wp\/v2\/users\/2"}],"replies":[{"embeddable":true,"href":"https:\/\/historiografija.hr\/index.php?rest_route=%2Fwp%2Fv2%2Fcomments&post=40418"}],"version-history":[{"count":1,"href":"https:\/\/historiografija.hr\/index.php?rest_route=\/wp\/v2\/posts\/40418\/revisions"}],"predecessor-version":[{"id":40420,"href":"https:\/\/historiografija.hr\/index.php?rest_route=\/wp\/v2\/posts\/40418\/revisions\/40420"}],"wp:featuredmedia":[{"embeddable":true,"href":"https:\/\/historiografija.hr\/index.php?rest_route=\/wp\/v2\/media\/40419"}],"wp:attachment":[{"href":"https:\/\/historiografija.hr\/index.php?rest_route=%2Fwp%2Fv2%2Fmedia&parent=40418"}],"wp:term":[{"taxonomy":"category","embeddable":true,"href":"https:\/\/historiografija.hr\/index.php?rest_route=%2Fwp%2Fv2%2Fcategories&post=40418"},{"taxonomy":"post_tag","embeddable":true,"href":"https:\/\/historiografija.hr\/index.php?rest_route=%2Fwp%2Fv2%2Ftags&post=40418"}],"curies":[{"name":"wp","href":"https:\/\/api.w.org\/{rel}","templated":true}]}}