{"id":40396,"date":"2024-04-11T21:57:30","date_gmt":"2024-04-11T21:57:30","guid":{"rendered":"http:\/\/historiografija.hr\/?p=40396"},"modified":"2024-04-11T21:57:30","modified_gmt":"2024-04-11T21:57:30","slug":"izlozba-od-vlastite-ucionice-do-vlastite-sobe","status":"publish","type":"post","link":"https:\/\/historiografija.hr\/?p=40396","title":{"rendered":"Izlo\u017eba \u201eOd vlastite u\u010dionice do vlastite sobe\u201c"},"content":{"rendered":"\n<p>Hrvatski \u0161kolski muzej poziva Vas na otvorenje izlo\u017ebe <strong>&#8220;Od vlastite u\u010dionice do vlastite sobe<\/strong>&#8221; koje \u0107e se odr\u017eati <strong>u utorak, 16. travnja u 19 sati<\/strong> u galeriji Hrvatskog \u0161kolskog muzeja <strong>\u201e\u0160kolica za 5\u201c<\/strong> u Hebrangovoj 5 u Zagrebu. Izlo\u017eba je nastala u organizaciji <strong>Hrvatskog \u0161kolskog muzeja<\/strong> i <strong>Prostora rodne i medijske kulture &#8216;K-zona&#8217;<\/strong>, a posve\u0107ena je po\u010decima \u017eenskog gimnazijskog obrazovanja u Zagrebu. Izlo\u017eba tematizira povijest borbe za \u017eensko obrazovanje u Hrvatskoj kroz pri\u010du o tri u\u010diteljice: <strong>Mariji Jambri\u0161ak<\/strong>, <strong>Ivani Hirschmann<\/strong> i <strong>Nataliji Wickerhauser<\/strong>. Izlo\u017eba je dio projekta K-zone i \u0160kolskog muzeja koji aktivira arhivsku gra\u0111u, otvaraju\u0107i prostor za nove perspektive i umjetni\u010dke interpretacije, a namjera je upoznati gra\u0111anstvo s ba\u0161tinom koju \u010duvaju muzeji te doprinijeti edukaciji \u0161ire javnosti, promi\u010du\u0107i pritom rodnu ravnopravnost. \u017divotne puteve i pustolovine ovih triju prosvjetarki ilustrirale (i animirale) su <strong>Petra Baleki\u0107<\/strong>, <strong>Klasja Habjan<\/strong>, <strong>Anamarija Kvas<\/strong> i <strong>Agata Lu\u010di\u0107<\/strong>. Izlo\u017eba traje do 11. svibnja 2024.<\/p>\n\n\n\n<hr class=\"wp-block-separator\"\/>\n\n\n\n<p>Izvor:<\/p>\n\n\n\n<p><a href=\"https:\/\/www.hsmuzej.hr\/hr\/aktualnosti\/od-vlastite-ucionice-do-vlastite-sobe\/\">https:\/\/www.hsmuzej.hr\/hr\/aktualnosti\/od-vlastite-ucionice-do-vlastite-sobe\/<\/a><\/p>\n\n\n\n<hr class=\"wp-block-separator\"\/>\n\n\n\n<p>Dodatne obavijesti:<\/p>\n\n\n\n<p><a href=\"https:\/\/voxfeminae.net\/kalendar-dogadanja\/najave\/izlozba-od-vlastite-ucionice-do-vlastite-sobe\/\">https:\/\/voxfeminae.net\/kalendar-dogadanja\/najave\/izlozba-od-vlastite-ucionice-do-vlastite-sobe\/<\/a><\/p>\n\n\n\n<hr class=\"wp-block-separator\"\/>\n","protected":false},"excerpt":{"rendered":"","protected":false},"author":2,"featured_media":40397,"comment_status":"open","ping_status":"open","sticky":false,"template":"","format":"standard","meta":{"_acf_changed":false,"jetpack_post_was_ever_published":false,"_jetpack_newsletter_access":"","_jetpack_dont_email_post_to_subs":false,"_jetpack_newsletter_tier_id":0,"_jetpack_memberships_contains_paywalled_content":false,"_jetpack_memberships_contains_paid_content":false,"footnotes":"","jetpack_publicize_message":"","jetpack_publicize_feature_enabled":true,"jetpack_social_post_already_shared":true,"jetpack_social_options":{"image_generator_settings":{"template":"highway","default_image_id":0,"font":"","enabled":false},"version":2}},"categories":[10,3],"tags":[],"class_list":["post-40396","post","type-post","status-publish","format-standard","has-post-thumbnail","hentry","category-izlozbe","category-novosti"],"acf":{"facebook_opis":""},"jetpack_publicize_connections":[],"jetpack_featured_media_url":"https:\/\/i0.wp.com\/historiografija.hr\/wp-content\/uploads\/2024\/04\/od-vlastite-ucionice-do-vlastite-sobe.jpg?fit=1037%2C500&ssl=1","jetpack_sharing_enabled":true,"jetpack-related-posts":[],"_links":{"self":[{"href":"https:\/\/historiografija.hr\/index.php?rest_route=\/wp\/v2\/posts\/40396","targetHints":{"allow":["GET"]}}],"collection":[{"href":"https:\/\/historiografija.hr\/index.php?rest_route=\/wp\/v2\/posts"}],"about":[{"href":"https:\/\/historiografija.hr\/index.php?rest_route=\/wp\/v2\/types\/post"}],"author":[{"embeddable":true,"href":"https:\/\/historiografija.hr\/index.php?rest_route=\/wp\/v2\/users\/2"}],"replies":[{"embeddable":true,"href":"https:\/\/historiografija.hr\/index.php?rest_route=%2Fwp%2Fv2%2Fcomments&post=40396"}],"version-history":[{"count":1,"href":"https:\/\/historiografija.hr\/index.php?rest_route=\/wp\/v2\/posts\/40396\/revisions"}],"predecessor-version":[{"id":40398,"href":"https:\/\/historiografija.hr\/index.php?rest_route=\/wp\/v2\/posts\/40396\/revisions\/40398"}],"wp:featuredmedia":[{"embeddable":true,"href":"https:\/\/historiografija.hr\/index.php?rest_route=\/wp\/v2\/media\/40397"}],"wp:attachment":[{"href":"https:\/\/historiografija.hr\/index.php?rest_route=%2Fwp%2Fv2%2Fmedia&parent=40396"}],"wp:term":[{"taxonomy":"category","embeddable":true,"href":"https:\/\/historiografija.hr\/index.php?rest_route=%2Fwp%2Fv2%2Fcategories&post=40396"},{"taxonomy":"post_tag","embeddable":true,"href":"https:\/\/historiografija.hr\/index.php?rest_route=%2Fwp%2Fv2%2Ftags&post=40396"}],"curies":[{"name":"wp","href":"https:\/\/api.w.org\/{rel}","templated":true}]}}