{"id":40393,"date":"2024-04-11T21:49:07","date_gmt":"2024-04-11T21:49:07","guid":{"rendered":"http:\/\/historiografija.hr\/?p=40393"},"modified":"2024-04-11T21:49:07","modified_gmt":"2024-04-11T21:49:07","slug":"predavanje-skolovanje-nikole-tesle-u-hrvatskoj-i-ceski-utjecaji","status":"publish","type":"post","link":"https:\/\/historiografija.hr\/?p=40393","title":{"rendered":"Predavanje \u201e\u0160kolovanje Nikole Tesle u Hrvatskoj i \u010de\u0161ki utjecaji\u201c"},"content":{"rendered":"\n<p>Hrvatsko-\u010de\u0161ko dru\u0161tvo organizira predavanje \u0160kolovanje Nikole Tesle u Hrvatskoj i \u010de\u0161ki utjecaji koje \u0107e odr\u017eati prof. dr. Darko \u017dubrini\u0107 u ponedjeljak 15. travnja 2024. u 19 sati u \u010ce\u0161kom narodnom domu u Zagrebu, Pavla \u0160ubi\u0107a 20, 1. kat.<\/p>\n\n\n\n<p>Teslina izobrazba u srednjoj \u0161koli u Rakovcu (danas dio Karlovca) od 1870. do 1873. bila je klju\u010dna za njegovo usmjerenje prema elektrotehnici. U tome je presudnu ulogu imao njegov profesor fizike Martin Sekuli\u0107, kojega Tesla s dubokom zahvalno\u0161\u0107u spominje u svojoj autobiografiji. Matematiku mu je predavao malo poznati \u010ceh August L\u00f6ffler. Rakovac se tada nalazio u Hrvatskoj Vojnoj Krajini, \u0161to je bio onda\u0161nji slu\u017ebeni termin. O Nikoli Tesli je zanimljiv \u010dlanak napisao njegov \u010de\u0161ki kolega Franti\u0161ek \u017durek, objavljen 1927. u Pragu, u kojem je opisao svoje uspomene na Teslu tijekom studija u Pragu 1880. Tada\u0161nja \u010cehoslova\u010dka Republika je 1936. i 1937. Nikoli Tesli dodijelila tri visoka priznanja: jedno dr\u017eavno i dva sveu\u010dili\u0161na (po\u010dasne doktorate). Nikola Tesla je 1896. postao po\u010dasni \u010dlan Akademije u Zagrebu na prijedlog Vinka Dvo\u0159\u00e1ka, istaknutog \u010de\u0161ko-hrvatskog fizi\u010dara ro\u0111enog u Du\u0161ejovu u \u010ce\u0161koj. Nikola Tesla u Pragu ima svoju ulicu gdje mu je 2014. temeljem inicijative Hrvatsko-\u010de\u0161kog dru\u0161tva postavljen spomenik koji je djelomi\u010dno financirao i Grad Zagreb.<\/p>\n\n\n\n<hr class=\"wp-block-separator\"\/>\n\n\n\n<p>Izvor:<\/p>\n\n\n\n<p><a href=\"https:\/\/www.facebook.com\/HCDZG\">https:\/\/www.facebook.com\/HCDZG<\/a><\/p>\n\n\n\n<hr class=\"wp-block-separator\"\/>\n","protected":false},"excerpt":{"rendered":"","protected":false},"author":2,"featured_media":40394,"comment_status":"open","ping_status":"open","sticky":false,"template":"","format":"standard","meta":{"_acf_changed":false,"_jetpack_newsletter_access":"","_jetpack_dont_email_post_to_subs":false,"_jetpack_newsletter_tier_id":0,"_jetpack_memberships_contains_paywalled_content":false,"_jetpack_memberships_contains_paid_content":false,"footnotes":"","jetpack_publicize_message":"","jetpack_publicize_feature_enabled":true,"jetpack_social_post_already_shared":true,"jetpack_social_options":{"image_generator_settings":{"template":"highway","default_image_id":0,"font":"","enabled":false},"version":2},"jetpack_post_was_ever_published":false},"categories":[3],"tags":[],"class_list":["post-40393","post","type-post","status-publish","format-standard","has-post-thumbnail","hentry","category-novosti"],"acf":{"facebook_opis":""},"jetpack_publicize_connections":[],"jetpack_featured_media_url":"https:\/\/i0.wp.com\/historiografija.hr\/wp-content\/uploads\/2024\/04\/Tesla.jpg?fit=590%2C295&ssl=1","jetpack_sharing_enabled":true,"jetpack-related-posts":[{"id":54987,"url":"https:\/\/historiografija.hr\/?p=54987","url_meta":{"origin":40393,"position":0},"title":"Predavanje Hrvoja Petri\u0107a \u201eDra\u0161kovi\u0107i i Nikola VII. Zrinski: Trako\u0161\u0107an i Klenovnik 1645. \u2013 1651.\u201c","author":"Branimir Jankovi\u0107","date":"17. kolovoza 2026.","format":false,"excerpt":"Kako je jedan brak utjecao na kratkotrajnu promjenu vlasni\u0161tva nad dvorcima Klenovnik i Trako\u0161\u0107an? Godine 1645. brak istaknutog Nikole VII. Zrinskog i Euzebije Dra\u0161kovi\u0107 doveo je do kratkotrajne promjene vlasni\u0161tva nad Trako\u0161\u0107anom i Klenovnikom, koji su tada u\u0161li u posjed obitelji Zrinski. \u0160to se zapravo doga\u0111alo u Trako\u0161\u0107anu i Klenovniku\u2026","rel":"","context":"U &quot;Novosti&quot;","block_context":{"text":"Novosti","link":"https:\/\/historiografija.hr\/?cat=3"},"img":{"alt_text":"","src":"https:\/\/i0.wp.com\/historiografija.hr\/wp-content\/uploads\/2026\/08\/Petric.png?fit=1200%2C450&ssl=1&resize=350%2C200","width":350,"height":200,"srcset":"https:\/\/i0.wp.com\/historiografija.hr\/wp-content\/uploads\/2026\/08\/Petric.png?fit=1200%2C450&ssl=1&resize=350%2C200 1x, https:\/\/i0.wp.com\/historiografija.hr\/wp-content\/uploads\/2026\/08\/Petric.png?fit=1200%2C450&ssl=1&resize=525%2C300 1.5x, https:\/\/i0.wp.com\/historiografija.hr\/wp-content\/uploads\/2026\/08\/Petric.png?fit=1200%2C450&ssl=1&resize=700%2C400 2x, https:\/\/i0.wp.com\/historiografija.hr\/wp-content\/uploads\/2026\/08\/Petric.png?fit=1200%2C450&ssl=1&resize=1050%2C600 3x"},"classes":[]},{"id":53010,"url":"https:\/\/historiografija.hr\/?p=53010","url_meta":{"origin":40393,"position":1},"title":"Predstavljena knjiga An\u0111elka Akrapa &#8220;Stanovni\u0161tvo u Hrvatskoj kroz stolje\u0107a&#8221;","author":"Branimir Jankovi\u0107","date":"7. svibnja 2026.","format":false,"excerpt":"U Matici hrvatskoj 5. svibnja 2026. predstavljena je knjiga Stanovni\u0161tvo u Hrvatskoj kroz stolje\u0107a akademika An\u0111elka Akrapa, ujedno i \u010dlana Glavnoga odbora Matice hrvatske. Na predstavljanju su govorili: Ivan Rogi\u0107, Mladen Klemen\u010di\u0107, Ivan Jurkovi\u0107 i autor An\u0111elko Akrap. Na predstavljanju se tra\u017eilo mjesto vi\u0161e, nazo\u010dile su brojne osobe iz akademskog\u2026","rel":"","context":"U &quot;Novosti&quot;","block_context":{"text":"Novosti","link":"https:\/\/historiografija.hr\/?cat=3"},"img":{"alt_text":"","src":"https:\/\/i0.wp.com\/historiografija.hr\/wp-content\/uploads\/2026\/05\/Akrap.jpg?fit=680%2C544&ssl=1&resize=350%2C200","width":350,"height":200,"srcset":"https:\/\/i0.wp.com\/historiografija.hr\/wp-content\/uploads\/2026\/05\/Akrap.jpg?fit=680%2C544&ssl=1&resize=350%2C200 1x, https:\/\/i0.wp.com\/historiografija.hr\/wp-content\/uploads\/2026\/05\/Akrap.jpg?fit=680%2C544&ssl=1&resize=525%2C300 1.5x"},"classes":[]},{"id":53994,"url":"https:\/\/historiografija.hr\/?p=53994","url_meta":{"origin":40393,"position":2},"title":"Doga\u0111anja CKPIS-a: Predavanje Melvina Bernarda o dodjeli stanova u kasnom socijalizmu","author":"Branimir Jankovi\u0107","date":"10. lipnja 2026.","format":false,"excerpt":"U organizaciji sveu\u010dili\u0161nog Centra za kulturolo\u0161ka i povijesna istra\u017eivanja socijalizma \u2013 u utorak, 2. lipnja 2026., u 17.00 sati u dv. 221\u00a0na Filozofskom fakultetu u Puli (Negrijeva 6, prvi kat) \u2013 gostuju\u0107e javno predavanje pod naslovom Workers\u2019 Self-Management in Practice: Company Housing Distribution in Late Socialist Yugoslavia\u00a0odr\u017eao\u00a0je\u00a0Melvin Bernard, doktorand na\u00a0\u00c9cole\u2026","rel":"","context":"U &quot;Novosti&quot;","block_context":{"text":"Novosti","link":"https:\/\/historiografija.hr\/?cat=3"},"img":{"alt_text":"","src":"https:\/\/i0.wp.com\/historiografija.hr\/wp-content\/uploads\/2026\/06\/Bernard-scaled.jpg?fit=1200%2C578&ssl=1&resize=350%2C200","width":350,"height":200,"srcset":"https:\/\/i0.wp.com\/historiografija.hr\/wp-content\/uploads\/2026\/06\/Bernard-scaled.jpg?fit=1200%2C578&ssl=1&resize=350%2C200 1x, https:\/\/i0.wp.com\/historiografija.hr\/wp-content\/uploads\/2026\/06\/Bernard-scaled.jpg?fit=1200%2C578&ssl=1&resize=525%2C300 1.5x, https:\/\/i0.wp.com\/historiografija.hr\/wp-content\/uploads\/2026\/06\/Bernard-scaled.jpg?fit=1200%2C578&ssl=1&resize=700%2C400 2x, https:\/\/i0.wp.com\/historiografija.hr\/wp-content\/uploads\/2026\/06\/Bernard-scaled.jpg?fit=1200%2C578&ssl=1&resize=1050%2C600 3x"},"classes":[]},{"id":53919,"url":"https:\/\/historiografija.hr\/?p=53919","url_meta":{"origin":40393,"position":3},"title":"Predstavljanje knjige \u201eNikola VII. Zrinski (\u010cakove\u010dki 1620. \u2013 1664.)\u201c Hrvoja Petri\u0107a u Koprivnici","author":"Filip \u0160imunjak","date":"8. lipnja 2026.","format":false,"excerpt":"U \u010detvrtak 11. lipnja 2026. godine koprivni\u010dka \u0107e publika imati priliku upoznati prvu cjelovitu biografiju jednog od najzna\u010dajnijih hrvatskih velika\u0161a i dr\u017eavnika 17. stolje\u0107a. Tom \u0107e prigodom biti predstavljena nova knjiga na\u0161eg sugra\u0111anina, povjesni\u010dara, prof. dr. sc. Hrvoja Petri\u0107a Nikola VII. Zrinski (\u010cakove\u010dki 1620. \u2013 1664.): Snovi prekinuti u lovu\u2026","rel":"","context":"U &quot;Novosti&quot;","block_context":{"text":"Novosti","link":"https:\/\/historiografija.hr\/?cat=3"},"img":{"alt_text":"","src":"https:\/\/i0.wp.com\/historiografija.hr\/wp-content\/uploads\/2026\/06\/Petric-Knjiga-Koprivnica.webp?fit=1080%2C715&ssl=1&resize=350%2C200","width":350,"height":200,"srcset":"https:\/\/i0.wp.com\/historiografija.hr\/wp-content\/uploads\/2026\/06\/Petric-Knjiga-Koprivnica.webp?fit=1080%2C715&ssl=1&resize=350%2C200 1x, https:\/\/i0.wp.com\/historiografija.hr\/wp-content\/uploads\/2026\/06\/Petric-Knjiga-Koprivnica.webp?fit=1080%2C715&ssl=1&resize=525%2C300 1.5x, https:\/\/i0.wp.com\/historiografija.hr\/wp-content\/uploads\/2026\/06\/Petric-Knjiga-Koprivnica.webp?fit=1080%2C715&ssl=1&resize=700%2C400 2x, https:\/\/i0.wp.com\/historiografija.hr\/wp-content\/uploads\/2026\/06\/Petric-Knjiga-Koprivnica.webp?fit=1080%2C715&ssl=1&resize=1050%2C600 3x"},"classes":[]},{"id":53627,"url":"https:\/\/historiografija.hr\/?p=53627","url_meta":{"origin":40393,"position":4},"title":"Gostuju\u0107e predavanje: Niels Gaul o Bizantskom Carstvu u doba Konstantina Porfirogeneta","author":"Branimir Jankovi\u0107","date":"22. svibnja 2026.","format":false,"excerpt":"Pro\u0161la je godina protekla u znaku velike 1100. obljetnice doba kralja Tomislava i po\u010detaka Hrvatskog Kraljevstva. Klju\u010dno svjedo\u010danstvo o Tomislavovom dobu, pa i op\u0107enito o najstarijoj hrvatskoj povijesti, ostavio je bizantski car Konstantin VII. Porfirogenet pi\u0161u\u0107i u svojem djelu O upravljanju carstvom o podlo\u017eenim i susjednim narodima Bizantskog Carstva. No\u2026","rel":"","context":"U &quot;Novosti&quot;","block_context":{"text":"Novosti","link":"https:\/\/historiografija.hr\/?cat=3"},"img":{"alt_text":"","src":"https:\/\/i0.wp.com\/historiografija.hr\/wp-content\/uploads\/2026\/05\/Gostujuce-predavanje.png?fit=932%2C490&ssl=1&resize=350%2C200","width":350,"height":200,"srcset":"https:\/\/i0.wp.com\/historiografija.hr\/wp-content\/uploads\/2026\/05\/Gostujuce-predavanje.png?fit=932%2C490&ssl=1&resize=350%2C200 1x, https:\/\/i0.wp.com\/historiografija.hr\/wp-content\/uploads\/2026\/05\/Gostujuce-predavanje.png?fit=932%2C490&ssl=1&resize=525%2C300 1.5x, https:\/\/i0.wp.com\/historiografija.hr\/wp-content\/uploads\/2026\/05\/Gostujuce-predavanje.png?fit=932%2C490&ssl=1&resize=700%2C400 2x"},"classes":[]},{"id":53194,"url":"https:\/\/historiografija.hr\/?p=53194","url_meta":{"origin":40393,"position":5},"title":"U HAZU znanstveni skup u povodu 100. godi\u0161njice smrti akademika Mije Ki\u0161pati\u0107a","author":"Branimir Jankovi\u0107","date":"12. svibnja 2026.","format":false,"excerpt":"Hrvatska akademija znanosti i umjetnosti prire\u0111uje prigodni znanstveni skup u povodu 100. godi\u0161njice smrti akademika Mije Ki\u0161pati\u0107a, istaknutoga hrvatskog prirodoslovca, sveu\u010dili\u0161noga profesora i redovitoga \u010dlana Akademije. Obilje\u017eavanjem ove obljetnice Akademija odaje po\u010dast znanstveniku koji je svojim djelovanjem trajno obilje\u017eio razvoj hrvatskih prirodnih znanosti te zauzeo istaknuto mjesto u nacionalnoj znanstvenoj\u2026","rel":"","context":"U &quot;Novosti&quot;","block_context":{"text":"Novosti","link":"https:\/\/historiografija.hr\/?cat=3"},"img":{"alt_text":"","src":"https:\/\/i0.wp.com\/historiografija.hr\/wp-content\/uploads\/2026\/05\/Mijo-Kispatic.png?fit=398%2C500&ssl=1&resize=350%2C200","width":350,"height":200},"classes":[]}],"_links":{"self":[{"href":"https:\/\/historiografija.hr\/index.php?rest_route=\/wp\/v2\/posts\/40393","targetHints":{"allow":["GET"]}}],"collection":[{"href":"https:\/\/historiografija.hr\/index.php?rest_route=\/wp\/v2\/posts"}],"about":[{"href":"https:\/\/historiografija.hr\/index.php?rest_route=\/wp\/v2\/types\/post"}],"author":[{"embeddable":true,"href":"https:\/\/historiografija.hr\/index.php?rest_route=\/wp\/v2\/users\/2"}],"replies":[{"embeddable":true,"href":"https:\/\/historiografija.hr\/index.php?rest_route=%2Fwp%2Fv2%2Fcomments&post=40393"}],"version-history":[{"count":1,"href":"https:\/\/historiografija.hr\/index.php?rest_route=\/wp\/v2\/posts\/40393\/revisions"}],"predecessor-version":[{"id":40395,"href":"https:\/\/historiografija.hr\/index.php?rest_route=\/wp\/v2\/posts\/40393\/revisions\/40395"}],"wp:featuredmedia":[{"embeddable":true,"href":"https:\/\/historiografija.hr\/index.php?rest_route=\/wp\/v2\/media\/40394"}],"wp:attachment":[{"href":"https:\/\/historiografija.hr\/index.php?rest_route=%2Fwp%2Fv2%2Fmedia&parent=40393"}],"wp:term":[{"taxonomy":"category","embeddable":true,"href":"https:\/\/historiografija.hr\/index.php?rest_route=%2Fwp%2Fv2%2Fcategories&post=40393"},{"taxonomy":"post_tag","embeddable":true,"href":"https:\/\/historiografija.hr\/index.php?rest_route=%2Fwp%2Fv2%2Ftags&post=40393"}],"curies":[{"name":"wp","href":"https:\/\/api.w.org\/{rel}","templated":true}]}}