{"id":40387,"date":"2024-04-10T21:13:04","date_gmt":"2024-04-10T21:13:04","guid":{"rendered":"http:\/\/historiografija.hr\/?p=40387"},"modified":"2024-04-10T21:13:04","modified_gmt":"2024-04-10T21:13:04","slug":"balkanska-ruta","status":"publish","type":"post","link":"https:\/\/historiografija.hr\/?p=40387","title":{"rendered":"Balkanska ruta"},"content":{"rendered":"\n<p>Pojmovnik\u00a0<em>Balkanska ruta<\/em>\u00a0nastoji aktualnom re\u017eimu migracija oblikovanom proskribiranim i kriminaliziranim migrantskim kretanjima kroz Hrvatsku, Sloveniju, Srbiju i zemlje okru\u017eja, pristupiti putem klju\u010dnih pojmova. Abecednim rasporedom tekstova, uputnicama i drugim formalnim i sadr\u017eajnim zna\u010dajkama, on nasljeduje \u017eanrovska obilje\u017eja leksikona. Istodobno, on je zbog relativne opse\u017enosti u elaboraciji pojmova, otvorenosti prema njihovom preispitivanju te odricanja od neutralnosti, bli\u017ei zbirci ili zborniku etnografski utemeljenih znanstvenih tekstova. Osim kao zbornik, ovaj se pojmovnik mo\u017ee \u010ditati i kao autorska knjiga s dvadeset i tri me\u0111usobno eksplicitno (uputnicama) i implicitno (perspektivama, temama, primjerima) \u010dvrsto povezana poglavlja koja se mogu, ali i ne moraju \u010ditati u slijedu.<\/p>\n\n\n\n<p>Pojmovnik&nbsp;<em>Balkanska ruta&nbsp;<\/em>kolektivno je djelo nastalo u okviru \u010detverogodi\u0161njeg znanstveno-istra\u017eiva\u010dkog projekta&nbsp;<em>Europski re\u017eim iregulariziranih migracija na periferiji EU: od etnografije do pojmovnika<\/em>&nbsp;(ERIM, 2020-2024) koji je okupio suradnike i suradnice iz Hrvatske, Slovenije i Srbije, s razli\u010ditih institucija (Institut za etnologiju i folkloristiku, Etnografski institut SANU, Fakultet za socijalni rad u Ljubljani, Filozofski fakultet Sveu\u010dili\u0161ta u Ljubljani, Filozofski fakultet Sveu\u010dili\u0161ta u Zagrebu i Muzi\u010dka akademija Sveu\u010dili\u0161ta u Zagrebu) i iz vi\u0161e znanstvenih disciplina, povezane interesom za etnografska istra\u017eivanja re\u017eima migracija te anga\u017eirane i kriti\u010dke perspektive i formate.<\/p>\n\n\n\n<p>Knjiga u cjelini poziva na preispitivanje, dekonstrukciju i eksploraciju procesa, pojava i aspekata migracija koje se u doma\u0107oj i inozemnoj literaturi o migracijama \u010desto zanemaruju ili se istra\u017euju iz nerijetko su\u017eene perspektive. Primjerice, tekstovi se bave problemom autonomije nasuprot pretpostavljene omnipotentne dr\u017eavne kontrole, temporalnom dimenzijom, strategijama djelovanja aktera kao slobodnih pojedinaca koji su (samo) dijelom ograni\u010deni dr\u017eavnim praksama i sl. Konceptualni uvidi dopunjeni su pa\u017eljivo odabranim primjerima iz prakse, odnosno empirijskim materijalima koji pozivaju na \u0161ire i kompleksnije promi\u0161ljanje migracija.<\/p>\n\n\n\n<p>dr. sc. Vedrana Bari\u010devi\u0107, Fakultet politi\u010dkih znanosti Sveu\u010dili\u0161ta u Zagreb<\/p>\n\n\n\n<p>Pojmovnik donosi novi zamah raspravama o migracijama, ozna\u010duju\u0107i klju\u010dne pojmove kojima bi se te rasprave mogle i trebale voditi te nazna\u010duju\u0107i sna\u017enu potrebu kriti\u010dkog i politi\u010dkog \u010ditanja svakodnevnog jezika i znanstvenog aparata. Smje\u0161ten tematski na periferiju Europske unije, razra\u0111uje mogu\u0107nosti istra\u017eivanja migracija na takozvanoj balkanskoj ruti, ali ih i povezuje s pitanjima reprodukcije nejednakosti i hijerarhija u politi\u010dkom diskursu globalnih migracija i izbjegli\u0161tva. Radi se o jedinstvenom spoju kriti\u010dkog i znanstvenog, esejisti\u010dkog i poetskog kojim se zahvatila i postoje\u0107a znanstvena produkcija o temama&nbsp; iz ovog podru\u010dja. Nude\u0107i iscrpnu bazu krosreferenci i unutra\u0161njih poveznica koje podupiru logi\u010dku, semanti\u010dku i sadr\u017eajnu strukturu, pojmovnik se \u010dita i kao vodi\u010d kroz diskurzivni labirint iregulariziranih migracija.<\/p>\n\n\n\n<p>dr. sc. Sanja Potkonjak, Filozofski fakultet Sveu\u010dili\u0161ta u Zagrebu<\/p>\n\n\n\n<hr class=\"wp-block-separator\"\/>\n\n\n\n<p>Izvor:<\/p>\n\n\n\n<p><a href=\"https:\/\/mail.sandorf.hr\/blogitem.php?item_id=485&amp;tag=Balkanska%20ruta&amp;type=4\">https:\/\/mail.sandorf.hr\/blogitem.php?item_id=485&amp;tag=Balkanska%20ruta&amp;type=4<\/a><\/p>\n\n\n\n<hr class=\"wp-block-separator\"\/>\n","protected":false},"excerpt":{"rendered":"","protected":false},"author":2,"featured_media":40388,"comment_status":"open","ping_status":"open","sticky":false,"template":"","format":"standard","meta":{"_acf_changed":false,"jetpack_post_was_ever_published":false,"_jetpack_newsletter_access":"","_jetpack_dont_email_post_to_subs":false,"_jetpack_newsletter_tier_id":0,"_jetpack_memberships_contains_paywalled_content":false,"_jetpack_memberships_contains_paid_content":false,"footnotes":"","jetpack_publicize_message":"","jetpack_publicize_feature_enabled":true,"jetpack_social_post_already_shared":true,"jetpack_social_options":{"image_generator_settings":{"template":"highway","default_image_id":0,"font":"","enabled":false},"version":2}},"categories":[8,3],"tags":[],"class_list":["post-40387","post","type-post","status-publish","format-standard","has-post-thumbnail","hentry","category-knjige","category-novosti"],"acf":{"facebook_opis":""},"jetpack_publicize_connections":[],"jetpack_featured_media_url":"https:\/\/i0.wp.com\/historiografija.hr\/wp-content\/uploads\/2024\/04\/balkanska-ruta.png?fit=397%2C595&ssl=1","jetpack_sharing_enabled":true,"jetpack-related-posts":[],"_links":{"self":[{"href":"https:\/\/historiografija.hr\/index.php?rest_route=\/wp\/v2\/posts\/40387","targetHints":{"allow":["GET"]}}],"collection":[{"href":"https:\/\/historiografija.hr\/index.php?rest_route=\/wp\/v2\/posts"}],"about":[{"href":"https:\/\/historiografija.hr\/index.php?rest_route=\/wp\/v2\/types\/post"}],"author":[{"embeddable":true,"href":"https:\/\/historiografija.hr\/index.php?rest_route=\/wp\/v2\/users\/2"}],"replies":[{"embeddable":true,"href":"https:\/\/historiografija.hr\/index.php?rest_route=%2Fwp%2Fv2%2Fcomments&post=40387"}],"version-history":[{"count":1,"href":"https:\/\/historiografija.hr\/index.php?rest_route=\/wp\/v2\/posts\/40387\/revisions"}],"predecessor-version":[{"id":40389,"href":"https:\/\/historiografija.hr\/index.php?rest_route=\/wp\/v2\/posts\/40387\/revisions\/40389"}],"wp:featuredmedia":[{"embeddable":true,"href":"https:\/\/historiografija.hr\/index.php?rest_route=\/wp\/v2\/media\/40388"}],"wp:attachment":[{"href":"https:\/\/historiografija.hr\/index.php?rest_route=%2Fwp%2Fv2%2Fmedia&parent=40387"}],"wp:term":[{"taxonomy":"category","embeddable":true,"href":"https:\/\/historiografija.hr\/index.php?rest_route=%2Fwp%2Fv2%2Fcategories&post=40387"},{"taxonomy":"post_tag","embeddable":true,"href":"https:\/\/historiografija.hr\/index.php?rest_route=%2Fwp%2Fv2%2Ftags&post=40387"}],"curies":[{"name":"wp","href":"https:\/\/api.w.org\/{rel}","templated":true}]}}