{"id":40384,"date":"2024-04-10T20:50:17","date_gmt":"2024-04-10T20:50:17","guid":{"rendered":"http:\/\/historiografija.hr\/?p=40384"},"modified":"2024-04-10T20:50:17","modified_gmt":"2024-04-10T20:50:17","slug":"snjezana-gregurovic-sanja-klempic-bogadi-ur-neminovnost-ili-izbor-povijesni-i-suvremeni-aspekti-migracija-u-hrvatskoj","status":"publish","type":"post","link":"https:\/\/historiografija.hr\/?p=40384","title":{"rendered":"Snje\u017eana Gregurovi\u0107, Sanja Klempi\u0107 Bogadi (ur.), \u201eNEMINOVNOST ILI IZBOR? Povijesni i suvremeni aspekti migracija u Hrvatskoj\u201c"},"content":{"rendered":"\n<p>Ovom se knjigom \u017eeli ponuditi obja\u0161njenje zbog \u010dega sli\u010dni migracijski obrasci na prostoru dana\u0161nje Republike Hrvatske opstaju ili se cikli\u010dki javljaju u proteklih 130 godina unato\u010d fundamentalnim transformacijama politi\u010dkih sustava kao i promjenama gospodarskog, kulturnog, obrazovnog, ideolo\u0161kog i institucionalnog okvira. Iako su u novije vrijeme migracije u Hrvatskoj, kako iseljavanje tako i useljavanje, \u010desto posljedica izbora utemeljenog na individualnoj odluci migranata, pokazalo se da su one ipak \u010de\u0161\u0107e neminovnost odnosno uvjetovane dru\u0161tveno-ekonomskim kontekstom i politi\u010dkim zbivanjima.<br><br>Znanstveni doprinos o\u010dituje se ali ne i iscrpljuje, u razumijevanju dijakronijske i sinkronijskeperspektive migracijskih fenomena i procesa, te primjenjivosti nalaza za kreiranje javnih politika.<br>\u2013 Drago \u017dupari\u0107-Ilji\u0107, Sveu\u010dili\u0161te u Zagrebu<br><br>U na\u0161oj znanstvenoj praksi ne postoji zbirka tekstova tolikog broj eminentnih migrantologa koji se bave povijesnim i najsuvremenijim aspektima migracija u Hrvatskoj.<br>\u2013 Ivan Laji\u0107, zaslu\u017eni znanstvenik, IMIN<\/p>\n\n\n\n<p>Knjiga spaja razli\u010dite paradigme i pristupe unutar povijesne, geografske, demografske, politolo\u0161ke i sociolo\u0161ke literature o migracijama, pogotovo u Hrvatskoj, kao i razli\u010dite relevantne teme vezane za migracijsku problematiku.<br>\u2013 Sa\u0161a Bo\u017ei\u0107, Sveu\u010dili\u0161te u Zadru<br><br>Snje\u017eana Gregurovi\u0107 vi\u0161a je znanstvena suradnica Instituta za migracije i narodnosti. Autorica je vi\u0161e od tridesetak znanstvenih i stru\u010dnih radova iz podru\u010dja migracija, integracije migranata, migracijskih i integracijskih politika, etni\u010dnosti i multikulturalizma. Suradnica je Migration Policy Group iz Bruxellesa.<br><br>Sanja Klempi\u0107 Bogadi znanstvena je savjetnica u Institutu za migracije i narodnosti. Objavila je dvije znanstvene monografije u koautorstvu: Gradovi potopili \u0161koje \u2013 promjene u malim oto\u010dnim zajednicama te&nbsp;\u017divot u povijesnoj jezgri Dubrovnika: sociolo\u0161ko-demografska studija. Naslovna je izvanredna profesorica na Prirodoslovno-matemati\u010dkom fakultetu Sveu\u010dili\u0161ta u Zagrebu.<\/p>\n\n\n\n<p>Sadr\u017eaj<\/p>\n\n\n\n<p>UVOD<br>Snje\u017eana Gregurovi\u0107 i Sanja Klempi\u0107 Bogadi<\/p>\n\n\n\n<p>1. MIGRACIJSKI OBRASCI U SJEVERNOJ DALMACIJI RANOGA NOVOG VIJEKA<br>Dubravka Mlinari\u0107<\/p>\n\n\n\n<p>2. MIGRACIJE U SLAVONIJI OD KRAJA 17. DO SREDINE 18. STOLJE\u0106A<br>Sanja Lazanin<\/p>\n\n\n\n<p>3. ULOGA MIGRACIJA U OBLIKOVANJU SUVREMENE DEMOGRAFSKE SLIKE HRVATSKE<br>Sanja Klempi\u0107 Bogadi<\/p>\n\n\n\n<p>4. ME\u0110UNARODNE MIGRACIJE U HRVATSKOJ OD 2000. DO 2020.: TRENDOVI, POLITIKE I UPRAVLJANJE<br>Snje\u017eana Gregurovi\u0107<\/p>\n\n\n\n<p>5. STAVOVI PREMA TRA\u017dITELJIMA AZILA I IZBJEGLICAMA U HRVATSKOJ: PREGLED ISTRA\u017dIVANJA U RAZDOBLJU 2005.\u20132020.<br>Margareta Gregurovi\u0107<\/p>\n\n\n\n<p>6. TRANSNACIONALNA PERSPEKTIVA ISTRA\u017dIVANJA MIGRACIJA U HRVATSKOM KONTEKSTU<br>Simona Kuti<\/p>\n\n\n\n<p>7. RELIGIOZNOST, POLITI\u010cKA ORIJENTACIJA I STAVOVI PREMA IMIGRANTIMA I IMIGRACIJI U HRVATSKOJ<br>Josip Kumpes<\/p>\n\n\n\n<p>Bilje\u0161ke o autorima<\/p>\n\n\n\n<hr class=\"wp-block-separator\"\/>\n\n\n\n<p>Nakladnik: JESENSKI I TURK<\/p>\n\n\n\n<p>Godina izdanja: 2023<\/p>\n\n\n\n<p>Broj stranica: 200<\/p>\n\n\n\n<hr class=\"wp-block-separator\"\/>\n\n\n\n<p>Izvor:<\/p>\n\n\n\n<p><a href=\"https:\/\/www.jesenski-turk.hr\/hr\/neminovnost-ili-izbor-povijesni-i-suvremeni-aspekti-migracija-u-hrvatskoj-2023-ur-snjezana-gregurovic\">https:\/\/www.jesenski-turk.hr\/hr\/neminovnost-ili-izbor-povijesni-i-suvremeni-aspekti-migracija-u-hrvatskoj-2023-ur-snjezana-gregurovic<\/a><\/p>\n\n\n\n<hr class=\"wp-block-separator\"\/>\n","protected":false},"excerpt":{"rendered":"","protected":false},"author":2,"featured_media":40385,"comment_status":"open","ping_status":"open","sticky":false,"template":"","format":"standard","meta":{"_acf_changed":false,"jetpack_post_was_ever_published":false,"_jetpack_newsletter_access":"","_jetpack_dont_email_post_to_subs":false,"_jetpack_newsletter_tier_id":0,"_jetpack_memberships_contains_paywalled_content":false,"_jetpack_memberships_contains_paid_content":false,"footnotes":"","jetpack_publicize_message":"","jetpack_publicize_feature_enabled":true,"jetpack_social_post_already_shared":true,"jetpack_social_options":{"image_generator_settings":{"template":"highway","default_image_id":0,"font":"","enabled":false},"version":2}},"categories":[8,3],"tags":[],"class_list":["post-40384","post","type-post","status-publish","format-standard","has-post-thumbnail","hentry","category-knjige","category-novosti"],"acf":{"facebook_opis":""},"jetpack_publicize_connections":[],"jetpack_featured_media_url":"https:\/\/i0.wp.com\/historiografija.hr\/wp-content\/uploads\/2024\/04\/Migracije.jpg?fit=230%2C328&ssl=1","jetpack_sharing_enabled":true,"jetpack-related-posts":[],"_links":{"self":[{"href":"https:\/\/historiografija.hr\/index.php?rest_route=\/wp\/v2\/posts\/40384","targetHints":{"allow":["GET"]}}],"collection":[{"href":"https:\/\/historiografija.hr\/index.php?rest_route=\/wp\/v2\/posts"}],"about":[{"href":"https:\/\/historiografija.hr\/index.php?rest_route=\/wp\/v2\/types\/post"}],"author":[{"embeddable":true,"href":"https:\/\/historiografija.hr\/index.php?rest_route=\/wp\/v2\/users\/2"}],"replies":[{"embeddable":true,"href":"https:\/\/historiografija.hr\/index.php?rest_route=%2Fwp%2Fv2%2Fcomments&post=40384"}],"version-history":[{"count":1,"href":"https:\/\/historiografija.hr\/index.php?rest_route=\/wp\/v2\/posts\/40384\/revisions"}],"predecessor-version":[{"id":40386,"href":"https:\/\/historiografija.hr\/index.php?rest_route=\/wp\/v2\/posts\/40384\/revisions\/40386"}],"wp:featuredmedia":[{"embeddable":true,"href":"https:\/\/historiografija.hr\/index.php?rest_route=\/wp\/v2\/media\/40385"}],"wp:attachment":[{"href":"https:\/\/historiografija.hr\/index.php?rest_route=%2Fwp%2Fv2%2Fmedia&parent=40384"}],"wp:term":[{"taxonomy":"category","embeddable":true,"href":"https:\/\/historiografija.hr\/index.php?rest_route=%2Fwp%2Fv2%2Fcategories&post=40384"},{"taxonomy":"post_tag","embeddable":true,"href":"https:\/\/historiografija.hr\/index.php?rest_route=%2Fwp%2Fv2%2Ftags&post=40384"}],"curies":[{"name":"wp","href":"https:\/\/api.w.org\/{rel}","templated":true}]}}