{"id":40369,"date":"2024-04-09T21:34:23","date_gmt":"2024-04-09T21:34:23","guid":{"rendered":"http:\/\/historiografija.hr\/?p=40369"},"modified":"2024-04-09T21:34:23","modified_gmt":"2024-04-09T21:34:23","slug":"predavanje-danijele-doblanovic-suran-sporne-granice-vodnjana-sa-susjedima-od-konca-14-do-kraja-16-stoljeca-u-vodnjanu","status":"publish","type":"post","link":"https:\/\/historiografija.hr\/?p=40369","title":{"rendered":"Predavanje Danijele Doblanovi\u0107 \u0160uran \u201cSporne granice Vodnjana sa susjedima od konca 14. do kraja 16. stolje\u0107a\u201d u Vodnjanu"},"content":{"rendered":"\n<p>U petak, 12. travnja 2024., s po\u010detkom u 19 sati u Sali za vjen\u010danja u Vodnjanu (Narodni trg) odr\u017eat \u0107e se predavanje doc. dr. sc. Danijele Doblanovi\u0107 \u0160uran \u201cSporne granice Vodnjana sa susjedima od konca 14. do kraja 16. stolje\u0107a\u201d (Confini contenziosi di Dignano e i suoi vicini (secoli XIV \u2013 XVI)). Predavanje se odr\u017eava u okviru programa \u201cUpoznajmo Vodnjan \u2013 Conosciamo Dignano\u201d, s ciljem predstavljanja i popularizacije rezultata znanstvenih i stru\u010dnih istra\u017eivanja iz arheologije, povijesti, povijesti umjetnosti, etnologije, lingvistike, biologije te drugih znanstvenih i umjetni\u010dkih polja s podru\u010dja Grada Vodnjana. Organizatori su Grad Vodnjan \u2013 Dignano, Istarsko povijesno dru\u0161tvo \u2013 Societ\u00e0 Storica Istriana i Knji\u017enica Vodnjan \u2013 Biblioteca di Dignano.<\/p>\n\n\n\n<p>O predavanju:<br>Nakon \u0161to je Vodnjan postao samostalna mleta\u010dka op\u0107ina na \u010dijem je \u010delu stajao podestat, po\u010dinje definiranje granice sa susjedima. S nekim susjedima nije bilo problema i granica je definirana bez ve\u0107ih trzavica. Me\u0111utim, grani\u010dni pa\u0161njaci i izvori vode na sjeveru i sjeveroistoku (Savi\u010denta i Barban) postali su predmet spora koji je trajao du\u017ee od stolje\u0107a i pol. O tome postoje opse\u017eni izvori koji sadr\u017ee brojne toponime, opise sva\u0111a, zapljena, poku\u0161aje dogovora, argumente sukobljenih strana i iz kojih i\u0161\u010ditavamo modalitet sukoba, ali i brojne \u010dinjenice o gospodarstvu, pejza\u017eu kao svakodnevnom \u017eivotu \u017eitelja tog dijela Istre.<\/p>\n\n\n\n<p>Dopo che Dignano divenne un comune veneziano indipendente col proprio podest\u00e0, inizi\u00f2 la definizione dei confini con i suoi vicini. Con alcuni di essi non ci sono stati problemi e il confine \u00e8 stato definito senza grossi attriti. Tuttavia, i pascoli di confine e le fonti d\u2019acqua nel nord e nel nordest (Sanvincenti e Barbana) divennero oggetto di una disputa che dur\u00f2 per pi\u00f9 di un secolo e mezzo. A questo proposito esistono fonti cospicue, con numerosi toponimi, descrizioni di liti, sequestri, tentativi di accordo, argomentazioni delle parti in conflitto. Queste fonti danno l\u2019idea per\u00f2 anche sulle modalit\u00e0 del conflitto, oltre a numerosi fatti sull\u2019economia, il paesaggio e la vita quotidiana degli abitanti di quella parte dell\u2019Istria.<\/p>\n\n\n\n<p>O predava\u010dici:<br>Danijela Doblanovi\u0107 \u0160uran ro\u0111ena je u Puli. Diplomirala je na Filozofskom fakultetu u Puli 2004. godine, smjer hrvatski jezik i knji\u017eevnost \u2013 povijest. Na poslijediplomskom doktorskom studiju na Filozofskom fakultetu u Zagrebu 2013. je obranila doktorsku disertaciju \u201cDemografska slika \u017eupe Svetvin\u010denat od po\u010detka 17. do po\u010detka 19. stolje\u0107a\u201d.<br>U Osnovnoj \u0161koli Svetvin\u010denat predavala je hrvatski jezik, a od 2005. do srpnja 2009. godine bila je zaposlena u Dr\u017eavnom arhivu u Pazinu. Od srpnja 2009. zaposlena je na Odsjeku za povijest Sveu\u010dili\u0161ta Jurja Dobrile u Puli gdje predaje kolegije iz ranonovovjekovne povijesti.<br>Bavi se razdobljem istarskog ranog novog vijeka i povijesnom demografijom. (Su)autorica je \u0161est knjiga i niza znanstvenih \u010dlanaka.<\/p>\n\n\n\n<p>Danijela Doblanovi\u0107 \u0160uran \u00e8 nata a Pola. Si \u00e8 laureata nel 2004 presso la Facolt\u00e0 di Filosofia di Pola, specializzandosi in Lingua e Letteratura Croata \u2013 Storia. Nel 2013 ha difeso la sua tesi di dottorato \u201cQuadro demografico della parrocchia di Sanvincenti dall\u2019inizio del XVII all\u2019inizio del XIX secolo\u201d presso il corso di dottorato post-laurea alla Facolt\u00e0 di Filosofia di Zagabria.<br>Ha insegnato croato alla scuola elementare di Sanvincenti e dal 2005 al 2009 ha lavorato presso l\u2019Archivio di Stato di Pisino. Dal luglio 2009 lavora presso il Dipartimento di Storia dell\u2019Universit\u00e0 Juraj Dobrila di Pola, dove insegna corsi di storia moderna.<br>Si occupa della prima et\u00e0 moderna dell\u2019Istria e della demografia storica. \u00c8 (co)autrice di sei libri e di numerosi articoli scientifici.<\/p>\n\n\n\n<p><a href=\"https:\/\/ipd-ssi.hr\/wp-content\/uploads\/2024\/04\/Pozivnica-Invito.pdf\">Pozivnica \u2013 Invito<\/a><\/p>\n\n\n\n<hr class=\"wp-block-separator\"\/>\n\n\n\n<p>Izvor:<\/p>\n\n\n\n<figure class=\"wp-block-embed-wordpress wp-block-embed is-type-wp-embed is-provider-istarsko-povijesno-drustvo-societa-storica-istriana\"><div class=\"wp-block-embed__wrapper\">\n<blockquote class=\"wp-embedded-content\" data-secret=\"ysqluX9yuN\"><a href=\"https:\/\/ipd-ssi.hr\/2024\/04\/05\/predavanje-danijele-doblanovic-suran-sporne-granice-vodnjana-sa-susjedima-od-konca-14-do-kraja-16-stoljeca-u-vodnjanu\/\">Predavanje Danijele Doblanovi\u0107 \u0160uran \u201cSporne granice Vodnjana sa susjedima od konca 14. do kraja 16. stolje\u0107a\u201d u Vodnjanu<\/a><\/blockquote><iframe loading=\"lazy\" class=\"wp-embedded-content\" sandbox=\"allow-scripts\" security=\"restricted\" style=\"position: absolute; clip: rect(1px, 1px, 1px, 1px);\" title=\"&#8220;Predavanje Danijele Doblanovi\u0107 \u0160uran \u201cSporne granice Vodnjana sa susjedima od konca 14. do kraja 16. stolje\u0107a\u201d u Vodnjanu&#8221; &#8212; Istarsko povijesno dru\u0161tvo - Societ\u00e0 Storica Istriana\" src=\"https:\/\/ipd-ssi.hr\/2024\/04\/05\/predavanje-danijele-doblanovic-suran-sporne-granice-vodnjana-sa-susjedima-od-konca-14-do-kraja-16-stoljeca-u-vodnjanu\/embed\/#?secret=uAGmrWJO9s#?secret=ysqluX9yuN\" data-secret=\"ysqluX9yuN\" width=\"600\" height=\"338\" frameborder=\"0\" marginwidth=\"0\" marginheight=\"0\" scrolling=\"no\"><\/iframe>\n<\/div><\/figure>\n\n\n\n<hr class=\"wp-block-separator\"\/>\n","protected":false},"excerpt":{"rendered":"","protected":false},"author":2,"featured_media":40370,"comment_status":"open","ping_status":"open","sticky":false,"template":"","format":"standard","meta":{"_acf_changed":false,"jetpack_post_was_ever_published":false,"_jetpack_newsletter_access":"","_jetpack_dont_email_post_to_subs":false,"_jetpack_newsletter_tier_id":0,"_jetpack_memberships_contains_paywalled_content":false,"_jetpack_memberships_contains_paid_content":false,"footnotes":"","jetpack_publicize_message":"","jetpack_publicize_feature_enabled":true,"jetpack_social_post_already_shared":true,"jetpack_social_options":{"image_generator_settings":{"template":"highway","default_image_id":0,"font":"","enabled":false},"version":2}},"categories":[3],"tags":[],"class_list":["post-40369","post","type-post","status-publish","format-standard","has-post-thumbnail","hentry","category-novosti"],"acf":{"facebook_opis":""},"jetpack_publicize_connections":[],"jetpack_featured_media_url":"https:\/\/i0.wp.com\/historiografija.hr\/wp-content\/uploads\/2024\/04\/Pozivnica-Invito.jpg?fit=700%2C441&ssl=1","jetpack_sharing_enabled":true,"jetpack-related-posts":[{"id":52669,"url":"https:\/\/historiografija.hr\/?p=52669","url_meta":{"origin":40369,"position":0},"title":"Predavanje Igora Dude &#8220;Odmor kao \u017eivotna potreba: o slobodnom vremenu u socijalisti\u010dkoj Jugoslaviji&#8221;","author":"Branimir Jankovi\u0107","date":"27. travnja 2026.","format":false,"excerpt":"U sklopu proljetnog ciklusa programa\u00a0Kriti\u010dka dramaturgija: pauza, u\u00a0subotu, 25. travnja 2026. u 19 sati\u00a0u prostoru Udru\u017eenja hrvatskih arhitekata povjesni\u010dar Igor Duda\u00a0odr\u017eao je predavanje naslovljeno\u00a0Odmor kao \u017eivotna potreba: o slobodnom vremenu u socijalisti\u010dkoj Jugoslaviji. Industrijalizacija i urbanizacija dru\u0161tava u povijesti su zna\u010dile i prelazak s predindustrijskog na industrijsko shva\u0107anje vremena. Ono\u2026","rel":"","context":"U &quot;Novosti&quot;","block_context":{"text":"Novosti","link":"https:\/\/historiografija.hr\/?cat=3"},"img":{"alt_text":"","src":"https:\/\/i0.wp.com\/historiografija.hr\/wp-content\/uploads\/2026\/04\/Duda.png?fit=1200%2C628&ssl=1&resize=350%2C200","width":350,"height":200,"srcset":"https:\/\/i0.wp.com\/historiografija.hr\/wp-content\/uploads\/2026\/04\/Duda.png?fit=1200%2C628&ssl=1&resize=350%2C200 1x, https:\/\/i0.wp.com\/historiografija.hr\/wp-content\/uploads\/2026\/04\/Duda.png?fit=1200%2C628&ssl=1&resize=525%2C300 1.5x, https:\/\/i0.wp.com\/historiografija.hr\/wp-content\/uploads\/2026\/04\/Duda.png?fit=1200%2C628&ssl=1&resize=700%2C400 2x, https:\/\/i0.wp.com\/historiografija.hr\/wp-content\/uploads\/2026\/04\/Duda.png?fit=1200%2C628&ssl=1&resize=1050%2C600 3x"},"classes":[]},{"id":52654,"url":"https:\/\/historiografija.hr\/?p=52654","url_meta":{"origin":40369,"position":1},"title":"Gostuju\u0107e predavanje &#8211; Danijel D\u017eino \u201eKasnoanti\u010dke i ranosrednjovjekovne gra\u0111evine u Brezi: Spomenici nepotpune biografije\u201c","author":"Branimir Jankovi\u0107","date":"24. travnja 2026.","format":false,"excerpt":"Doktorski studij predmoderne povijesti poziva na predavanje \"Kasnoanti\u010dke i ranosrednjovjekovne gra\u0111evine u Brezi: Spomenici nepotpune biografije\u201d koje \u0107e odr\u017eati profesor Danijel D\u017eino sa Sveu\u010dili\u0161ta Macquarie u Sydneyu u\u00a0utorak 28. travnja 2026. u 17h u Konferencijskoj dvorani Knji\u017enice Filozofskog fakulteta u Zagrebu. Predavanje \u0107e predo\u010diti nova saznanja dobivena kroz arhivsko-dokumentarna istra\u017eivanja\u2026","rel":"","context":"U &quot;Novosti&quot;","block_context":{"text":"Novosti","link":"https:\/\/historiografija.hr\/?cat=3"},"img":{"alt_text":"","src":"https:\/\/i0.wp.com\/historiografija.hr\/wp-content\/uploads\/2026\/04\/Dzino.jpg?fit=980%2C819&ssl=1&resize=350%2C200","width":350,"height":200,"srcset":"https:\/\/i0.wp.com\/historiografija.hr\/wp-content\/uploads\/2026\/04\/Dzino.jpg?fit=980%2C819&ssl=1&resize=350%2C200 1x, https:\/\/i0.wp.com\/historiografija.hr\/wp-content\/uploads\/2026\/04\/Dzino.jpg?fit=980%2C819&ssl=1&resize=525%2C300 1.5x, https:\/\/i0.wp.com\/historiografija.hr\/wp-content\/uploads\/2026\/04\/Dzino.jpg?fit=980%2C819&ssl=1&resize=700%2C400 2x"},"classes":[]},{"id":52619,"url":"https:\/\/historiografija.hr\/?p=52619","url_meta":{"origin":40369,"position":2},"title":"Predavanje \u0110ur\u0111ice Vitkovi\u0107 &#8220;Izme\u0111u pera i objektiva: Zagorka i Foto Tonka&#8221;","author":"Branimir Jankovi\u0107","date":"23. travnja 2026.","format":false,"excerpt":"Memorijalni stan Marije Juri\u0107 Zagorke poziva Vas na predavanje \u0110ur\u0111ice Vitkovi\u0107 \u201eIzme\u0111u pera i objektiva: Zagorka i Foto Tonka\u201c koje \u0107e se odr\u017eati u utorak, 28. travnja 2026. s po\u010detkom u 18 h u sklopu Ciklusa predavanja u Memorijalnom stanu Marije Juri\u0107 Zagorke. Kako su se susrele knji\u017eevnost i fotografija\u2026","rel":"","context":"U &quot;Novosti&quot;","block_context":{"text":"Novosti","link":"https:\/\/historiografija.hr\/?cat=3"},"img":{"alt_text":"","src":"https:\/\/i0.wp.com\/historiografija.hr\/wp-content\/uploads\/2024\/11\/Zagorka_ciklus.jpg?fit=1200%2C1006&ssl=1&resize=350%2C200","width":350,"height":200,"srcset":"https:\/\/i0.wp.com\/historiografija.hr\/wp-content\/uploads\/2024\/11\/Zagorka_ciklus.jpg?fit=1200%2C1006&ssl=1&resize=350%2C200 1x, https:\/\/i0.wp.com\/historiografija.hr\/wp-content\/uploads\/2024\/11\/Zagorka_ciklus.jpg?fit=1200%2C1006&ssl=1&resize=525%2C300 1.5x, https:\/\/i0.wp.com\/historiografija.hr\/wp-content\/uploads\/2024\/11\/Zagorka_ciklus.jpg?fit=1200%2C1006&ssl=1&resize=700%2C400 2x, https:\/\/i0.wp.com\/historiografija.hr\/wp-content\/uploads\/2024\/11\/Zagorka_ciklus.jpg?fit=1200%2C1006&ssl=1&resize=1050%2C600 3x"},"classes":[]},{"id":52631,"url":"https:\/\/historiografija.hr\/?p=52631","url_meta":{"origin":40369,"position":3},"title":"Predavanje Ivana Tepe\u0161a: Djelovanje hrvatske politi\u010dke emigracije","author":"Branimir Jankovi\u0107","date":"23. travnja 2026.","format":false,"excerpt":"Odjel za me\u0111unarodnu suradnju i iseljeni\u0161tvo Matice hrvatske Predavanje Ivana Tepe\u0161a: Djelovanje hrvatske politi\u010dke emigracije Utorak, 28. travnja 2026. u 18:00 sati, Dvorana Ljudevita Jonkea (Mala dvorana MH), Strossmayerov trg 4, Zagreb dr. sc. Ivan Tepe\u0161, Institut za istra\u017eivanje migracija Hrvatska politi\u010dka emigracija obilje\u017eila je polustoljetnu hrvatsku povijest u drugoj\u2026","rel":"","context":"U &quot;Novosti&quot;","block_context":{"text":"Novosti","link":"https:\/\/historiografija.hr\/?cat=3"},"img":{"alt_text":"","src":"","width":0,"height":0},"classes":[]},{"id":52752,"url":"https:\/\/historiografija.hr\/?p=52752","url_meta":{"origin":40369,"position":4},"title":"Otvaranje izlo\u017ebe &#8220;Hrvati na So\u010danskom frontu&#8221; i predavanje &#8220;So\u010danska fronta u Prvome svjetskom ratu&#8221;","author":"Filip \u0160imunjak","date":"30. travnja 2026.","format":false,"excerpt":"Otvaranje izlo\u017ebe \u201eHrvati na So\u010danskom frontu\u201c, Kobari\u0161ki muzej Prvog svjetskog rata, Kobarid, odr\u017eat \u0107e se u sklopu ovogodi\u0161njega Festivala povijesti Kliofest u Nacionalnoj i sveu\u010dili\u0161noj knji\u017enici u Zagrebu, u utorak 5. svibnja, s po\u010detkom u 10 sati, uz sudjelovanje: Ga\u0161pera Dov\u017eana, veleposlanika Republike Slovenije u RH, te Martina \u0160olara, direktora\u2026","rel":"","context":"U &quot;Izlo\u017ebe&quot;","block_context":{"text":"Izlo\u017ebe","link":"https:\/\/historiografija.hr\/?cat=10"},"img":{"alt_text":"","src":"https:\/\/i0.wp.com\/historiografija.hr\/wp-content\/uploads\/2026\/04\/Predavanje-Socanska-fronta.jpg?fit=1200%2C566&ssl=1&resize=350%2C200","width":350,"height":200,"srcset":"https:\/\/i0.wp.com\/historiografija.hr\/wp-content\/uploads\/2026\/04\/Predavanje-Socanska-fronta.jpg?fit=1200%2C566&ssl=1&resize=350%2C200 1x, https:\/\/i0.wp.com\/historiografija.hr\/wp-content\/uploads\/2026\/04\/Predavanje-Socanska-fronta.jpg?fit=1200%2C566&ssl=1&resize=525%2C300 1.5x, https:\/\/i0.wp.com\/historiografija.hr\/wp-content\/uploads\/2026\/04\/Predavanje-Socanska-fronta.jpg?fit=1200%2C566&ssl=1&resize=700%2C400 2x, https:\/\/i0.wp.com\/historiografija.hr\/wp-content\/uploads\/2026\/04\/Predavanje-Socanska-fronta.jpg?fit=1200%2C566&ssl=1&resize=1050%2C600 3x"},"classes":[]},{"id":52496,"url":"https:\/\/historiografija.hr\/?p=52496","url_meta":{"origin":40369,"position":5},"title":"30 godina Podru\u017enice \u2013 Javno predavanje Matea \u010calu\u0161i\u0107a \u201eSlavonski Brod u Domovinskom ratu\u201c","author":"Branimir Jankovi\u0107","date":"17. travnja 2026.","format":false,"excerpt":"U 2026. navr\u0161ava se trideset godina od osnutka Podru\u017enice za povijest Slavonije, Srijema i Baranje Hrvatskoga instituta za povijest. Obilje\u017eavanje ove zna\u010dajne obljetnice zapo\u010dinje ciklusom javnih povijesnih predavanja znanstvenika Instituta. Tre\u0107e po redu je predavanje Matea \u010calu\u0161i\u0107a \u2013 \u201eSLAVONSKI BROD U DOMOVINSKOM RATU\u201c. Predavanje \u0107e se odr\u017eati 21. travnja 2026.\u2026","rel":"","context":"U &quot;Novosti&quot;","block_context":{"text":"Novosti","link":"https:\/\/historiografija.hr\/?cat=3"},"img":{"alt_text":"","src":"https:\/\/i0.wp.com\/historiografija.hr\/wp-content\/uploads\/2026\/04\/Predavanje-Calusic.png?fit=860%2C1200&ssl=1&resize=350%2C200","width":350,"height":200,"srcset":"https:\/\/i0.wp.com\/historiografija.hr\/wp-content\/uploads\/2026\/04\/Predavanje-Calusic.png?fit=860%2C1200&ssl=1&resize=350%2C200 1x, https:\/\/i0.wp.com\/historiografija.hr\/wp-content\/uploads\/2026\/04\/Predavanje-Calusic.png?fit=860%2C1200&ssl=1&resize=525%2C300 1.5x, https:\/\/i0.wp.com\/historiografija.hr\/wp-content\/uploads\/2026\/04\/Predavanje-Calusic.png?fit=860%2C1200&ssl=1&resize=700%2C400 2x"},"classes":[]}],"_links":{"self":[{"href":"https:\/\/historiografija.hr\/index.php?rest_route=\/wp\/v2\/posts\/40369","targetHints":{"allow":["GET"]}}],"collection":[{"href":"https:\/\/historiografija.hr\/index.php?rest_route=\/wp\/v2\/posts"}],"about":[{"href":"https:\/\/historiografija.hr\/index.php?rest_route=\/wp\/v2\/types\/post"}],"author":[{"embeddable":true,"href":"https:\/\/historiografija.hr\/index.php?rest_route=\/wp\/v2\/users\/2"}],"replies":[{"embeddable":true,"href":"https:\/\/historiografija.hr\/index.php?rest_route=%2Fwp%2Fv2%2Fcomments&post=40369"}],"version-history":[{"count":1,"href":"https:\/\/historiografija.hr\/index.php?rest_route=\/wp\/v2\/posts\/40369\/revisions"}],"predecessor-version":[{"id":40371,"href":"https:\/\/historiografija.hr\/index.php?rest_route=\/wp\/v2\/posts\/40369\/revisions\/40371"}],"wp:featuredmedia":[{"embeddable":true,"href":"https:\/\/historiografija.hr\/index.php?rest_route=\/wp\/v2\/media\/40370"}],"wp:attachment":[{"href":"https:\/\/historiografija.hr\/index.php?rest_route=%2Fwp%2Fv2%2Fmedia&parent=40369"}],"wp:term":[{"taxonomy":"category","embeddable":true,"href":"https:\/\/historiografija.hr\/index.php?rest_route=%2Fwp%2Fv2%2Fcategories&post=40369"},{"taxonomy":"post_tag","embeddable":true,"href":"https:\/\/historiografija.hr\/index.php?rest_route=%2Fwp%2Fv2%2Ftags&post=40369"}],"curies":[{"name":"wp","href":"https:\/\/api.w.org\/{rel}","templated":true}]}}