{"id":40365,"date":"2024-04-09T21:30:08","date_gmt":"2024-04-09T21:30:08","guid":{"rendered":"http:\/\/historiografija.hr\/?p=40365"},"modified":"2024-04-09T21:32:22","modified_gmt":"2024-04-09T21:32:22","slug":"hrt-prikazuje-bitka-na-neretvi-u-sjecanje-na-veljka-bulajica","status":"publish","type":"post","link":"https:\/\/historiografija.hr\/?p=40365","title":{"rendered":"HRT prikazuje: \u201eBitka na Neretvi\u201c \u2013 u sje\u0107anje na Veljka Bulaji\u0107a"},"content":{"rendered":"\n<p>U sje\u0107anje na Veljka Bulaji\u0107a u \u010detvrtak, 11. travnja na Drugom programu u 21:10 prikazujemo restauriranu &#8220;Bitku na Neretvi&#8221;, njegov najpoznatiji film. Film je\u00a0imao veliki uspjeh kod nas i u svijetu i spada u red najgledanijih ratnih filmova u povijesti svjetske kinematografije. Uz brojne nagrade film je 1969. nominiran za nagradu Oscar me\u0111u pet najboljih inozemnih filmova. <\/p>\n\n\n\n<hr class=\"wp-block-separator\"\/>\n\n\n\n<p>Po\u010detkom 1943. godine jedanaest njema\u010dkih i talijanskih divizija, jedan usta\u0161ki zdrug i 18.500 \u010detnika Dra\u017ee Mihajlovi\u0107a po\u010deli su s provo\u0111enjem plana &#8220;Weiss 1&#8221; kako bi uni\u0161tili partizanske jedinice.<br><br>Pritisnuti nadmo\u0107nijim neprijateljem partizani su se s Vrhovnim \u0161tabom i 4.500 ranjenika i tifusara na\u0161li opkoljeni u dolini Neretve. Ostao je samo jedan most na \u010dijoj su drugoj strani \u010dekale jake \u010detni\u010dke snage pripremaju\u0107i se za masakr ranjenih boraca, tifusara i naroda.<br><br>Tito naredi ru\u0161enje mosta. Iznena\u0111eni neprijatelj prebacuje svoje snage na sjever predvi\u0111aju\u0107i da \u0107e partizani tamo poku\u0161ati proboj iz obru\u010da.<br><br>Me\u0111utim, u toku samo jedne no\u0107i partizani pokraj sru\u0161enog grade improvizirani most i prebacuju se na drugu stranu Neretve, a u odlu\u010duju\u0107em obra\u010dunu \u010detni\u010dke snage do\u017eivljavaju definitivni vojni\u010dki i politi\u010dki poraz u II. svjetskom ratu.<\/p>\n\n\n\n<hr class=\"wp-block-separator\"\/>\n\n\n\n<p><strong>\u010cetvrtak, 11. travnja na Drugom<\/strong><\/p>\n\n\n\n<p><strong>Foto: Bitka na Neretvi \/ film<\/strong><\/p>\n\n\n\n<p>Najpoznatiji film Veljka Bulaji\u0107a, spektakularna &#8220;Bitka na Neretvi&#8221; ratni je film iz 1969. godine.<br><br>Gluma\u010dku postavu \u010dine <strong>Yul Brynner, Orson Welles, Silva Ko\u0161\u0107ina, Sergej Bondar\u010duk, Franco Nero, Hardy Kr\u00fcger, Curd J\u00fcrgens, Milena Dravi\u0107, Boris Dvornik, Fabijan \u0160ovagovi\u0107, Bata \u017divojinovi\u0107, Anthony Dawson, Lojze Razman, Ljubi\u0161a Samard\u017ei\u0107.<br><\/strong><br>Scenarij <strong>Ratko \u0110urovi\u0107, Stevan Bulaji\u0107, Ugo Pirro te redatelj filma Veljko Bulaji\u0107.<\/strong><\/p>\n\n\n\n<hr class=\"wp-block-separator\"\/>\n\n\n\n<p>Izvor:<\/p>\n\n\n\n<p><a href=\"https:\/\/hrtprikazuje.hrt.hr\/\">https:\/\/hrtprikazuje.hrt.hr\/<\/a><\/p>\n\n\n\n<p><a href=\"https:\/\/hrtprikazuje.hrt.hr\/filmovi\/bitka-na-neretvi-11458360\">https:\/\/hrtprikazuje.hrt.hr\/filmovi\/bitka-na-neretvi-11458360<\/a><\/p>\n\n\n\n<hr class=\"wp-block-separator\"\/>\n\n\n\n<p>Iz medija:<\/p>\n\n\n\n<p><a href=\"https:\/\/www.jutarnji.hr\/kultura\/film-i-televizija\/otkrivamo-zasto-na-htv-u-povodom-bulajiceve-smrti-nije-emitirana-bitka-na-neretvi-15448393\">https:\/\/www.jutarnji.hr\/kultura\/film-i-televizija\/otkrivamo-zasto-na-htv-u-povodom-bulajiceve-smrti-nije-emitirana-bitka-na-neretvi-15448393<\/a><\/p>\n\n\n\n<p><a href=\"https:\/\/www.index.hr\/magazin\/clanak\/hrt-ce-prikazati-bitku-na-neretvi\/2554863.aspx?index_ref=naslovnica_magazin_ostalo_d\">https:\/\/www.index.hr\/magazin\/clanak\/hrt-ce-prikazati-bitku-na-neretvi\/2554863.aspx?index_ref=naslovnica_magazin_ostalo_d<\/a><\/p>\n\n\n\n<p><a href=\"https:\/\/www.glasistre.hr\/lifestyle\/2024\/04\/09\/na-programu-hrvatske-televizije-hrt-htv2-u-2110-u-sjecanje-na-poznatog-redatelja-prikazuje-r-926579\">https:\/\/www.glasistre.hr\/lifestyle\/2024\/04\/09\/na-programu-hrvatske-televizije-hrt-htv2-u-2110-u-sjecanje-na-poznatog-redatelja-prikazuje-r-926579<\/a><\/p>\n\n\n\n<p><a href=\"https:\/\/www.dnevno.hr\/magazin\/bitka-na-neretvi-zavadila-hrvate-jedni-svojataju-film-drugi-tvrde-da-nije-hrvatski-a-ovo-je-istina-2395093\/\">https:\/\/www.dnevno.hr\/magazin\/bitka-na-neretvi-zavadila-hrvate-jedni-svojataju-film-drugi-tvrde-da-nije-hrvatski-a-ovo-je-istina-2395093\/<\/a><\/p>\n\n\n\n<hr class=\"wp-block-separator\"\/>\n","protected":false},"excerpt":{"rendered":"","protected":false},"author":2,"featured_media":40366,"comment_status":"open","ping_status":"open","sticky":false,"template":"","format":"standard","meta":{"_acf_changed":false,"jetpack_post_was_ever_published":false,"_jetpack_newsletter_access":"","_jetpack_dont_email_post_to_subs":false,"_jetpack_newsletter_tier_id":0,"_jetpack_memberships_contains_paywalled_content":false,"_jetpack_memberships_contains_paid_content":false,"footnotes":"","jetpack_publicize_message":"","jetpack_publicize_feature_enabled":true,"jetpack_social_post_already_shared":true,"jetpack_social_options":{"image_generator_settings":{"template":"highway","default_image_id":0,"font":"","enabled":false},"version":2}},"categories":[13,3],"tags":[],"class_list":["post-40365","post","type-post","status-publish","format-standard","has-post-thumbnail","hentry","category-filmovi-i-serije","category-novosti"],"acf":{"facebook_opis":""},"jetpack_publicize_connections":[],"jetpack_featured_media_url":"https:\/\/i0.wp.com\/historiografija.hr\/wp-content\/uploads\/2024\/04\/Izvor_HRT.jpg?fit=730%2C487&ssl=1","jetpack_sharing_enabled":true,"jetpack-related-posts":[],"_links":{"self":[{"href":"https:\/\/historiografija.hr\/index.php?rest_route=\/wp\/v2\/posts\/40365","targetHints":{"allow":["GET"]}}],"collection":[{"href":"https:\/\/historiografija.hr\/index.php?rest_route=\/wp\/v2\/posts"}],"about":[{"href":"https:\/\/historiografija.hr\/index.php?rest_route=\/wp\/v2\/types\/post"}],"author":[{"embeddable":true,"href":"https:\/\/historiografija.hr\/index.php?rest_route=\/wp\/v2\/users\/2"}],"replies":[{"embeddable":true,"href":"https:\/\/historiografija.hr\/index.php?rest_route=%2Fwp%2Fv2%2Fcomments&post=40365"}],"version-history":[{"count":2,"href":"https:\/\/historiografija.hr\/index.php?rest_route=\/wp\/v2\/posts\/40365\/revisions"}],"predecessor-version":[{"id":40368,"href":"https:\/\/historiografija.hr\/index.php?rest_route=\/wp\/v2\/posts\/40365\/revisions\/40368"}],"wp:featuredmedia":[{"embeddable":true,"href":"https:\/\/historiografija.hr\/index.php?rest_route=\/wp\/v2\/media\/40366"}],"wp:attachment":[{"href":"https:\/\/historiografija.hr\/index.php?rest_route=%2Fwp%2Fv2%2Fmedia&parent=40365"}],"wp:term":[{"taxonomy":"category","embeddable":true,"href":"https:\/\/historiografija.hr\/index.php?rest_route=%2Fwp%2Fv2%2Fcategories&post=40365"},{"taxonomy":"post_tag","embeddable":true,"href":"https:\/\/historiografija.hr\/index.php?rest_route=%2Fwp%2Fv2%2Ftags&post=40365"}],"curies":[{"name":"wp","href":"https:\/\/api.w.org\/{rel}","templated":true}]}}