{"id":40362,"date":"2024-04-09T21:21:06","date_gmt":"2024-04-09T21:21:06","guid":{"rendered":"http:\/\/historiografija.hr\/?p=40362"},"modified":"2024-04-09T21:21:06","modified_gmt":"2024-04-09T21:21:06","slug":"razgovor-o-filmu-el-shatt-nacrt-za-utopiju","status":"publish","type":"post","link":"https:\/\/historiografija.hr\/?p=40362","title":{"rendered":"Razgovor o filmu \u201eEl Shatt \u2013 Nacrt za utopiju\u201c"},"content":{"rendered":"\n<p>U osmom izdanju <strong>Dokukino Etera<\/strong>, produkta suradnje <strong>Dokukina KIC, Radio Studenta i Kluba studenata Fakulteta politi\u010dkih znanosti<\/strong>, gledamo dokumentarno-igrani film redatelja <strong>Ivana Ramljaka<\/strong>, <em><strong>El Shatt<\/strong><\/em><strong> \u2013 Nacrt za utopiju<\/strong>. Redatelja je na snimanje filma potaknuo pronalazak dnevnika djeda Karla Pansinija, napisanog u izbjegli\u010dkom logoru El Shatt u Egiptu. Rije\u010d je o velikom zbjegu 28 000 stanovnika Dalmacije kojima je uto\u010di\u0161te od fa\u0161isti\u010dke okupacije 1944. godine pru\u017eeno na drugom kraju Sredozemnog mora, od njihova doma tisu\u0107ama kilometara udaljenom logoru u egipatskoj pustinji.<\/p>\n\n\n\n<p>U izbjegli\u010dkom logoru Dalmatinci su \u017eivjeli dvije godine, pod \u0161atorima usred pustinje, u svojevrsnom komunisti\u010dkom modelu naselja koje je trebalo pokazati Zapadu kako \u0107e izgledati nova Jugoslavija kad zavr\u0161i rat. Koriste\u0107i videozapise jednog britanskog dokumentarnog filma snimljenog u El Shattu i dostupne arhivske fotografije, Ramljak konstruira pri\u010du kroz svjedo\u010danstva osam \u017eivu\u0107ih sudionika koji prepri\u010davaju svakodnevne zajedni\u010dke zada\u0107e i rad, koje su \u010dinile kazali\u0161ne dru\u017eine, zborovi, slikarske \u0161kole, tisak novina, orkestar, nogometne utakmice, te\u010dajevi jezika i brojne druge aktivnosti.<\/p>\n\n\n\n<p>Na povijesnoj razini Ramljakov film va\u017ean je jer u vrijeme alternativnih \u010dinjenica dokazuje da su savezni\u010dke snage itekako sura\u0111ivale \u201cal pari\u201d s Titovim partizanima i svima je bilo bitno da lokalno stanovni\u0161tvo, u ovom slu\u010daju u Dalmaciji, ne bude meta nacisti\u010dkog nasilja.<\/p>\n\n\n\n<p>Nakon filma \u0107e uslijediti razgovor s redateljem <strong>Ivanom Ramljakom<\/strong> te umjetnicom\u00a0<strong>Florom Novak<\/strong>\u00a0i spisateljicom\u00a0<strong>Dariom Stilin<\/strong>\u00a0koje se tako\u0111er bave temom El Shatta ali kroz druge medije. Stilin razvija TV seriju <em>Platneni grad<\/em> dok mlada umjetnica Novak stvara ciklus grafika s motivima zbjega. Razgovor o razli\u010ditim umjetni\u010dkim pristupima tematici moderirat \u0107e <strong>Tereza Kelam<\/strong> s Radio Studenta i <strong>Dajana Ivi\u010di\u0107<\/strong> iz Kluba studenata Fakulteta politi\u010dkih znanosti.<\/p>\n\n\n\n<hr class=\"wp-block-separator\"\/>\n\n\n\n<p>Datum: 11.4.2024.<\/p>\n\n\n\n<p>Vrijeme: 20:00 &#8211; 22:00&nbsp;&nbsp;&nbsp;&nbsp;&nbsp;&nbsp;&nbsp;&nbsp;&nbsp;<\/p>\n\n\n\n<p>Mjesto: Dokukino KIC, Preradovi\u0107eva 5, Zagreb<\/p>\n\n\n\n<hr class=\"wp-block-separator\"\/>\n\n\n\n<p><strong>Festivali i nagrade:<\/strong><\/p>\n\n\n\n<p>FESTIVAL MEDITERANSKOG FILMA SPLIT 2023 \u2013 <strong>nagrada publike, posebno priznanje \u017eirija\u00a0<\/strong>\/ LIBURNIA FILM FESTIVAL 2023 \u2013 <strong>nagrada publike<\/strong> \/ VUKOVAR FILM FESTIVAL 2023 \/ OKTAVIJANI 2023. \u2013 <strong>najbolji dugometra\u017eni dokumentarni<\/strong> film<\/p>\n\n\n\n<hr class=\"wp-block-separator\"\/>\n\n\n\n<p>Izvor:<\/p>\n\n\n\n<figure class=\"wp-block-embed-wordpress wp-block-embed is-type-wp-embed is-provider-dokukino-kic-kino-sa-stavom\"><div class=\"wp-block-embed__wrapper\">\n<blockquote class=\"wp-embedded-content\" data-secret=\"4gxVAhbD30\"><a href=\"https:\/\/dokukino.net\/film\/dokukino-eter-el-shatt-nacrt-za-utopiju\/\">Dokukino Eter: El Shatt \u2013 Nacrt za utopiju<\/a><\/blockquote><iframe loading=\"lazy\" class=\"wp-embedded-content\" sandbox=\"allow-scripts\" security=\"restricted\" style=\"position: absolute; clip: rect(1px, 1px, 1px, 1px);\" title=\"&#8220;Dokukino Eter: El Shatt \u2013 Nacrt za utopiju&#8221; &#8212; Dokukino KIC - Kino sa stavom\" src=\"https:\/\/dokukino.net\/film\/dokukino-eter-el-shatt-nacrt-za-utopiju\/embed\/#?secret=kICHe0Jw39#?secret=4gxVAhbD30\" data-secret=\"4gxVAhbD30\" width=\"600\" height=\"338\" frameborder=\"0\" marginwidth=\"0\" marginheight=\"0\" scrolling=\"no\"><\/iframe>\n<\/div><\/figure>\n\n\n\n<hr class=\"wp-block-separator\"\/>\n\n\n\n<p>Iz medija:<\/p>\n\n\n\n<p><a href=\"https:\/\/www.jutarnji.hr\/kultura\/film-i-televizija\/ivan-ramljak-pronasao-dnevnik-koji-je-njegov-djed-napisao-u-izbjeglickom-logoru-el-shatt-i-po-njemu-snimio-film-15448212\">https:\/\/www.jutarnji.hr\/kultura\/film-i-televizija\/ivan-ramljak-pronasao-dnevnik-koji-je-njegov-djed-napisao-u-izbjeglickom-logoru-el-shatt-i-po-njemu-snimio-film-15448212<\/a><\/p>\n\n\n\n<hr class=\"wp-block-separator\"\/>\n","protected":false},"excerpt":{"rendered":"","protected":false},"author":2,"featured_media":40363,"comment_status":"open","ping_status":"open","sticky":false,"template":"","format":"standard","meta":{"_acf_changed":false,"jetpack_post_was_ever_published":false,"_jetpack_newsletter_access":"","_jetpack_dont_email_post_to_subs":false,"_jetpack_newsletter_tier_id":0,"_jetpack_memberships_contains_paywalled_content":false,"_jetpack_memberships_contains_paid_content":false,"footnotes":"","jetpack_publicize_message":"","jetpack_publicize_feature_enabled":true,"jetpack_social_post_already_shared":true,"jetpack_social_options":{"image_generator_settings":{"template":"highway","default_image_id":0,"font":"","enabled":false},"version":2}},"categories":[13,3],"tags":[],"class_list":["post-40362","post","type-post","status-publish","format-standard","has-post-thumbnail","hentry","category-filmovi-i-serije","category-novosti"],"acf":{"facebook_opis":""},"jetpack_publicize_connections":[],"jetpack_featured_media_url":"https:\/\/i0.wp.com\/historiografija.hr\/wp-content\/uploads\/2024\/04\/El-Shatt.jpeg?fit=774%2C315&ssl=1","jetpack_sharing_enabled":true,"jetpack-related-posts":[],"_links":{"self":[{"href":"https:\/\/historiografija.hr\/index.php?rest_route=\/wp\/v2\/posts\/40362","targetHints":{"allow":["GET"]}}],"collection":[{"href":"https:\/\/historiografija.hr\/index.php?rest_route=\/wp\/v2\/posts"}],"about":[{"href":"https:\/\/historiografija.hr\/index.php?rest_route=\/wp\/v2\/types\/post"}],"author":[{"embeddable":true,"href":"https:\/\/historiografija.hr\/index.php?rest_route=\/wp\/v2\/users\/2"}],"replies":[{"embeddable":true,"href":"https:\/\/historiografija.hr\/index.php?rest_route=%2Fwp%2Fv2%2Fcomments&post=40362"}],"version-history":[{"count":1,"href":"https:\/\/historiografija.hr\/index.php?rest_route=\/wp\/v2\/posts\/40362\/revisions"}],"predecessor-version":[{"id":40364,"href":"https:\/\/historiografija.hr\/index.php?rest_route=\/wp\/v2\/posts\/40362\/revisions\/40364"}],"wp:featuredmedia":[{"embeddable":true,"href":"https:\/\/historiografija.hr\/index.php?rest_route=\/wp\/v2\/media\/40363"}],"wp:attachment":[{"href":"https:\/\/historiografija.hr\/index.php?rest_route=%2Fwp%2Fv2%2Fmedia&parent=40362"}],"wp:term":[{"taxonomy":"category","embeddable":true,"href":"https:\/\/historiografija.hr\/index.php?rest_route=%2Fwp%2Fv2%2Fcategories&post=40362"},{"taxonomy":"post_tag","embeddable":true,"href":"https:\/\/historiografija.hr\/index.php?rest_route=%2Fwp%2Fv2%2Ftags&post=40362"}],"curies":[{"name":"wp","href":"https:\/\/api.w.org\/{rel}","templated":true}]}}