{"id":40352,"date":"2024-04-08T21:37:07","date_gmt":"2024-04-08T21:37:07","guid":{"rendered":"http:\/\/historiografija.hr\/?p=40352"},"modified":"2024-04-08T21:37:07","modified_gmt":"2024-04-08T21:37:07","slug":"tribina-canu-tvrtko-jakovina-savremena-bezbjednost-evrope-iskustvo-vojnih-saveza","status":"publish","type":"post","link":"https:\/\/historiografija.hr\/?p=40352","title":{"rendered":"Tribina CANU: Tvrtko Jakovina &#8211; Savremena bezbjednost Evrope. Iskustvo vojnih saveza"},"content":{"rendered":"\n<p><strong>Nau\u010dna tribina prof. dr Tvrtka Jakovine<\/strong><\/p>\n\n\n\n<p>Crnogorska akademija nauka i umjetnosti organizuje<br>Nau\u010dnu tribinu<\/p>\n\n\n\n<p>na temu<\/p>\n\n\n\n<p>SAVREMENA BEZBJEDNOST EVROPE<\/p>\n\n\n\n<p>ISKUSTVO VOJNIH SAVEZA<\/p>\n\n\n\n<p>&nbsp;Predava\u010d: prof. dr Tvrtko Jakovina, Filozofski fakultet Sveu\u010dili\u0161ta u Zagrebu &nbsp;<\/p>\n\n\n\n<p>&nbsp;&nbsp;&nbsp;&nbsp;&nbsp;&nbsp;&nbsp;&nbsp; Prof. dr Tvrtko Jakovina diplomirao je i doktorirao na Filozofskom fakultetu u Zagrebu, a magistrirao na Katoli\u010dkom univerzitetu u Luvenu, u Belgiji. Poha\u0111ao je i Univerzitet Kanzas, a bio je Fulbrajtov gostuju\u0107i istra\u017eiva\u010d na Univerzitetu D\u017eord\u017etaun u Va\u0161ingtonu. Usavr\u0161avao se na Boston koled\u017eu i bio je gostuju\u0107i saradnik na Londonskoj ekonomskoj \u0161koli.<\/p>\n\n\n\n<p>&nbsp;&nbsp;&nbsp;&nbsp;&nbsp; Redovni je profesor u trajnom zvanju Filozofskog fakulteta Sveu\u010dili\u0161ta u Zagrebu. Predaje Svjetsku povijest 20. stolje\u0107a. Bio je na\u010delnik Odsjeka za povijest od 2014. do 2016. godine, a rukovodilac Katedre za op\u0107u povijest novog vijeka je od AG 2020\/2021.<\/p>\n\n\n\n<p>&nbsp;&nbsp;&nbsp;&nbsp;&nbsp; Napisao je knjige: <em>Socijalizam na ameri\u010dkoj p\u0161enici<\/em> (MH, 2002); <em>Ameri\u010dki komunisti\u010dki saveznik \u2013 Hrvati, Titova Jugoslavija i Sjedinjene Ameri\u010dke Dr\u017eave 1945\u20131955<\/em> (Profil \/ Srednja Europa, 2003); <em>Tre\u0107a strana Hladnog rata<\/em> (Fraktura, 2011); <em>Trenuci katarze \u2013 Prijelomni doga\u0111aji XX stolje\u0107a<\/em> (Fraktura, 2013); <em>Budimir Lon\u010dar \u2013 Od Preka do vrha svijeta<\/em> (Fraktura, tri izdanja, 2020. godina i Slu\u017ebeni glasnik, Beograd, 2021), <em>Svijet bez katarze<\/em> (Fraktura, 2023).<\/p>\n\n\n\n<p>&nbsp; &nbsp; &nbsp; &nbsp;Uredio je knjige: <em>Hrvatsko prolje\u0107e, \u010detrdeset godina poslije<\/em> (Sveu\u010dili\u0161te u Zagrebu \/ Centar Tripalo, 2012); <em>Dvadeset i pet godina hrvatske neovisnosti \u2013 kako dalje?<\/em> (Centar Tripalo, 2017); <em>The Tito-Stalin Split 70 Years After<\/em> (s Martinom Previ\u0161i\u0107em; FFZG i FF Ljubljana, 2020) i <em>Kakva Hrvatska? Miko Tripalo<\/em> (1926\u20131995) (Zagreb 2024).<\/p>\n\n\n\n<p>&nbsp;&nbsp;&nbsp;&nbsp; &nbsp;&nbsp;Knjige su mu nagra\u0111ivane dr\u017eavnim nagradama 2004. i 2014, dobitnik je Nagrade Kiklop (2013) i Nagrade Dru\u0161tva sveu\u010dili\u0161nih nastavnika i drugih znanstvenika.<\/p>\n\n\n\n<p>\u00a0 \u00a0\u00a0\u00a0\u00a0Tribina \u0107e se odr\u017eati u <strong>petak, 12. aprila 2024. godine, sa po\u010detkom u 12 \u010dasova<\/strong>, u sali Crnogorske akademije nauka i umjetnosti, Podgorica, Ul. Rista Stijovi\u0107a 5.<\/p>\n\n\n\n<hr class=\"wp-block-separator\"\/>\n\n\n\n<p>Izvor: <\/p>\n\n\n\n<p><a href=\"https:\/\/canu.me\/najave\/naucna-tribina-prof-dr-tvrtka-jakovine-\">https:\/\/canu.me\/najave\/naucna-tribina-prof-dr-tvrtka-jakovine-<\/a><\/p>\n\n\n\n<hr class=\"wp-block-separator\"\/>\n","protected":false},"excerpt":{"rendered":"","protected":false},"author":2,"featured_media":40353,"comment_status":"open","ping_status":"open","sticky":false,"template":"","format":"standard","meta":{"_acf_changed":false,"jetpack_post_was_ever_published":false,"_jetpack_newsletter_access":"","_jetpack_dont_email_post_to_subs":false,"_jetpack_newsletter_tier_id":0,"_jetpack_memberships_contains_paywalled_content":false,"_jetpack_memberships_contains_paid_content":false,"footnotes":"","jetpack_publicize_message":"","jetpack_publicize_feature_enabled":true,"jetpack_social_post_already_shared":true,"jetpack_social_options":{"image_generator_settings":{"template":"highway","default_image_id":0,"font":"","enabled":false},"version":2}},"categories":[3],"tags":[],"class_list":["post-40352","post","type-post","status-publish","format-standard","has-post-thumbnail","hentry","category-novosti"],"acf":{"facebook_opis":""},"jetpack_publicize_connections":[],"jetpack_featured_media_url":"https:\/\/i0.wp.com\/historiografija.hr\/wp-content\/uploads\/2024\/04\/CANU.png?fit=331%2C109&ssl=1","jetpack_sharing_enabled":true,"jetpack-related-posts":[{"id":52563,"url":"https:\/\/historiografija.hr\/?p=52563","url_meta":{"origin":40352,"position":0},"title":"Predavanje Nenada Fabijani\u0107a o stadionu Poljud u Splitu","author":"Branimir Jankovi\u0107","date":"21. travnja 2026.","format":false,"excerpt":"Znanstveno vije\u0107e za arhitekturu, urbanizam i ure\u0111enje prostora Hrvatske akademije znanosti i umjetnosti organizira predavanje \u201cPo Poljudu\u201d koje \u0107e u srijedu 22. travnja 2026. s po\u010detkom u 14 sati u Knji\u017enici HAZU, Strossmayerov trg 14 u Zagrebu, odr\u017eati\u00a0prof. emerit. dr. art. Nenad Fabijani\u0107,\u00a0\u010dlan suradnik HAZU. Predavanje \u201ePo Poljudu\u201c (Projekt obnove)\u2026","rel":"","context":"U &quot;Novosti&quot;","block_context":{"text":"Novosti","link":"https:\/\/historiografija.hr\/?cat=3"},"img":{"alt_text":"","src":"https:\/\/i0.wp.com\/historiografija.hr\/wp-content\/uploads\/2026\/04\/Poljud-scaled.jpeg?fit=1200%2C800&ssl=1&resize=350%2C200","width":350,"height":200,"srcset":"https:\/\/i0.wp.com\/historiografija.hr\/wp-content\/uploads\/2026\/04\/Poljud-scaled.jpeg?fit=1200%2C800&ssl=1&resize=350%2C200 1x, https:\/\/i0.wp.com\/historiografija.hr\/wp-content\/uploads\/2026\/04\/Poljud-scaled.jpeg?fit=1200%2C800&ssl=1&resize=525%2C300 1.5x, https:\/\/i0.wp.com\/historiografija.hr\/wp-content\/uploads\/2026\/04\/Poljud-scaled.jpeg?fit=1200%2C800&ssl=1&resize=700%2C400 2x, https:\/\/i0.wp.com\/historiografija.hr\/wp-content\/uploads\/2026\/04\/Poljud-scaled.jpeg?fit=1200%2C800&ssl=1&resize=1050%2C600 3x"},"classes":[]},{"id":52528,"url":"https:\/\/historiografija.hr\/?p=52528","url_meta":{"origin":40352,"position":1},"title":"[Promocija knjige] Banja Luka u ratu: Etnopolitika i svakodnevica (1990\u20131995) (ActiveLab, YugoLab)","author":"Branimir Jankovi\u0107","date":"17. travnja 2026.","format":false,"excerpt":"Institut za filozofiju i dru\u0161tvenu teoriju i O\u0161tra Nula organizuju promociju knjige Banja Luka u ratu: Etnopolitika i svakodnevica (1990\u20131995) autorke Armine Galija\u0161, koja \u0107e se odr\u017eati 20. aprila 2026. u 12.00 sati u prostorijama Instituta (Kraljice Natalije 45, Beograd). Re\u010d je o prvom nau\u010dno utemeljenom i sistematskom radu koji\u2026","rel":"","context":"U &quot;Novosti&quot;","block_context":{"text":"Novosti","link":"https:\/\/historiografija.hr\/?cat=3"},"img":{"alt_text":"","src":"https:\/\/i0.wp.com\/historiografija.hr\/wp-content\/uploads\/2026\/04\/20-april-RS.jpg?fit=1200%2C675&ssl=1&resize=350%2C200","width":350,"height":200,"srcset":"https:\/\/i0.wp.com\/historiografija.hr\/wp-content\/uploads\/2026\/04\/20-april-RS.jpg?fit=1200%2C675&ssl=1&resize=350%2C200 1x, https:\/\/i0.wp.com\/historiografija.hr\/wp-content\/uploads\/2026\/04\/20-april-RS.jpg?fit=1200%2C675&ssl=1&resize=525%2C300 1.5x, https:\/\/i0.wp.com\/historiografija.hr\/wp-content\/uploads\/2026\/04\/20-april-RS.jpg?fit=1200%2C675&ssl=1&resize=700%2C400 2x, https:\/\/i0.wp.com\/historiografija.hr\/wp-content\/uploads\/2026\/04\/20-april-RS.jpg?fit=1200%2C675&ssl=1&resize=1050%2C600 3x"},"classes":[]},{"id":52592,"url":"https:\/\/historiografija.hr\/?p=52592","url_meta":{"origin":40352,"position":2},"title":"Predstavljanje knjige &#8220;Turska ku\u0107a u Rijeci&#8221; u Zagrebu","author":"Branimir Jankovi\u0107","date":"22. travnja 2026.","format":false,"excerpt":"U prostorijama Turskog kulturnog centra Yunus Emre u Zagrebu, u utorak 21. travnja 2026. godine, odr\u017eano je sve\u010dano predstavljanje dopunjenog izdanja knjige Turska ku\u0107a u Rijeci, u organizaciji Hrvatsko-turskog dru\u0161tva Rijeka i partnerstvu sa Skupinom prijateljstva Hrvatska-Turska Hrvatskog sabora, Veleposlanstvom Republike Turske u Republici Hrvatskoj te Turskim kulturnim centrom Yunus\u2026","rel":"","context":"U &quot;Novosti&quot;","block_context":{"text":"Novosti","link":"https:\/\/historiografija.hr\/?cat=3"},"img":{"alt_text":"","src":"https:\/\/i0.wp.com\/historiografija.hr\/wp-content\/uploads\/2026\/04\/Turska-kuca-ZG.jpg?fit=1200%2C800&ssl=1&resize=350%2C200","width":350,"height":200,"srcset":"https:\/\/i0.wp.com\/historiografija.hr\/wp-content\/uploads\/2026\/04\/Turska-kuca-ZG.jpg?fit=1200%2C800&ssl=1&resize=350%2C200 1x, https:\/\/i0.wp.com\/historiografija.hr\/wp-content\/uploads\/2026\/04\/Turska-kuca-ZG.jpg?fit=1200%2C800&ssl=1&resize=525%2C300 1.5x, https:\/\/i0.wp.com\/historiografija.hr\/wp-content\/uploads\/2026\/04\/Turska-kuca-ZG.jpg?fit=1200%2C800&ssl=1&resize=700%2C400 2x, https:\/\/i0.wp.com\/historiografija.hr\/wp-content\/uploads\/2026\/04\/Turska-kuca-ZG.jpg?fit=1200%2C800&ssl=1&resize=1050%2C600 3x"},"classes":[]},{"id":52573,"url":"https:\/\/historiografija.hr\/?p=52573","url_meta":{"origin":40352,"position":3},"title":"Znanstvena konferencija &#8220;Filozofija odgoja: povijest, praksa, perspektive&#8221;","author":"Branimir Jankovi\u0107","date":"21. travnja 2026.","format":false,"excerpt":"Znanstvena konferencija \"Filozofija odgoja: povijest, praksa, perspektive\" odr\u017eat \u0107e se 23. i 24. travnja 2026. u Konferencijskoj dvorani Knji\u017enice Filozofskog fakulteta u Zagrebu (2. kat).\u00a0Konferencija je organizirana u okviru projekta\u00a0SUMKOS (voditeljica prof. dr. sc. Ivana Zagorac, financiran\u00a0sredstvima NextGenerationEU), uz potporu Odsjeka za filozofiju.\u00a0 Uz izlaga\u010dki dio, konferencija obuhva\u0107a i izlo\u017ebu\u2026","rel":"","context":"U &quot;Novosti&quot;","block_context":{"text":"Novosti","link":"https:\/\/historiografija.hr\/?cat=3"},"img":{"alt_text":"","src":"","width":0,"height":0},"classes":[]},{"id":52547,"url":"https:\/\/historiografija.hr\/?p=52547","url_meta":{"origin":40352,"position":4},"title":"ISHA Zagreb \u2013 Filmska ve\u010der: Povratak Martina Guerrea","author":"Branimir Jankovi\u0107","date":"20. travnja 2026.","format":false,"excerpt":"Klub studenata povijesti \u2013 ISHA Zagreb poziva Vas na filmsku ve\u010der na kojoj \u0107e se prikazivati \u201ePovratak Martina Guerrea\u201c, povijesna drama iz 1982. godine s radnjom smje\u0161tenom u 16. stolje\u0107u. Radnja je utemeljena na stvarnoj povijesnoj li\u010dnosti Martina Guerrea koji se nakon mnogo godina izbivanja vra\u0107a u svoje rodno mjesto\u2026","rel":"","context":"U &quot;Filmovi i serije&quot;","block_context":{"text":"Filmovi i serije","link":"https:\/\/historiografija.hr\/?cat=13"},"img":{"alt_text":"","src":"https:\/\/i0.wp.com\/historiografija.hr\/wp-content\/uploads\/2026\/04\/M-Guerre.png?fit=702%2C1006&ssl=1&resize=350%2C200","width":350,"height":200,"srcset":"https:\/\/i0.wp.com\/historiografija.hr\/wp-content\/uploads\/2026\/04\/M-Guerre.png?fit=702%2C1006&ssl=1&resize=350%2C200 1x, https:\/\/i0.wp.com\/historiografija.hr\/wp-content\/uploads\/2026\/04\/M-Guerre.png?fit=702%2C1006&ssl=1&resize=525%2C300 1.5x, https:\/\/i0.wp.com\/historiografija.hr\/wp-content\/uploads\/2026\/04\/M-Guerre.png?fit=702%2C1006&ssl=1&resize=700%2C400 2x"},"classes":[]},{"id":52607,"url":"https:\/\/historiografija.hr\/?p=52607","url_meta":{"origin":40352,"position":5},"title":"No\u0107 knjige: Kako je prije 410 godina smr\u0107u Shakespearea i Cervantesa zavr\u0161ilo razdoblje renesanse u knji\u017eevnosti","author":"Branimir Jankovi\u0107","date":"22. travnja 2026.","format":false,"excerpt":"\u010cetvrtak, 23. travnja 2026. u 18:00 sati, Knji\u017eara Matice hrvatske, Ulica Matice hrvatske 2, Zagreb Uvodna rije\u010d: dr. sc.\u00a0Dubravka Brezak Stama\u0107, pro\u010delnica Odjela za knji\u017eevnost Matice hrvatske Prof. dr. sc. Ivan Lupi\u0107, redoviti profesor u Odsjeku za anglistiku i Odsjeku za kroatistiku Sveu\u010dili\u0161ta u RijeciShakespeare, kazali\u0161te, glazbaKada se susre\u0107emo sa\u2026","rel":"","context":"U &quot;Novosti&quot;","block_context":{"text":"Novosti","link":"https:\/\/historiografija.hr\/?cat=3"},"img":{"alt_text":"","src":"https:\/\/i0.wp.com\/historiografija.hr\/wp-content\/uploads\/2026\/04\/noc_knjige_2026.jpg?fit=680%2C276&ssl=1&resize=350%2C200","width":350,"height":200,"srcset":"https:\/\/i0.wp.com\/historiografija.hr\/wp-content\/uploads\/2026\/04\/noc_knjige_2026.jpg?fit=680%2C276&ssl=1&resize=350%2C200 1x, https:\/\/i0.wp.com\/historiografija.hr\/wp-content\/uploads\/2026\/04\/noc_knjige_2026.jpg?fit=680%2C276&ssl=1&resize=525%2C300 1.5x"},"classes":[]}],"_links":{"self":[{"href":"https:\/\/historiografija.hr\/index.php?rest_route=\/wp\/v2\/posts\/40352","targetHints":{"allow":["GET"]}}],"collection":[{"href":"https:\/\/historiografija.hr\/index.php?rest_route=\/wp\/v2\/posts"}],"about":[{"href":"https:\/\/historiografija.hr\/index.php?rest_route=\/wp\/v2\/types\/post"}],"author":[{"embeddable":true,"href":"https:\/\/historiografija.hr\/index.php?rest_route=\/wp\/v2\/users\/2"}],"replies":[{"embeddable":true,"href":"https:\/\/historiografija.hr\/index.php?rest_route=%2Fwp%2Fv2%2Fcomments&post=40352"}],"version-history":[{"count":1,"href":"https:\/\/historiografija.hr\/index.php?rest_route=\/wp\/v2\/posts\/40352\/revisions"}],"predecessor-version":[{"id":40354,"href":"https:\/\/historiografija.hr\/index.php?rest_route=\/wp\/v2\/posts\/40352\/revisions\/40354"}],"wp:featuredmedia":[{"embeddable":true,"href":"https:\/\/historiografija.hr\/index.php?rest_route=\/wp\/v2\/media\/40353"}],"wp:attachment":[{"href":"https:\/\/historiografija.hr\/index.php?rest_route=%2Fwp%2Fv2%2Fmedia&parent=40352"}],"wp:term":[{"taxonomy":"category","embeddable":true,"href":"https:\/\/historiografija.hr\/index.php?rest_route=%2Fwp%2Fv2%2Fcategories&post=40352"},{"taxonomy":"post_tag","embeddable":true,"href":"https:\/\/historiografija.hr\/index.php?rest_route=%2Fwp%2Fv2%2Ftags&post=40352"}],"curies":[{"name":"wp","href":"https:\/\/api.w.org\/{rel}","templated":true}]}}