{"id":40344,"date":"2024-04-08T21:27:48","date_gmt":"2024-04-08T21:27:48","guid":{"rendered":"http:\/\/historiografija.hr\/?p=40344"},"modified":"2024-04-08T21:28:22","modified_gmt":"2024-04-08T21:28:22","slug":"poziv-za-prijavu-na-skup-istorija-jugoslavije-perspektive-mladih-istrazivaca-sa-post-jugoslovenskog-prostora","status":"publish","type":"post","link":"https:\/\/historiografija.hr\/?p=40344","title":{"rendered":"Poziv za prijavu na skup: \u201eIstorija Jugoslavije: perspektive mladih istra\u017eiva\u010da sa post-jugoslovenskog prostora\u201c"},"content":{"rendered":"\n<p>Institut za noviju istoriju Srbije organizuje, od 16. do 18. oktobra 2024. godine, u Beogradu, nau\u010dni skup \u201eIstorija Jugoslavije: perspektive mladih istra\u017eiva\u010da sa post-jugoslovenskog prostora\u201c.<\/p>\n\n\n\n<p>Mla\u0111e generacije istori\u010dara koji se bave 20. vekom na prostoru biv\u0161ih jugoslovenskih republika nisu dovoljno povezane, uprkos zajedni\u010dkom predmetu istra\u017eivanja \u2013 istoriji Jugoslavije. Jedan od ciljeva ovog skupa je upravo podsticanje upoznavanja mladih istori\u010dara, razmene informacija, iskustava, mi\u0161ljenja i ideja, sagledavanja prostora za zajedni\u010dke projekte i saradnju u istra\u017eiva\u010dkom procesu. U\u010desnici \u0107e predstaviti istoriju Jugoslavije kroz prizmu svojih istra\u017eivanja i nau\u010dna i \u0161ira javnost \u0107e tokom ovog skupa uvideti perspektive mladih istori\u010dara. U skladu sa time, ciljevi skupa su i predstavljanje nau\u010dnih dostignu\u0107a mladih istori\u010dara na post-jugoslovenskom prostoru, otvaranje novih tema i istra\u017eiva\u010dkih mogu\u0107nosti, kao i sagledavanje istorije Jugoslavije iz razli\u010ditih uglova.<\/p>\n\n\n\n<p>Skup je namenjen mladim istra\u017eiva\u010dima u skladu sa uobi\u010dajenim propozicijama koje u evropskoj akademskoj zajednici va\u017ee za ovu kategoriju istra\u017eiva\u010da \u2013 doktorandi i doktori istorijskih nauka koji su disertaciju odbranili u poslednje tri godine, sa prostora Srbije, Hrvatske, Slovenije, Bosne i Hercegovine, Crne Gore i Severne Makedonije.<\/p>\n\n\n\n<p>Radni jezici skupa \u0107e biti srpski i maternji jezici regiona.<\/p>\n\n\n\n<p>Kao rezultat skupa, planirano je objavljivanje me\u0111unarodnog zbornika radova u izdanju Instituta za noviju istoriju Srbije.<\/p>\n\n\n\n<p>Organizator skupa \u0107e pokriti tro\u0161kove sme\u0161taja za mlade istra\u017eiva\u010de.<\/p>\n\n\n\n<p>Molimo Vas da naziv teme, rezime (do 300 re\u010di), biografiju i bibliografiju po\u0161aljete do 15. maja 2024. godine na adresu: <a rel=\"noreferrer noopener\" href=\"mailto:skup.mladih.istrazivaca@gmail.com\" target=\"_blank\">skup.mladih.istrazivaca@gmail.com<\/a>. Obave\u0161tenje o prihva\u0107enim temama \u0107e biti poslato do 30. juna 2024. godine. Rok za slanje nacrta rada (<em>draft paper<\/em>) je 1. oktobar, a gotovih radova 15. decembar 2024. godine.<\/p>\n\n\n\n<hr class=\"wp-block-separator\"\/>\n\n\n\n<div class=\"wp-block-file\"><a href=\"https:\/\/historiografija.hr\/wp-content\/uploads\/2024\/04\/Poziv-za-skup-mladih-istra\u017eiva\u010da.pdf\">Poziv-za-skup-mladih-istra\u017eiva\u010da<\/a><a href=\"https:\/\/historiografija.hr\/wp-content\/uploads\/2024\/04\/Poziv-za-skup-mladih-istra\u017eiva\u010da.pdf\" class=\"wp-block-file__button\" download>Preuzmi<\/a><\/div>\n\n\n\n<hr class=\"wp-block-separator\"\/>\n\n\n\n<p>Obavijest je objavljena i na portalu <strong>Historiografija.ba<\/strong>:<\/p>\n\n\n\n<p><a href=\"https:\/\/historiografija.ba\/article.php?id=2417\">https:\/\/historiografija.ba\/article.php?id=2417<\/a><\/p>\n\n\n\n<hr class=\"wp-block-separator\"\/>\n","protected":false},"excerpt":{"rendered":"","protected":false},"author":2,"featured_media":40346,"comment_status":"open","ping_status":"open","sticky":false,"template":"","format":"standard","meta":{"_acf_changed":false,"jetpack_post_was_ever_published":false,"_jetpack_newsletter_access":"","_jetpack_dont_email_post_to_subs":false,"_jetpack_newsletter_tier_id":0,"_jetpack_memberships_contains_paywalled_content":false,"_jetpack_memberships_contains_paid_content":false,"footnotes":"","jetpack_publicize_message":"","jetpack_publicize_feature_enabled":true,"jetpack_social_post_already_shared":true,"jetpack_social_options":{"image_generator_settings":{"template":"highway","default_image_id":0,"font":"","enabled":false},"version":2}},"categories":[3,9],"tags":[],"class_list":["post-40344","post","type-post","status-publish","format-standard","has-post-thumbnail","hentry","category-novosti","category-skupovi"],"acf":{"facebook_opis":""},"jetpack_publicize_connections":[],"jetpack_featured_media_url":"https:\/\/i0.wp.com\/historiografija.hr\/wp-content\/uploads\/2024\/04\/institut-za-noviju-istoriju-srbije.png?fit=450%2C519&ssl=1","jetpack_sharing_enabled":true,"jetpack-related-posts":[],"_links":{"self":[{"href":"https:\/\/historiografija.hr\/index.php?rest_route=\/wp\/v2\/posts\/40344","targetHints":{"allow":["GET"]}}],"collection":[{"href":"https:\/\/historiografija.hr\/index.php?rest_route=\/wp\/v2\/posts"}],"about":[{"href":"https:\/\/historiografija.hr\/index.php?rest_route=\/wp\/v2\/types\/post"}],"author":[{"embeddable":true,"href":"https:\/\/historiografija.hr\/index.php?rest_route=\/wp\/v2\/users\/2"}],"replies":[{"embeddable":true,"href":"https:\/\/historiografija.hr\/index.php?rest_route=%2Fwp%2Fv2%2Fcomments&post=40344"}],"version-history":[{"count":2,"href":"https:\/\/historiografija.hr\/index.php?rest_route=\/wp\/v2\/posts\/40344\/revisions"}],"predecessor-version":[{"id":40348,"href":"https:\/\/historiografija.hr\/index.php?rest_route=\/wp\/v2\/posts\/40344\/revisions\/40348"}],"wp:featuredmedia":[{"embeddable":true,"href":"https:\/\/historiografija.hr\/index.php?rest_route=\/wp\/v2\/media\/40346"}],"wp:attachment":[{"href":"https:\/\/historiografija.hr\/index.php?rest_route=%2Fwp%2Fv2%2Fmedia&parent=40344"}],"wp:term":[{"taxonomy":"category","embeddable":true,"href":"https:\/\/historiografija.hr\/index.php?rest_route=%2Fwp%2Fv2%2Fcategories&post=40344"},{"taxonomy":"post_tag","embeddable":true,"href":"https:\/\/historiografija.hr\/index.php?rest_route=%2Fwp%2Fv2%2Ftags&post=40344"}],"curies":[{"name":"wp","href":"https:\/\/api.w.org\/{rel}","templated":true}]}}