{"id":40340,"date":"2024-04-08T21:24:56","date_gmt":"2024-04-08T21:24:56","guid":{"rendered":"http:\/\/historiografija.hr\/?p=40340"},"modified":"2024-04-08T21:53:15","modified_gmt":"2024-04-08T21:53:15","slug":"mirjana-kasapovic-zbogom-postjugoslavenstvu-prilog-demitologizaciji-hrvatske-politike-i-drustva","status":"publish","type":"post","link":"https:\/\/historiografija.hr\/?p=40340","title":{"rendered":"Mirjana Kasapovi\u0107, \u201eZbogom postjugoslavenstvu! Prilog demitologizaciji hrvatske politike i dru\u0161tva\u201c"},"content":{"rendered":"\n<p>U izdanju \u0160kolske knjige objavljena je 2024. studija Mirjane Kasapovi\u0107 u kojoj je pro\u0161irila i razradila svoj \u010dlanak &nbsp;\u201eZbogom postjugoslavenstvu!\u201c iz 2023. godine koji je izazvao brojne polemi\u010dke reakcije.<\/p>\n\n\n\n<hr class=\"wp-block-separator\"\/>\n\n\n\n<p>Jugoslavija je bila najneuspje\u0161nija europska dr\u017eava 20. stolje\u0107a. Nema dr\u017eave u Europi koja je u sedamdesetak godina postojanja, od prosinca 1918. do sije\u010dnja 1992., dva puta nastala i dva se puta raspala u morima krvi svojih stanovnika \u2014 u svjetskim, me\u0111udr\u017eavnim i gra\u0111anskim ratovima svojih &#8220;ju\u017enoslavenskih plemena&#8221; i svojih &#8220;bratskih naroda i narodnosti&#8221;. Prva je Jugoslavija trajala nepune 22, a druga nepunih 47 godina \u2014 zajedno su opstale manje od prosje\u010dnoga \u017eivotnog vijeka europskih gra\u0111ana. Isprobani su svi ekonomski i politi\u010dki aran\u017emani da se ta dr\u017eava o\u010duva: bila je kapitalisti\u010dka i socijalisti\u010dka, monarhijska i republikanska, unitaristi\u010dka i federalisti\u010dka, pluralisti\u010dka i monisti\u010dka, kraljeva desni\u010darska i mar\u0161alova ljevi\u010darska diktatura. Bila je na Zapadu i Istoku, neopredijeljena i nesvrstana. Ni\u0161ta nije pomoglo.<\/p>\n\n\n\n<p><br>Lijevi akademski, politi\u010dki, kulturni i medijski tabor pokazuje za\u010du\u0111uju\u0107u otpornost i ravnodu\u0161nost na spoznaje inozemnih znanstvenih istra\u017eiva\u010da ratnih i poslijeratnih masovnih zlo\u010dina jugoslavenske vlasti, agresivne jugoslavenske vanjske politike prema susjednim dr\u017eavama u poslijeratnim godinama, protusemitskoga karaktera pokreta nesvrstanih zemalja u kojemu je Jugoslavija imala va\u017enu ili \u010dak klju\u010dnu ulogu, autokratske prirode gotovo svih njegovih \u010dlanica zbog koje su postale popri\u0161tima politi\u010dkoga nasilja najgorih vrsta, uklju\u010duju\u0107i &#8220;poslijekolonijalne genocide&#8221;, dramati\u010dnih oblika gu\u0161enja ljudskih i gra\u0111anskih prava i sloboda u zemlji, represivnih politika re\u017eima, nevjerojatnih razmjera kulta li\u010dnosti. Jedan od izraza politi\u010dkoga mitologiziranja Jugoslavije \u010dine i postjugoslavenske studije kao izrazi nastojanja da se o\u010duvaju ime i sje\u0107anje na biv\u0161u dr\u017eavu i da se, \u0161tovi\u0161e, s njome postupa kao s politi\u010dkom i kulturnom \u010dinjenicom.<br><br>O autorici:<br>Mirjana Kasapovi\u0107 umirovljena je profesorica komparativne politike na Fakultetu politi\u010dkih znanosti Sveu\u010dili\u0161ta u Zagrebu. Autorica je ili suautorica dvanaest knjiga i vi\u0161e od stotinu znanstvenih radova objavljenih u Hrvatskoj, Njema\u010dkoj, Velikoj Britaniji, Sjedinjenim Ameri\u010dkim Dr\u017eavama, \u0160vicarskoj, Poljskoj, Ma\u0111arskoj i drugim zemljama. Me\u0111u recentnijim izdanjima autorica je knjige <em>Bosna i Hercegovina 1990. \u2013 2020. \u2013 rat, dr\u017eava i demokracija<\/em> (\u0160kolska knjiga, 2020.). Za knjige <em>Bosna i Hercegovina: podijeljeno dru\u0161tvo i nestabilna dr\u017eava<\/em> (2005.) i <em>Politi\u010dki sustav i politika Izraela<\/em> (2010.) dobila je godi\u0161nje nagrade za znanost Republike Hrvatske.<br>Prevela je devet politolo\u0161kih knjiga i vi\u0161e \u010dlanaka s njema\u010dkoga na hrvatski jezik. Objavila je mnogo stru\u010dnih, publicisti\u010dkih i novinarskih radova. Bila je glavna i odgovorna urednica politolo\u0161kih biblioteka &#8220;Politi\u010dka misao&#8221; i &#8220;Politi\u010dke analize&#8221; te \u010dasopisa <em>Anali Hrvatskog politolo\u0161kog dru\u0161tva<\/em> i <em>Politi\u010dke analize<\/em>. \u010clanica je Hrvatskoga politolo\u0161kog dru\u0161tva i Dru\u0161tva hrvatskih humboldtovaca.<\/p>\n\n\n\n<hr class=\"wp-block-separator\"\/>\n\n\n\n<p>Prelistaj izdanje:<\/p>\n\n\n\n<p><a href=\"https:\/\/shop.skolskaknjiga.hr\/zbogom-postjugoslavenstvu-prilog-demitologizaciji-hrvatske-politike-i-drustva.html\">https:\/\/shop.skolskaknjiga.hr\/zbogom-postjugoslavenstvu-prilog-demitologizaciji-hrvatske-politike-i-drustva.html<\/a><\/p>\n\n\n\n<hr class=\"wp-block-separator\"\/>\n\n\n\n<p>Iz medija:<\/p>\n\n\n\n<p><a href=\"https:\/\/www.vecernji.hr\/vijesti\/politologinja-kasapovic-nema-jugoslavije-nakon-postjugoslavije-1757997\">https:\/\/www.vecernji.hr\/vijesti\/politologinja-kasapovic-nema-jugoslavije-nakon-postjugoslavije-1757997<\/a><\/p>\n\n\n\n<hr class=\"wp-block-separator\"\/>\n\n\n\n<p>Prethodni prilozi na portalu <strong>Historiografija.hr<\/strong>:<\/p>\n\n\n\n<figure class=\"wp-block-embed-wordpress wp-block-embed is-type-wp-embed is-provider-historiografija-hr\"><div class=\"wp-block-embed__wrapper\">\n<blockquote class=\"wp-embedded-content\" data-secret=\"PkSp9Ihccm\"><a href=\"https:\/\/historiografija.hr\/?p=36531\">Polemi\u010dke reakcije povodom \u010dlanka Mirjane Kasapovi\u0107 \u201eZbogom postjugoslavenstvu!\u201c<\/a><\/blockquote><iframe loading=\"lazy\" class=\"wp-embedded-content\" sandbox=\"allow-scripts\" security=\"restricted\" style=\"position: absolute; clip: rect(1px, 1px, 1px, 1px);\" title=\"&#8220;Polemi\u010dke reakcije povodom \u010dlanka Mirjane Kasapovi\u0107 \u201eZbogom postjugoslavenstvu!\u201c&#8221; &#8212; Historiografija.hr\" src=\"https:\/\/historiografija.hr\/?p=36531&#038;embed=true#?secret=PkSp9Ihccm\" data-secret=\"PkSp9Ihccm\" width=\"600\" height=\"338\" frameborder=\"0\" marginwidth=\"0\" marginheight=\"0\" scrolling=\"no\"><\/iframe>\n<\/div><\/figure>\n\n\n\n<hr class=\"wp-block-separator\"\/>\n","protected":false},"excerpt":{"rendered":"","protected":false},"author":2,"featured_media":40341,"comment_status":"open","ping_status":"open","sticky":false,"template":"","format":"standard","meta":{"_acf_changed":false,"jetpack_post_was_ever_published":false,"_jetpack_newsletter_access":"","_jetpack_dont_email_post_to_subs":false,"_jetpack_newsletter_tier_id":0,"_jetpack_memberships_contains_paywalled_content":false,"_jetpack_memberships_contains_paid_content":false,"footnotes":"","jetpack_publicize_message":"","jetpack_publicize_feature_enabled":true,"jetpack_social_post_already_shared":true,"jetpack_social_options":{"image_generator_settings":{"template":"highway","default_image_id":0,"font":"","enabled":false},"version":2}},"categories":[8,3,17],"tags":[],"class_list":["post-40340","post","type-post","status-publish","format-standard","has-post-thumbnail","hentry","category-knjige","category-novosti","category-rasprave"],"acf":{"facebook_opis":""},"jetpack_publicize_connections":[],"jetpack_featured_media_url":"https:\/\/i0.wp.com\/historiografija.hr\/wp-content\/uploads\/2024\/04\/Kasapovic.jpg?fit=636%2C1000&ssl=1","jetpack_sharing_enabled":true,"jetpack-related-posts":[],"_links":{"self":[{"href":"https:\/\/historiografija.hr\/index.php?rest_route=\/wp\/v2\/posts\/40340","targetHints":{"allow":["GET"]}}],"collection":[{"href":"https:\/\/historiografija.hr\/index.php?rest_route=\/wp\/v2\/posts"}],"about":[{"href":"https:\/\/historiografija.hr\/index.php?rest_route=\/wp\/v2\/types\/post"}],"author":[{"embeddable":true,"href":"https:\/\/historiografija.hr\/index.php?rest_route=\/wp\/v2\/users\/2"}],"replies":[{"embeddable":true,"href":"https:\/\/historiografija.hr\/index.php?rest_route=%2Fwp%2Fv2%2Fcomments&post=40340"}],"version-history":[{"count":3,"href":"https:\/\/historiografija.hr\/index.php?rest_route=\/wp\/v2\/posts\/40340\/revisions"}],"predecessor-version":[{"id":40356,"href":"https:\/\/historiografija.hr\/index.php?rest_route=\/wp\/v2\/posts\/40340\/revisions\/40356"}],"wp:featuredmedia":[{"embeddable":true,"href":"https:\/\/historiografija.hr\/index.php?rest_route=\/wp\/v2\/media\/40341"}],"wp:attachment":[{"href":"https:\/\/historiografija.hr\/index.php?rest_route=%2Fwp%2Fv2%2Fmedia&parent=40340"}],"wp:term":[{"taxonomy":"category","embeddable":true,"href":"https:\/\/historiografija.hr\/index.php?rest_route=%2Fwp%2Fv2%2Fcategories&post=40340"},{"taxonomy":"post_tag","embeddable":true,"href":"https:\/\/historiografija.hr\/index.php?rest_route=%2Fwp%2Fv2%2Ftags&post=40340"}],"curies":[{"name":"wp","href":"https:\/\/api.w.org\/{rel}","templated":true}]}}