{"id":40336,"date":"2024-04-08T21:20:00","date_gmt":"2024-04-08T21:20:00","guid":{"rendered":"http:\/\/historiografija.hr\/?p=40336"},"modified":"2024-04-08T21:59:47","modified_gmt":"2024-04-08T21:59:47","slug":"polemicki-prilozi-o-budimiru-loncaru-povodom-stogodisnjice-rodenja","status":"publish","type":"post","link":"https:\/\/historiografija.hr\/?p=40336","title":{"rendered":"Polemi\u010dki prilozi o Budimiru Lon\u010daru povodom stotog ro\u0111endana"},"content":{"rendered":"\n<p>Povodom 100. ro\u0111endana Budimira Lon\u010dara objavljeno je vi\u0161e polemi\u010dkih priloga u medijima (na koje upu\u0107ujemo u nastavku), \u0161to se nastavljaju na prethodne polemike o njemu.<\/p>\n\n\n\n<hr class=\"wp-block-separator\"\/>\n\n\n\n<p>Polemi\u010dki prilozi u medijima:<\/p>\n\n\n\n<p><a href=\"https:\/\/www.vecernji.hr\/vijesti\/sto-o-budimiru-loncaru-presucuju-lijevi-intelektualci-1758441\">https:\/\/www.vecernji.hr\/vijesti\/sto-o-budimiru-loncaru-presucuju-lijevi-intelektualci-1758441<\/a><\/p>\n\n\n\n<p><a href=\"https:\/\/www.jutarnji.hr\/vijesti\/hrvatska\/stoti-rodendan-bude-loncara-imao-je-briljantnu-karijeru-ali-bilo-je-tu-i-kontroverzi-jos-danas-mnogi-mu-zamjeraju-jednu-stvar-15445490\">https:\/\/www.jutarnji.hr\/vijesti\/hrvatska\/stoti-rodendan-bude-loncara-imao-je-briljantnu-karijeru-ali-bilo-je-tu-i-kontroverzi-jos-danas-mnogi-mu-zamjeraju-jednu-stvar-15445490<\/a><\/p>\n\n\n\n<p><a href=\"https:\/\/www.24sata.hr\/news\/budimir-loncar-proslavio-je-stoti-rodendan-mozak-mu-radi-kao-mladicu-promocije-ne-propusta-974254\">https:\/\/www.24sata.hr\/news\/budimir-loncar-proslavio-je-stoti-rodendan-mozak-mu-radi-kao-mladicu-promocije-ne-propusta-974254<\/a><\/p>\n\n\n\n<figure class=\"wp-block-embed-wordpress wp-block-embed is-type-wp-embed is-provider-n-1\"><div class=\"wp-block-embed__wrapper\">\n<blockquote class=\"wp-embedded-content\" data-secret=\"79OAsygA0a\"><a href=\"https:\/\/n1info.ba\/regija\/od-partizana-do-diplomate-budimir-loncar-danas-slavi-100-godina\/\">Od partizana do diplomate: Budimir Lon\u010dar danas slavi 100 godina<\/a><\/blockquote><iframe loading=\"lazy\" class=\"wp-embedded-content\" sandbox=\"allow-scripts\" security=\"restricted\" style=\"position: absolute; clip: rect(1px, 1px, 1px, 1px);\" title=\"&#8220;Od partizana do diplomate: Budimir Lon\u010dar danas slavi 100 godina&#8221; &#8212; N1\" src=\"https:\/\/n1info.ba\/regija\/od-partizana-do-diplomate-budimir-loncar-danas-slavi-100-godina\/embed\/#?secret=gRUD5vzWSU#?secret=79OAsygA0a\" data-secret=\"79OAsygA0a\" width=\"600\" height=\"338\" frameborder=\"0\" marginwidth=\"0\" marginheight=\"0\" scrolling=\"no\"><\/iframe>\n<\/div><\/figure>\n\n\n\n<p><a href=\"https:\/\/zadarski.slobodnadalmacija.hr\/zadar\/4-kantuna\/budimir-loncar-slavi-100-rodendan-u-svjetskoj-diplomaciji-proveo-je-75-godina-ovo-je-prica-o-njegovom-fascinantnom-zivotu-1377216\">https:\/\/zadarski.slobodnadalmacija.hr\/zadar\/4-kantuna\/budimir-loncar-slavi-100-rodendan-u-svjetskoj-diplomaciji-proveo-je-75-godina-ovo-je-prica-o-njegovom-fascinantnom-zivotu-1377216<\/a><\/p>\n\n\n\n<p><a href=\"https:\/\/www.index.hr\/vijesti\/clanak\/od-partizana-preko-obavjestajca-do-diplomata-budimir-loncar-danas-slavi-100-godina\/2552605.aspx\">https:\/\/www.index.hr\/vijesti\/clanak\/od-partizana-preko-obavjestajca-do-diplomata-budimir-loncar-danas-slavi-100-godina\/2552605.aspx<\/a><\/p>\n\n\n\n<p><a href=\"https:\/\/www.dnevno.hr\/vijesti\/posljednji-ministar-vanjskih-poslova-jugoslavije-napunio-100-godina-povjesnicar-objavio-fotku-2375023\/\">https:\/\/www.dnevno.hr\/vijesti\/posljednji-ministar-vanjskih-poslova-jugoslavije-napunio-100-godina-povjesnicar-objavio-fotku-2375023\/<\/a><\/p>\n\n\n\n<figure class=\"wp-block-embed-wordpress wp-block-embed is-type-wp-embed is-provider-narod-hr\"><div class=\"wp-block-embed__wrapper\">\n<blockquote class=\"wp-embedded-content\" data-secret=\"JflsG63mGD\"><a href=\"https:\/\/narod.hr\/hrvatska\/budimir-loncar-postao-stogodisnjak-koje-su-njegove-zasluge-u-hrvatskoj-povijesti\">Budimir Lon\u010dar postao stogodi\u0161njak: Koje su njegove &#8216;zasluge&#8217; u hrvatskoj povijesti?<\/a><\/blockquote><iframe loading=\"lazy\" class=\"wp-embedded-content\" sandbox=\"allow-scripts\" security=\"restricted\" style=\"position: absolute; clip: rect(1px, 1px, 1px, 1px);\" title=\"&#8220;Budimir Lon\u010dar postao stogodi\u0161njak: Koje su njegove &#8216;zasluge&#8217; u hrvatskoj povijesti?&#8221; &#8212; narod.hr\" src=\"https:\/\/narod.hr\/hrvatska\/budimir-loncar-postao-stogodisnjak-koje-su-njegove-zasluge-u-hrvatskoj-povijesti\/embed#?secret=1Y8c2j8GoJ#?secret=JflsG63mGD\" data-secret=\"JflsG63mGD\" width=\"600\" height=\"338\" frameborder=\"0\" marginwidth=\"0\" marginheight=\"0\" scrolling=\"no\"><\/iframe>\n<\/div><\/figure>\n\n\n\n<figure class=\"wp-block-embed-wordpress wp-block-embed is-type-wp-embed is-provider-braniteljski-portal\"><div class=\"wp-block-embed__wrapper\">\n<blockquote class=\"wp-embedded-content\" data-secret=\"Wky0WVnibZ\"><a href=\"https:\/\/www.braniteljski-portal.hr\/nacelnik-zloglasne-ozne-dozivio-stoti-rodendan\/\">Na\u010delnik zloglasne Ozne do\u017eivio stoti ro\u0111endan<\/a><\/blockquote><iframe loading=\"lazy\" class=\"wp-embedded-content\" sandbox=\"allow-scripts\" security=\"restricted\" style=\"position: absolute; clip: rect(1px, 1px, 1px, 1px);\" title=\"&#8220;Na\u010delnik zloglasne Ozne do\u017eivio stoti ro\u0111endan&#8221; &#8212; Braniteljski portal\" src=\"https:\/\/www.braniteljski-portal.hr\/nacelnik-zloglasne-ozne-dozivio-stoti-rodendan\/embed\/#?secret=LkEP0D5tal#?secret=Wky0WVnibZ\" data-secret=\"Wky0WVnibZ\" width=\"600\" height=\"338\" frameborder=\"0\" marginwidth=\"0\" marginheight=\"0\" scrolling=\"no\"><\/iframe>\n<\/div><\/figure>\n\n\n\n<p><a href=\"https:\/\/www.maxportal.hr\/premium-sadrzaj\/budimir-loncar-danas-slavi-100-rodendan-hrvate-i-srbe-jednako-je-krivio-za-rat\/\">https:\/\/www.maxportal.hr\/premium-sadrzaj\/budimir-loncar-danas-slavi-100-rodendan-hrvate-i-srbe-jednako-je-krivio-za-rat\/<\/a><\/p>\n\n\n\n<figure class=\"wp-block-embed-wordpress wp-block-embed is-type-wp-embed is-provider-crodex-net\"><div class=\"wp-block-embed__wrapper\">\n<blockquote class=\"wp-embedded-content\" data-secret=\"gMlU5xsuHH\"><a href=\"https:\/\/crodex.net\/budimir-loncar-postao-stogodisnjak-pojedini-mediji-odusevljeno-su-prenijeli-tu-vijest-no-nisu-spomenuli-da-je-rijec-o-osobi-koja-je-sabotirala-obranu-rh-u-domovinskom-ratu\/\">Budimir Lon\u010dar postao stogodi\u0161njak: Pojedini mediji odu\u0161evljeno su prenijeli tu  vijest, no nisu spomenuli da je rije\u010d\u00a0o osobi koja je sabotirala obranu RH u Domovinskom ratu<\/a><\/blockquote><iframe loading=\"lazy\" class=\"wp-embedded-content\" sandbox=\"allow-scripts\" security=\"restricted\" style=\"position: absolute; clip: rect(1px, 1px, 1px, 1px);\" title=\"&#8220;Budimir Lon\u010dar postao stogodi\u0161njak: Pojedini mediji odu\u0161evljeno su prenijeli tu  vijest, no nisu spomenuli da je rije\u010d\u00a0o osobi koja je sabotirala obranu RH u Domovinskom ratu&#8221; &#8212; CRODEX.NET\" src=\"https:\/\/crodex.net\/budimir-loncar-postao-stogodisnjak-pojedini-mediji-odusevljeno-su-prenijeli-tu-vijest-no-nisu-spomenuli-da-je-rijec-o-osobi-koja-je-sabotirala-obranu-rh-u-domovinskom-ratu\/embed\/#?secret=ZD8UPmIGDk#?secret=gMlU5xsuHH\" data-secret=\"gMlU5xsuHH\" width=\"600\" height=\"338\" frameborder=\"0\" marginwidth=\"0\" marginheight=\"0\" scrolling=\"no\"><\/iframe>\n<\/div><\/figure>\n\n\n\n<hr class=\"wp-block-separator\"\/>\n\n\n\n<p>Tvrtko Jakovina<\/p>\n\n\n\n<p><a href=\"https:\/\/www.telegram.hr\/velike-price\/budimir-loncar-danas-slavi-stoti-rodendan-njegov-biograf-donosi-dosad-nepoznate-detalje-iz-epskog-zivota-naseg-najveceg-diplomata\/\">https:\/\/www.telegram.hr\/velike-price\/budimir-loncar-danas-slavi-stoti-rodendan-njegov-biograf-donosi-dosad-nepoznate-detalje-iz-epskog-zivota-naseg-najveceg-diplomata\/<\/a><\/p>\n\n\n\n<hr class=\"wp-block-separator\"\/>\n\n\n\n<p>Tvrtko Jakovina<\/p>\n\n\n\n<p><em><strong>Budimir Lon\u010dar. Od Preka do vrha svijeta<\/strong><\/em><\/p>\n\n\n\n<p><a href=\"https:\/\/fraktura.hr\/budimir-loncar.html\">https:\/\/fraktura.hr\/budimir-loncar.html<\/a><\/p>\n\n\n\n<hr class=\"wp-block-separator\"\/>\n\n\n\n<p>Recenzije knjige (abecedno):<\/p>\n\n\n\n<hr class=\"wp-block-separator\"\/>\n\n\n\n<p>Marino Badurina<\/p>\n\n\n\n<p><a href=\"https:\/\/www.historiamoderna.umhis.ba\/index.php\/ojs\/article\/view\/36\">https:\/\/www.historiamoderna.umhis.ba\/index.php\/ojs\/article\/view\/36<\/a><\/p>\n\n\n\n<hr class=\"wp-block-separator\"\/>\n\n\n\n<p>Mirjana Kasapovi\u0107<\/p>\n\n\n\n<p><a href=\"https:\/\/hrcak.srce.hr\/clanak\/444562\">https:\/\/hrcak.srce.hr\/clanak\/444562<\/a><\/p>\n\n\n\n<hr class=\"wp-block-separator\"\/>\n\n\n\n<p>Leona Kne\u017eevi\u0107<\/p>\n\n\n\n<p><a href=\"https:\/\/hrcak.srce.hr\/clanak\/359983\">https:\/\/hrcak.srce.hr\/clanak\/359983<\/a><\/p>\n\n\n\n<hr class=\"wp-block-separator\"\/>\n\n\n\n<p>Vladimir Petrovi\u0107<\/p>\n\n\n\n<p><a href=\"https:\/\/www.cambridge.org\/core\/journals\/slavic-review\/article\/abs\/budimir-loncar-od-preka-do-vrha-svijeta-by-tvrtko-jakovina-zapresic-croatia-fraktura-2020-2nd-ed-774-pp-notes-bibliography-index-photographs-299-hrk-hard-bound\/0E11B04104B6DB458370D3FEEA8F718B\">https:\/\/www.cambridge.org\/core\/journals\/slavic-review\/article\/abs\/budimir-loncar-od-preka-do-vrha-svijeta-by-tvrtko-jakovina-zapresic-croatia-fraktura-2020-2nd-ed-774-pp-notes-bibliography-index-photographs-299-hrk-hard-bound\/0E11B04104B6DB458370D3FEEA8F718B<\/a><\/p>\n\n\n\n<hr class=\"wp-block-separator\"\/>\n\n\n\n<p>D\u017eenita Sara\u010d-Rujanac<\/p>\n\n\n\n<p><a href=\"https:\/\/prilozi.iis.unsa.ba\/prilozi-br-50-2021\/#1642185055170-ffe44d33-3422\">https:\/\/prilozi.iis.unsa.ba\/prilozi-br-50-2021\/#1642185055170-ffe44d33-3422<\/a><\/p>\n\n\n\n<hr class=\"wp-block-separator\"\/>\n\n\n\n<p>Mirko Savkovi\u0107<\/p>\n\n\n\n<p><a href=\"https:\/\/www.tandfonline.com\/doi\/full\/10.1080\/25739638.2021.1929173\">https:\/\/www.tandfonline.com\/doi\/full\/10.1080\/25739638.2021.1929173<\/a><\/p>\n\n\n\n<hr class=\"wp-block-separator\"\/>\n","protected":false},"excerpt":{"rendered":"","protected":false},"author":2,"featured_media":22621,"comment_status":"open","ping_status":"open","sticky":false,"template":"","format":"standard","meta":{"_acf_changed":false,"jetpack_post_was_ever_published":false,"_jetpack_newsletter_access":"","_jetpack_dont_email_post_to_subs":false,"_jetpack_newsletter_tier_id":0,"_jetpack_memberships_contains_paywalled_content":false,"_jetpack_memberships_contains_paid_content":false,"footnotes":"","jetpack_publicize_message":"","jetpack_publicize_feature_enabled":true,"jetpack_social_post_already_shared":true,"jetpack_social_options":{"image_generator_settings":{"template":"highway","default_image_id":0,"font":"","enabled":false},"version":2}},"categories":[3,17],"tags":[],"class_list":["post-40336","post","type-post","status-publish","format-standard","has-post-thumbnail","hentry","category-novosti","category-rasprave"],"acf":{"facebook_opis":""},"jetpack_publicize_connections":[],"jetpack_featured_media_url":"https:\/\/i0.wp.com\/historiografija.hr\/wp-content\/uploads\/2020\/09\/budimir_loncar.jpg?fit=403%2C610&ssl=1","jetpack_sharing_enabled":true,"jetpack-related-posts":[],"_links":{"self":[{"href":"https:\/\/historiografija.hr\/index.php?rest_route=\/wp\/v2\/posts\/40336","targetHints":{"allow":["GET"]}}],"collection":[{"href":"https:\/\/historiografija.hr\/index.php?rest_route=\/wp\/v2\/posts"}],"about":[{"href":"https:\/\/historiografija.hr\/index.php?rest_route=\/wp\/v2\/types\/post"}],"author":[{"embeddable":true,"href":"https:\/\/historiografija.hr\/index.php?rest_route=\/wp\/v2\/users\/2"}],"replies":[{"embeddable":true,"href":"https:\/\/historiografija.hr\/index.php?rest_route=%2Fwp%2Fv2%2Fcomments&post=40336"}],"version-history":[{"count":8,"href":"https:\/\/historiografija.hr\/index.php?rest_route=\/wp\/v2\/posts\/40336\/revisions"}],"predecessor-version":[{"id":40360,"href":"https:\/\/historiografija.hr\/index.php?rest_route=\/wp\/v2\/posts\/40336\/revisions\/40360"}],"wp:featuredmedia":[{"embeddable":true,"href":"https:\/\/historiografija.hr\/index.php?rest_route=\/wp\/v2\/media\/22621"}],"wp:attachment":[{"href":"https:\/\/historiografija.hr\/index.php?rest_route=%2Fwp%2Fv2%2Fmedia&parent=40336"}],"wp:term":[{"taxonomy":"category","embeddable":true,"href":"https:\/\/historiografija.hr\/index.php?rest_route=%2Fwp%2Fv2%2Fcategories&post=40336"},{"taxonomy":"post_tag","embeddable":true,"href":"https:\/\/historiografija.hr\/index.php?rest_route=%2Fwp%2Fv2%2Ftags&post=40336"}],"curies":[{"name":"wp","href":"https:\/\/api.w.org\/{rel}","templated":true}]}}