{"id":40318,"date":"2024-04-04T21:56:35","date_gmt":"2024-04-04T21:56:35","guid":{"rendered":"http:\/\/historiografija.hr\/?p=40318"},"modified":"2024-04-04T21:57:09","modified_gmt":"2024-04-04T21:57:09","slug":"studentski-skup-casopisa-pro-tempore-intelektualna-povijest-2","status":"publish","type":"post","link":"https:\/\/historiografija.hr\/?p=40318","title":{"rendered":"Studentski skup \u010dasopisa \u201ePro tempore\u201c: Intelektualna povijest"},"content":{"rendered":"\n<p>Uredni\u0161tvo 19. broja \u010dasopisa\u00a0<em>Pro tempore<\/em>\u00a0poziva na studentski znanstveni skup\u00a0<em>Intelektualna povijest<\/em>\u00a0koji \u0107e se odr\u017eati 8. travnja 2024. u Vije\u0107nici Filozofskog fakulteta Sveu\u010dili\u0161ta u Zagrebu s po\u010detkom u 10 sati. Tema skupa ujedno je i tema ovogodi\u0161njeg broja \u010dasopisa, a izlaganja su posve\u0107ena temama s podru\u010dja\u00a0povijesti\u00a0intelektualaca te\u00a0povijesti\u00a0ideja.<\/p>\n\n\n\n<hr class=\"wp-block-separator\"\/>\n\n\n\n<p><strong>Program skupa:<\/strong><\/p>\n\n\n\n<p><strong>10:00 Otvaranje skupa<\/strong><\/p>\n\n\n\n<p>Uvodna rije\u010d i pozdrav Tijane Vokal, glavne urednice 19. broja \u010dasopisa <em>Pro tempore<\/em><\/p>\n\n\n\n<p>Skup otvara prof. dr. sc. Zrinka Nikoli\u0107 Jakus, pro\u010delnica Odsjeka za povijest<\/p>\n\n\n\n<p><strong>10:20 Ruben Prstec<\/strong>, Prilog historijskoj analizi protohermeneutike Matije Vla\u010di\u0107 Ilirika<\/p>\n\n\n\n<p><strong>10:40 Ivan Podnar<\/strong>, Umjetnost u slu\u017ebi ideje \u2013 utjecaj Tridentskog koncila na umjetnost u doba baroka<\/p>\n\n\n\n<p><strong>11:00 Matija Pudi\u0107<\/strong>, Vjerska politika Akbara Velikog: <em>sulh-i-kul<\/em> i <em>Din-i-ilahi<\/em><\/p>\n\n\n\n<p><strong>11:20 Marko Zidari\u0107<\/strong>, Proustova teorija hermafroditizma<\/p>\n\n\n\n<p><strong>11:40 Ivan \u0160anjug<\/strong>, Intelektualna povijest sporova o herbartizmu i Sveu\u010dili\u0161te u Zagrebu<\/p>\n\n\n\n<p><strong>12:00 Diskusija<\/strong>&nbsp;(moderator: Adrian Fil\u010di\u0107)<\/p>\n\n\n\n<p><strong>12:30 Pauza<\/strong>&nbsp;(do 14:00)<\/p>\n\n\n\n<p><strong>14:00 Marko Peri\u0161i\u0107<\/strong>, Izvori popularnosti NOP-a u Dalmaciji<\/p>\n\n\n\n<p><strong>14:20 Lucija Mihalek<\/strong>, Naoru\u017eani narod kao sistem dru\u0161tvene organizacije obrane \u2013 marksizam, lenjinizam, titoizam<\/p>\n\n\n\n<p><strong>14:40 Sanja Gudelj<\/strong>, Nikica Slavi\u0107:<em> idealist u raljama ideologije<\/em><\/p>\n\n\n\n<p><strong>15:00 Ivan \u0106ori\u0107<\/strong>, Nestrana\u010dki pluralizam u raspravama o politi\u010dkoj tranziciji u Hrvatskoj krajem 1980-ih<\/p>\n\n\n\n<p><strong>15:20 Adrijan \u0160tivi\u0107<\/strong>, Knji\u017eevnost kao komunikacija \u2013 susreti dviju paradigmi<\/p>\n\n\n\n<p><strong>15:40 Filip Ba\u010durin<\/strong>, Metamodernizam<\/p>\n\n\n\n<p><strong>16:00 Zavr\u0161na rasprava i zatvaranje skupa<\/strong>\u00a0(moderatorica: Ivana \u0110ordi\u0107)<\/p>\n\n\n\n<hr class=\"wp-block-separator\"\/>\n\n\n\n<p>Knji\u017eica sa\u017eetaka:&nbsp;<\/p>\n\n\n\n<p><a href=\"https:\/\/protempore.ffzg.unizg.hr\/wp-content\/uploads\/2024\/03\/Intelektualna-povijest-2024.pdf\">https:\/\/protempore.ffzg.unizg.hr\/wp-content\/uploads\/2024\/03\/Intelektualna-povijest-2024.pdf<\/a><\/p>\n\n\n\n<hr class=\"wp-block-separator\"\/>\n","protected":false},"excerpt":{"rendered":"","protected":false},"author":2,"featured_media":40319,"comment_status":"open","ping_status":"open","sticky":false,"template":"","format":"standard","meta":{"_acf_changed":false,"jetpack_post_was_ever_published":false,"_jetpack_newsletter_access":"","_jetpack_dont_email_post_to_subs":false,"_jetpack_newsletter_tier_id":0,"_jetpack_memberships_contains_paywalled_content":false,"_jetpack_memberships_contains_paid_content":false,"footnotes":"","jetpack_publicize_message":"","jetpack_publicize_feature_enabled":true,"jetpack_social_post_already_shared":true,"jetpack_social_options":{"image_generator_settings":{"template":"highway","default_image_id":0,"font":"","enabled":false},"version":2}},"categories":[3,9],"tags":[],"class_list":["post-40318","post","type-post","status-publish","format-standard","has-post-thumbnail","hentry","category-novosti","category-skupovi"],"acf":{"facebook_opis":""},"jetpack_publicize_connections":[],"jetpack_featured_media_url":"https:\/\/i0.wp.com\/historiografija.hr\/wp-content\/uploads\/2024\/04\/Intelektualna_povijest.jpg?fit=530%2C733&ssl=1","jetpack_sharing_enabled":true,"jetpack-related-posts":[],"_links":{"self":[{"href":"https:\/\/historiografija.hr\/index.php?rest_route=\/wp\/v2\/posts\/40318","targetHints":{"allow":["GET"]}}],"collection":[{"href":"https:\/\/historiografija.hr\/index.php?rest_route=\/wp\/v2\/posts"}],"about":[{"href":"https:\/\/historiografija.hr\/index.php?rest_route=\/wp\/v2\/types\/post"}],"author":[{"embeddable":true,"href":"https:\/\/historiografija.hr\/index.php?rest_route=\/wp\/v2\/users\/2"}],"replies":[{"embeddable":true,"href":"https:\/\/historiografija.hr\/index.php?rest_route=%2Fwp%2Fv2%2Fcomments&post=40318"}],"version-history":[{"count":2,"href":"https:\/\/historiografija.hr\/index.php?rest_route=\/wp\/v2\/posts\/40318\/revisions"}],"predecessor-version":[{"id":40321,"href":"https:\/\/historiografija.hr\/index.php?rest_route=\/wp\/v2\/posts\/40318\/revisions\/40321"}],"wp:featuredmedia":[{"embeddable":true,"href":"https:\/\/historiografija.hr\/index.php?rest_route=\/wp\/v2\/media\/40319"}],"wp:attachment":[{"href":"https:\/\/historiografija.hr\/index.php?rest_route=%2Fwp%2Fv2%2Fmedia&parent=40318"}],"wp:term":[{"taxonomy":"category","embeddable":true,"href":"https:\/\/historiografija.hr\/index.php?rest_route=%2Fwp%2Fv2%2Fcategories&post=40318"},{"taxonomy":"post_tag","embeddable":true,"href":"https:\/\/historiografija.hr\/index.php?rest_route=%2Fwp%2Fv2%2Ftags&post=40318"}],"curies":[{"name":"wp","href":"https:\/\/api.w.org\/{rel}","templated":true}]}}