{"id":40310,"date":"2024-04-04T21:44:31","date_gmt":"2024-04-04T21:44:31","guid":{"rendered":"http:\/\/historiografija.hr\/?p=40310"},"modified":"2024-04-04T21:47:47","modified_gmt":"2024-04-04T21:47:47","slug":"darko-polsek-bruno-sagi-adrijan-stivic-ur-liberalizam-teorija-i-povijest-jedne-ideje-zagreb-ff-press-2024","status":"publish","type":"post","link":"https:\/\/historiografija.hr\/?p=40310","title":{"rendered":"Darko Pol\u0161ek, Bruno \u0160agi, Adrijan \u0160tivi\u0107 (ur.), \u201eLiberalizam: Teorija i povijest jedne ideje\u201c (Zagreb: FF Press, 2024)"},"content":{"rendered":"\n<p>Krajem o\u017eujka ove godine objavljena je knjiga &#8220;Liberalizam: teorija i povijest jedne ideje&#8221;. Rije\u010d je o multidisciplinarnom zborniku koji se bavi odabranim problemima intelektualne povijesti liberalizma, a nastao je temeljem znanstvenog kolokvija, posve\u0107enog 300. obljetnici ro\u0111enja Adama Smitha, koji se odr\u017eao na Kliofestu 2023. godine.<\/p>\n\n\n\n<p>Urednici zbornika su studenti diplomskog studija moderne i suvremene povijesti Adrijan \u0160tivi\u0107 i Bruno \u0160agi, kao i profesor na Odsjeku za etnologiju i kulturnu antropologiju FFZG Darko Pol\u0161ek. Zbornik je izdan u okviru Centra za komparativnohistorijske i interkulturne studije FFZG, a tisak je financijski poduprla zaklada Friedrich-Naumann-Stiftung f\u00fcr die Freiheit.<\/p>\n\n\n\n<hr class=\"wp-block-separator\"\/>\n\n\n\n<p><em>Ideologija liberalizma dijete je razdoblja prosvjetiteljstva i industrijske revolucije, dru\u0161tvenog i znanstvenog optimizma protomoderne i moderne. Predstavljala je dio procesa afirmacije gra\u0111anskih dru\u0161tava u Europi i Sjevernoj Americi, napu\u0161tanja predmodernih dru\u0161tvenih, pravnih i gospodarskih okvira, obilje\u017eenih do tada nejednako\u0161\u0107u ljudi prema ro\u0111enju, podrijetlu i stale\u017eu.<\/em>&nbsp;\u2013 Borislav Grgin<\/p>\n\n\n\n<p><em>Klasi\u010dni liberalizam, sa\u017eet pod shva\u0107anjem primata individualne slobode, pojam je iz kojega se ideja dalje transformira pod utjecajima \u0161kola ili razli\u010ditih nacionalnih okru\u017eenja, primjerice u konzervativni, nacionalni ili socijalni liberalizam; jo\u0161 je uvijek u upotrebi, iako je pitanje \u0161to danas predstavlja, odnosno \u0161to (jo\u0161) mo\u017ee predstavljati?(&#8230;) Sadr\u017eaj ovog zbornika potvr\u0111uje i poti\u010de daljnja istra\u017eivanja. U sedam esejskih priloga razli\u010dite duljine i analiti\u010dke usmjerenosti problematiziraju se razli\u010diti aspekti intelektualne povijesti liberalizma.<\/em>\u00a0\u2013 Filip \u0160imetin \u0160egvi\u0107<\/p>\n\n\n\n<hr class=\"wp-block-separator\"\/>\n\n\n\n<p>Zbornik sadr\u017ei predgovor voditelja CKHIS-a Filipa \u0160imetina \u0160egvi\u0107a te 7 \u010dlanaka autora iz \u0161irokog spektra dru\u0161tveno-humanisti\u010dkog podru\u010dja:<\/p>\n\n\n\n<hr class=\"wp-block-separator\"\/>\n\n\n\n<p>FIlip \u0160imetin \u0160egvi\u0107 (Filozofski fakultet Sveu\u010dili\u0161ta u Zagrebu)<\/p>\n\n\n\n<p>Uvod: liberalizam u historijskim perspektivama<\/p>\n\n\n\n<hr class=\"wp-block-separator\"\/>\n\n\n\n<p>Borislav Grgin (Filozofski fakultet Sveu\u010dili\u0161ta u Zagrebu)<\/p>\n\n\n\n<p>Liberalizam prije liberalizma? Srednjovjekovni i ranonovovjekovni navje\u0161taji<\/p>\n\n\n\n<hr class=\"wp-block-separator\"\/>\n\n\n\n<p>Daniel Hin\u0161t (Centar za javne politike i ekonomske analize)<\/p>\n\n\n\n<p>Adam Smith &#8211; 300 godina Oca kapitalizma<\/p>\n\n\n\n<hr class=\"wp-block-separator\"\/>\n\n\n\n<p>Predrag Bejakovi\u0107 (nezavisni ekonomski analiti\u010dar)<\/p>\n\n\n\n<p>Va\u017enost Adama Smitha u razvoju na\u010dela oporezivanja<\/p>\n\n\n\n<hr class=\"wp-block-separator\"\/>\n\n\n\n<p>Neven Petrovi\u0107 (Filozofski fakultet u Rijeci)<\/p>\n\n\n\n<p>Ni\u010deansko-egzistencijalisti\u010dki argument za vlasni\u0161tvo nad sobom<\/p>\n\n\n\n<hr class=\"wp-block-separator\"\/>\n\n\n\n<p>Adrijan \u0160tivi\u0107 (Filozofski fakultet Sveu\u010dili\u0161ta u Zagrebu)<\/p>\n\n\n\n<p>Liberalizam u doba ekstrema: komparativnohistorijska analiza teorijskih uvida Ludwiga von Misesa i Edwarda H. Carra<\/p>\n\n\n\n<hr class=\"wp-block-separator\"\/>\n\n\n\n<p>Bruno \u0160agi&nbsp;(Filozofski fakultet Sveu\u010dili\u0161ta u Zagrebu)<\/p>\n\n\n\n<p>H(P\/R)SS i Venstre: Hrvatska politika po danskom uzoru?<\/p>\n\n\n\n<hr class=\"wp-block-separator\"\/>\n\n\n\n<p>Darko Pol\u0161ek&nbsp;(Filozofski fakultet Sveu\u010dili\u0161ta u Zagrebu)<\/p>\n\n\n\n<p>Libertarijanizam i rat<\/p>\n\n\n\n<hr class=\"wp-block-separator\"\/>\n\n\n\n<figure class=\"wp-block-image size-large is-resized\"><img data-recalc-dims=\"1\" loading=\"lazy\" decoding=\"async\" data-attachment-id=\"40311\" data-permalink=\"https:\/\/historiografija.hr\/?attachment_id=40311\" data-orig-file=\"https:\/\/i0.wp.com\/historiografija.hr\/wp-content\/uploads\/2024\/04\/Cover-front.png?fit=1414%2C2000&amp;ssl=1\" data-orig-size=\"1414,2000\" data-comments-opened=\"1\" data-image-meta=\"{&quot;aperture&quot;:&quot;0&quot;,&quot;credit&quot;:&quot;&quot;,&quot;camera&quot;:&quot;&quot;,&quot;caption&quot;:&quot;&quot;,&quot;created_timestamp&quot;:&quot;0&quot;,&quot;copyright&quot;:&quot;&quot;,&quot;focal_length&quot;:&quot;0&quot;,&quot;iso&quot;:&quot;0&quot;,&quot;shutter_speed&quot;:&quot;0&quot;,&quot;title&quot;:&quot;&quot;,&quot;orientation&quot;:&quot;0&quot;}\" data-image-title=\"Cover front\" data-image-description=\"\" data-image-caption=\"\" data-large-file=\"https:\/\/i0.wp.com\/historiografija.hr\/wp-content\/uploads\/2024\/04\/Cover-front.png?fit=724%2C1024&amp;ssl=1\" src=\"https:\/\/i0.wp.com\/historiografija.hr\/wp-content\/uploads\/2024\/04\/Cover-front.png?resize=365%2C515&#038;ssl=1\" alt=\"\" class=\"wp-image-40311\" width=\"365\" height=\"515\" srcset=\"https:\/\/i0.wp.com\/historiografija.hr\/wp-content\/uploads\/2024\/04\/Cover-front.png?resize=724%2C1024&amp;ssl=1 724w, https:\/\/i0.wp.com\/historiografija.hr\/wp-content\/uploads\/2024\/04\/Cover-front.png?resize=212%2C300&amp;ssl=1 212w, https:\/\/i0.wp.com\/historiografija.hr\/wp-content\/uploads\/2024\/04\/Cover-front.png?resize=768%2C1086&amp;ssl=1 768w, https:\/\/i0.wp.com\/historiografija.hr\/wp-content\/uploads\/2024\/04\/Cover-front.png?resize=1086%2C1536&amp;ssl=1 1086w, https:\/\/i0.wp.com\/historiografija.hr\/wp-content\/uploads\/2024\/04\/Cover-front.png?w=1414&amp;ssl=1 1414w\" sizes=\"auto, (max-width: 365px) 100vw, 365px\" \/><\/figure>\n\n\n\n<hr class=\"wp-block-separator\"\/>\n\n\n\n<figure class=\"wp-block-image size-large is-resized\"><img data-recalc-dims=\"1\" loading=\"lazy\" decoding=\"async\" data-attachment-id=\"40313\" data-permalink=\"https:\/\/historiografija.hr\/?attachment_id=40313\" data-orig-file=\"https:\/\/i0.wp.com\/historiografija.hr\/wp-content\/uploads\/2024\/04\/Uredni%C4%8Dki-trio.jpg?fit=2048%2C1536&amp;ssl=1\" data-orig-size=\"2048,1536\" data-comments-opened=\"1\" data-image-meta=\"{&quot;aperture&quot;:&quot;0&quot;,&quot;credit&quot;:&quot;&quot;,&quot;camera&quot;:&quot;&quot;,&quot;caption&quot;:&quot;&quot;,&quot;created_timestamp&quot;:&quot;0&quot;,&quot;copyright&quot;:&quot;&quot;,&quot;focal_length&quot;:&quot;0&quot;,&quot;iso&quot;:&quot;0&quot;,&quot;shutter_speed&quot;:&quot;0&quot;,&quot;title&quot;:&quot;&quot;,&quot;orientation&quot;:&quot;0&quot;}\" data-image-title=\"Uredni\u010dki-trio\" data-image-description=\"\" data-image-caption=\"\" data-large-file=\"https:\/\/i0.wp.com\/historiografija.hr\/wp-content\/uploads\/2024\/04\/Uredni%C4%8Dki-trio.jpg?fit=860%2C645&amp;ssl=1\" src=\"https:\/\/i0.wp.com\/historiografija.hr\/wp-content\/uploads\/2024\/04\/Uredni%C4%8Dki-trio.jpg?resize=496%2C372&#038;ssl=1\" alt=\"\" class=\"wp-image-40313\" width=\"496\" height=\"372\" srcset=\"https:\/\/i0.wp.com\/historiografija.hr\/wp-content\/uploads\/2024\/04\/Uredni%C4%8Dki-trio.jpg?resize=1024%2C768&amp;ssl=1 1024w, https:\/\/i0.wp.com\/historiografija.hr\/wp-content\/uploads\/2024\/04\/Uredni%C4%8Dki-trio.jpg?resize=300%2C225&amp;ssl=1 300w, https:\/\/i0.wp.com\/historiografija.hr\/wp-content\/uploads\/2024\/04\/Uredni%C4%8Dki-trio.jpg?resize=768%2C576&amp;ssl=1 768w, https:\/\/i0.wp.com\/historiografija.hr\/wp-content\/uploads\/2024\/04\/Uredni%C4%8Dki-trio.jpg?resize=1536%2C1152&amp;ssl=1 1536w, https:\/\/i0.wp.com\/historiografija.hr\/wp-content\/uploads\/2024\/04\/Uredni%C4%8Dki-trio.jpg?w=2048&amp;ssl=1 2048w, https:\/\/i0.wp.com\/historiografija.hr\/wp-content\/uploads\/2024\/04\/Uredni%C4%8Dki-trio.jpg?w=1720&amp;ssl=1 1720w\" sizes=\"auto, (max-width: 496px) 100vw, 496px\" \/><\/figure>\n\n\n\n<hr class=\"wp-block-separator\"\/>\n","protected":false},"excerpt":{"rendered":"","protected":false},"author":2,"featured_media":40311,"comment_status":"open","ping_status":"open","sticky":false,"template":"","format":"standard","meta":{"_acf_changed":false,"jetpack_post_was_ever_published":false,"_jetpack_newsletter_access":"","_jetpack_dont_email_post_to_subs":false,"_jetpack_newsletter_tier_id":0,"_jetpack_memberships_contains_paywalled_content":false,"_jetpack_memberships_contains_paid_content":false,"footnotes":"","jetpack_publicize_message":"","jetpack_publicize_feature_enabled":true,"jetpack_social_post_already_shared":true,"jetpack_social_options":{"image_generator_settings":{"template":"highway","default_image_id":0,"font":"","enabled":false},"version":2}},"categories":[8,3],"tags":[],"class_list":["post-40310","post","type-post","status-publish","format-standard","has-post-thumbnail","hentry","category-knjige","category-novosti"],"acf":{"facebook_opis":""},"jetpack_publicize_connections":[],"jetpack_featured_media_url":"https:\/\/i0.wp.com\/historiografija.hr\/wp-content\/uploads\/2024\/04\/Cover-front.png?fit=1414%2C2000&ssl=1","jetpack_sharing_enabled":true,"jetpack-related-posts":[],"_links":{"self":[{"href":"https:\/\/historiografija.hr\/index.php?rest_route=\/wp\/v2\/posts\/40310","targetHints":{"allow":["GET"]}}],"collection":[{"href":"https:\/\/historiografija.hr\/index.php?rest_route=\/wp\/v2\/posts"}],"about":[{"href":"https:\/\/historiografija.hr\/index.php?rest_route=\/wp\/v2\/types\/post"}],"author":[{"embeddable":true,"href":"https:\/\/historiografija.hr\/index.php?rest_route=\/wp\/v2\/users\/2"}],"replies":[{"embeddable":true,"href":"https:\/\/historiografija.hr\/index.php?rest_route=%2Fwp%2Fv2%2Fcomments&post=40310"}],"version-history":[{"count":5,"href":"https:\/\/historiografija.hr\/index.php?rest_route=\/wp\/v2\/posts\/40310\/revisions"}],"predecessor-version":[{"id":40317,"href":"https:\/\/historiografija.hr\/index.php?rest_route=\/wp\/v2\/posts\/40310\/revisions\/40317"}],"wp:featuredmedia":[{"embeddable":true,"href":"https:\/\/historiografija.hr\/index.php?rest_route=\/wp\/v2\/media\/40311"}],"wp:attachment":[{"href":"https:\/\/historiografija.hr\/index.php?rest_route=%2Fwp%2Fv2%2Fmedia&parent=40310"}],"wp:term":[{"taxonomy":"category","embeddable":true,"href":"https:\/\/historiografija.hr\/index.php?rest_route=%2Fwp%2Fv2%2Fcategories&post=40310"},{"taxonomy":"post_tag","embeddable":true,"href":"https:\/\/historiografija.hr\/index.php?rest_route=%2Fwp%2Fv2%2Ftags&post=40310"}],"curies":[{"name":"wp","href":"https:\/\/api.w.org\/{rel}","templated":true}]}}