{"id":40304,"date":"2024-04-04T21:13:13","date_gmt":"2024-04-04T21:13:13","guid":{"rendered":"http:\/\/historiografija.hr\/?p=40304"},"modified":"2024-04-04T21:13:13","modified_gmt":"2024-04-04T21:13:13","slug":"preminuo-redatelj-filmova-povijesne-tematike-veljko-bulajic","status":"publish","type":"post","link":"https:\/\/historiografija.hr\/?p=40304","title":{"rendered":"Preminuo redatelj filmova povijesne tematike Veljko Bulaji\u0107"},"content":{"rendered":"\n<p>HAVC: U Zagrebu, u utorak, 2. travnja, u 97. godini, preminuo je nagra\u0111ivani redatelj i scenarist Veljko Bulaji\u0107. Hrvatsku i svjetsku kinematografiju zadu\u017eio je nekim od najve\u0107ih filmskih klasika, poput njegovog dugometra\u017enog igranog prvijenca prikazanog u konkurenciji Cannesa,&nbsp;<em>Vlak bez voznog reda<\/em> i ratnog spektakla&nbsp;<em>Bitka na Neretvi<\/em>, nominiranog za Oscara 1970. godine.&nbsp;<\/p>\n\n\n\n<p>(\u2026.)<\/p>\n\n\n\n<p><strong>Veljko Bulaji\u0107<\/strong> ro\u0111en je u mjestu Vilusi 22. o\u017eujka 1928. Tri godine kasnije, s obitelj seli iz Crne Gore u Sarajevo, gdje je zavr\u0161io srednju \u0161kolu. Za vrijeme Drugog svjetskog rata, borio se s partizanima, a u Zagreb je stigao dvije godine nakon \u0161to, kao 16-godi\u0161njak, biva ranjen u borbi na Orlovom Brdu.\u00a0<\/p>\n\n\n\n<p>(\u2026)<\/p>\n\n\n\n<p>Njegovi prvi autorski radovi su dokumentarni kratkometra\u017eni filmovi\u00a0<em>Kamen i more<\/em> i <em>Brod lutalica<\/em> (1953.), a njegov dugometra\u017eni igrani prvijenac <em>Vlak bez voznog reda<\/em> (1959.) prvi je film hrvatske i jugoslavenske kinematografije koji je uvr\u0161ten u glavnu konkurenciju Filmskog festivala u Cannesu. Tamo je osvojio i nagradu francuskih filmskih kriti\u010dara,\u00a0CIDALC za najbolji debitantski film. Djelo je nagra\u0111eno s dvije Zlatne arene i nagradama Slavica i Jelen u Puli te Nagradom grada Zagreba. Bulaji\u0107 je svoju vezu s Cannesom nastavio kao \u010dlan \u017eirija, a tu je ulogu obna\u0161ao \u010dak tri puta (1968., 1969. i 1980).\u00a0<\/p>\n\n\n\n<p>Nakon toga, re\u017eira film <em>Rat<\/em> (1960.)&nbsp;koji je pak prikazan u konkurenciji Venecije. Na venecijanski festival vra\u0107a se 1964. godine, s dugometra\u017enim dokumentarnim filmom <em>Skopje 63<\/em>, za kojeg osvaja nagradu za najbolji dokumentarni film festivala te nagradu UNESCO-a, Kalinga, za &#8220;vrhunsko ostvarenje na podru\u010dju umjetnosti i znanosti&#8221;.<\/p>\n\n\n\n<p>Veliki uspjeh posti\u017ee i sa spektaklom <em>Kozara<\/em> (1962.), kojom osvaja, osim nagrada na Pulskom festivalu, i Zlatnu medalju na festivalu u Moskvi.<em> Kozara<\/em> je premijeru imala u&nbsp;francuskom muzeju Louvre.&nbsp;<\/p>\n\n\n\n<p>Bulaji\u0107eva <em>Bitka na Neretvi <\/em>(1969.) bila je nominirana za nagradu Oscar Ameri\u010dke akademije filmskih umjetnosti i znanosti. Ova ratna epopeja okupila je cjelokupnu doma\u0107u gluma\u010dku kremu, ali i niz svjetski poznatih gluma\u010dkih zvijezda poput <strong>Orsona Wellesa, Yula Brynnera, Franca Nera,&nbsp;Hardyja Kr\u00fcgera<\/strong> i mnogih drugih. Film je imao spektakularnu premijeru u dvorani Skenderija u Sarajevu, a na Pulskom filmskom festivalu prikazan je izvan konkurencije. Plakat za film napravio je<strong> Pablo Picasso<\/strong>.&nbsp;<\/p>\n\n\n\n<p>Od<em> Vlaka bez voznog reda<\/em>, Bulaji\u0107 je snimio 14 filmova:<em> Rat, Uzavreli grad, Skopje 63, Bitka na Neretvi, Atentat u Sarajevu, \u010covjek koga treba ubiti, Pogled u zjenicu sunca, Kozara, Visoki napon, Veliki transport, Obe\u0107ana zemlja, Donator, Libertas<\/em> i <em>Mjesto sje\u0107anja<\/em>. Snimanje njegova posljednjeg (neobjavljenog) projekta, <em>Bijeg do mora<\/em>, zavr\u0161eno je u prolje\u0107e 2017. godine.&nbsp;Za televiziju je ostvario dokumentarnu seriju&nbsp;<em>Crna Gora<\/em>&nbsp;(1972.) te zapa\u017eene dokumentarne filmove&nbsp;<em>Titovi memoari&nbsp;<\/em>(1981.) i&nbsp;<em>Mjesto sje\u0107anja Vukovar&nbsp;<\/em>(2015.).&nbsp;<\/p>\n\n\n\n<p>(\u2026)<\/p>\n\n\n\n<hr class=\"wp-block-separator\"\/>\n\n\n\n<p>Izvor:<\/p>\n\n\n\n<p><a href=\"https:\/\/havc.hr\/infocentar\/novosti\/preminuo-velikan-domaceg-filma-veljko-bulajic\">https:\/\/havc.hr\/infocentar\/novosti\/preminuo-velikan-domaceg-filma-veljko-bulajic<\/a><\/p>\n\n\n\n<hr class=\"wp-block-separator\"\/>\n","protected":false},"excerpt":{"rendered":"","protected":false},"author":2,"featured_media":40305,"comment_status":"open","ping_status":"open","sticky":false,"template":"","format":"standard","meta":{"_acf_changed":false,"jetpack_post_was_ever_published":false,"_jetpack_newsletter_access":"","_jetpack_dont_email_post_to_subs":false,"_jetpack_newsletter_tier_id":0,"_jetpack_memberships_contains_paywalled_content":false,"_jetpack_memberships_contains_paid_content":false,"footnotes":"","jetpack_publicize_message":"","jetpack_publicize_feature_enabled":true,"jetpack_social_post_already_shared":true,"jetpack_social_options":{"image_generator_settings":{"template":"highway","default_image_id":0,"font":"","enabled":false},"version":2}},"categories":[13,3],"tags":[],"class_list":["post-40304","post","type-post","status-publish","format-standard","has-post-thumbnail","hentry","category-filmovi-i-serije","category-novosti"],"acf":{"facebook_opis":""},"jetpack_publicize_connections":[],"jetpack_featured_media_url":"https:\/\/i0.wp.com\/historiografija.hr\/wp-content\/uploads\/2024\/04\/Bulajic.jpg?fit=996%2C562&ssl=1","jetpack_sharing_enabled":true,"jetpack-related-posts":[],"_links":{"self":[{"href":"https:\/\/historiografija.hr\/index.php?rest_route=\/wp\/v2\/posts\/40304","targetHints":{"allow":["GET"]}}],"collection":[{"href":"https:\/\/historiografija.hr\/index.php?rest_route=\/wp\/v2\/posts"}],"about":[{"href":"https:\/\/historiografija.hr\/index.php?rest_route=\/wp\/v2\/types\/post"}],"author":[{"embeddable":true,"href":"https:\/\/historiografija.hr\/index.php?rest_route=\/wp\/v2\/users\/2"}],"replies":[{"embeddable":true,"href":"https:\/\/historiografija.hr\/index.php?rest_route=%2Fwp%2Fv2%2Fcomments&post=40304"}],"version-history":[{"count":1,"href":"https:\/\/historiografija.hr\/index.php?rest_route=\/wp\/v2\/posts\/40304\/revisions"}],"predecessor-version":[{"id":40306,"href":"https:\/\/historiografija.hr\/index.php?rest_route=\/wp\/v2\/posts\/40304\/revisions\/40306"}],"wp:featuredmedia":[{"embeddable":true,"href":"https:\/\/historiografija.hr\/index.php?rest_route=\/wp\/v2\/media\/40305"}],"wp:attachment":[{"href":"https:\/\/historiografija.hr\/index.php?rest_route=%2Fwp%2Fv2%2Fmedia&parent=40304"}],"wp:term":[{"taxonomy":"category","embeddable":true,"href":"https:\/\/historiografija.hr\/index.php?rest_route=%2Fwp%2Fv2%2Fcategories&post=40304"},{"taxonomy":"post_tag","embeddable":true,"href":"https:\/\/historiografija.hr\/index.php?rest_route=%2Fwp%2Fv2%2Ftags&post=40304"}],"curies":[{"name":"wp","href":"https:\/\/api.w.org\/{rel}","templated":true}]}}