{"id":40294,"date":"2024-04-03T22:22:12","date_gmt":"2024-04-03T22:22:12","guid":{"rendered":"http:\/\/historiografija.hr\/?p=40294"},"modified":"2024-04-03T22:22:12","modified_gmt":"2024-04-03T22:22:12","slug":"vuk-perisic-pojedinac-i-povijest-gradanin-daniel-ivin","status":"publish","type":"post","link":"https:\/\/historiografija.hr\/?p=40294","title":{"rendered":"Vuk Peri\u0161i\u0107, \u201ePojedinac i povijest. Gra\u0111anin Daniel Ivin\u201c"},"content":{"rendered":"\n<p>Tko je bio taj \u010dovjek i gra\u0111anin Daniel Ivin koji je neprestano tragao za vlastitim identitetom?<\/p>\n\n\n\n<p>Oku\u0161ao se kao vojnik, novinar, filmski radnik, komercijalist, student arhitekture, povjesni\u010dar, disident, emigrant, ljubavnik, obiteljski \u010dovjek, knji\u017eevnik, poduzetnik, politi\u010dki aktivist. Ponekad &#8220;obi\u010dan&#8221;, \u010de\u0161\u0107e neobi\u010dan gra\u0111anin. Vi\u0161e od svega bio je Don Quijote. Demokracija je bila njegova Dulcinea. Bio je, poput svakoga, i \u017ertva vlastitih zabluda \u2013 ali bez zabluda, kao nali\u010dja istine, nema spoznaje.<\/p>\n\n\n\n<p>Knjiga Vuka Peri\u0161i\u0107a <em>Pojedinac i povijest \u2013 Gra\u0111anin Daniel Ivin<\/em> prati \u017eivotni put naslovnog junaka, gotovo idealnoga gra\u0111anina, osobe koja je svjesna da se mora anga\u017eirati da bi se izborila za demokrati\u010dnost i demokraciju. Kroz \u017eivot \u010dovjeka koji je uvijek blizu sredi\u0161ta, a nikada u centru Vuk Peri\u0161i\u0107 ispisuje jedinstvenu, druga\u010diju, vrlo to\u010dnu, a jako osobnu povijest na\u0161ih prostora, na\u0161ih ideala i zabluda, moralnih pobjeda i ljudskih sunovrata.<\/p>\n\n\n\n<hr class=\"wp-block-separator\"\/>\n\n\n\n<p>Izvor:<\/p>\n\n\n\n<p><a href=\"https:\/\/fraktura.hr\/pojedinac-i-povijest.html\">https:\/\/fraktura.hr\/pojedinac-i-povijest.html<\/a><\/p>\n\n\n\n<hr class=\"wp-block-separator\"\/>\n","protected":false},"excerpt":{"rendered":"","protected":false},"author":2,"featured_media":40295,"comment_status":"open","ping_status":"open","sticky":false,"template":"","format":"standard","meta":{"_acf_changed":false,"jetpack_post_was_ever_published":false,"_jetpack_newsletter_access":"","_jetpack_dont_email_post_to_subs":false,"_jetpack_newsletter_tier_id":0,"_jetpack_memberships_contains_paywalled_content":false,"_jetpack_memberships_contains_paid_content":false,"footnotes":"","jetpack_publicize_message":"","jetpack_publicize_feature_enabled":true,"jetpack_social_post_already_shared":true,"jetpack_social_options":{"image_generator_settings":{"template":"highway","default_image_id":0,"font":"","enabled":false},"version":2}},"categories":[8,3],"tags":[],"class_list":["post-40294","post","type-post","status-publish","format-standard","has-post-thumbnail","hentry","category-knjige","category-novosti"],"acf":{"facebook_opis":""},"jetpack_publicize_connections":[],"jetpack_featured_media_url":"https:\/\/i0.wp.com\/historiografija.hr\/wp-content\/uploads\/2024\/04\/pojedinac_i_povijest.jpg?fit=402%2C610&ssl=1","jetpack_sharing_enabled":true,"jetpack-related-posts":[],"_links":{"self":[{"href":"https:\/\/historiografija.hr\/index.php?rest_route=\/wp\/v2\/posts\/40294","targetHints":{"allow":["GET"]}}],"collection":[{"href":"https:\/\/historiografija.hr\/index.php?rest_route=\/wp\/v2\/posts"}],"about":[{"href":"https:\/\/historiografija.hr\/index.php?rest_route=\/wp\/v2\/types\/post"}],"author":[{"embeddable":true,"href":"https:\/\/historiografija.hr\/index.php?rest_route=\/wp\/v2\/users\/2"}],"replies":[{"embeddable":true,"href":"https:\/\/historiografija.hr\/index.php?rest_route=%2Fwp%2Fv2%2Fcomments&post=40294"}],"version-history":[{"count":1,"href":"https:\/\/historiografija.hr\/index.php?rest_route=\/wp\/v2\/posts\/40294\/revisions"}],"predecessor-version":[{"id":40296,"href":"https:\/\/historiografija.hr\/index.php?rest_route=\/wp\/v2\/posts\/40294\/revisions\/40296"}],"wp:featuredmedia":[{"embeddable":true,"href":"https:\/\/historiografija.hr\/index.php?rest_route=\/wp\/v2\/media\/40295"}],"wp:attachment":[{"href":"https:\/\/historiografija.hr\/index.php?rest_route=%2Fwp%2Fv2%2Fmedia&parent=40294"}],"wp:term":[{"taxonomy":"category","embeddable":true,"href":"https:\/\/historiografija.hr\/index.php?rest_route=%2Fwp%2Fv2%2Fcategories&post=40294"},{"taxonomy":"post_tag","embeddable":true,"href":"https:\/\/historiografija.hr\/index.php?rest_route=%2Fwp%2Fv2%2Ftags&post=40294"}],"curies":[{"name":"wp","href":"https:\/\/api.w.org\/{rel}","templated":true}]}}