{"id":40283,"date":"2024-04-03T22:04:38","date_gmt":"2024-04-03T22:04:38","guid":{"rendered":"http:\/\/historiografija.hr\/?p=40283"},"modified":"2024-04-03T22:04:38","modified_gmt":"2024-04-03T22:04:38","slug":"izlozba-laszowski-utemeljitelj","status":"publish","type":"post","link":"https:\/\/historiografija.hr\/?p=40283","title":{"rendered":"Izlo\u017eba &#8220;Laszowski \u2013 utemeljitelj&#8221;"},"content":{"rendered":"\n<p>U \u010detvrtak, 4. travnja 2024. u 14 sati, u Muzeju grada Zagreba bit \u0107e otvorena izlo\u017eba <strong><em>Laszowski \u2013 utemeljitelj<\/em><\/strong>.<\/p>\n\n\n\n<p>Izlo\u017eba <strong><em>Laszowski \u2013 utemeljitelj<\/em><\/strong> tematizirat \u0107e prvog ravnatelja, odnosno, upravitelja Muzeja grada Zagreba te njegovog prvog kustosa \u2013 Emilija Laszowskog.<\/p>\n\n\n\n<p>Rije\u010d je o tzv. hibridnom izlo\u017ebenom projektu koji uklju\u010duje virtualnu izlo\u017ebu, ali i njeno pro\u0161irenje u stvarni prostor Muzeja grada Zagreba, u vidu mini-izlo\u017ebe u predvorju Muzeja koja \u0107e korespondirati s predmetima izlo\u017eenim u stalnom postavu ili su dio fundusa Muzeja, a povezani su s Laszowskim.<\/p>\n\n\n\n<p>Osim dijelova o njegovu \u017eivotu i svestranom radu te djelovanju u Dru\u017ebi \u201eBra\u0107a Hrvatskoga Zmaja\u201c, naglasak izlo\u017ebe stavljen je na njegov muzejski rad, odnosno, inicijativu i osnivanje Muzeja grada Zagreba, prikupljanje predmeta i ravnanje Muzejom kroz utemeljiteljsku fazu u prvih dvadeset godina postojanja MGZ-a, od 1907 do 1925. godine.<\/p>\n\n\n\n<p>Lik i djelo Emilija Laszowskog biti \u0107e predstavljeno kroz digitaliziranu arhivsku gra\u0111u, publikacije kojima je autor i urednik, publikacije koje tematiziraju E. Laszowskog, novinske isje\u010dke, kartoteku predmeta koje je darovao Muzeju, fotografije, slike, multimedijalne zapise kao i predmete izlo\u017eene u u prostoru Muzeja grada Zagreba.<\/p>\n\n\n\n<p>Izlo\u017eba \u0107e biti otvorena do kraja 2024. godine.<\/p>\n\n\n\n<p>Partneri projekta su dru\u017eba Bra\u0107a Hrvatskog Zmaja, Hrvatski dr\u017eavni arhiv, Hrvatski povijesni muzej, Zavi\u010dajni muzej Ozalj, Dr\u017eavni arhiv u Zagrebu,\u00a0 Knji\u017enice grada Zagreba, Gradski muzej Karlovac i Etnografski muzej Zagreb.<\/p>\n\n\n\n<hr class=\"wp-block-separator\"\/>\n\n\n\n<p>Izvori:<\/p>\n\n\n\n<p><a href=\"https:\/\/mgz.hr\/hr\/dogadanja\/otvorenje-izlozbe-%e2%80%9claszowski---utemeljitelj%e2%80%9d,3634.html\">https:\/\/mgz.hr\/hr\/dogadanja\/otvorenje-izlozbe-%e2%80%9claszowski&#8212;utemeljitelj%e2%80%9d,3634.html<\/a><\/p>\n\n\n\n<p><a href=\"http:\/\/www.arhiv.hr\/hr-hr\/Kulturno-prosvjetne-aktivnosti\/ArticleId\/1776\/oamid\/1633\">http:\/\/www.arhiv.hr\/hr-hr\/Kulturno-prosvjetne-aktivnosti\/ArticleId\/1776\/oamid\/1633<\/a><\/p>\n\n\n\n<hr class=\"wp-block-separator\"\/>\n","protected":false},"excerpt":{"rendered":"","protected":false},"author":2,"featured_media":40284,"comment_status":"open","ping_status":"open","sticky":false,"template":"","format":"standard","meta":{"_acf_changed":false,"jetpack_post_was_ever_published":false,"_jetpack_newsletter_access":"","_jetpack_dont_email_post_to_subs":false,"_jetpack_newsletter_tier_id":0,"_jetpack_memberships_contains_paywalled_content":false,"_jetpack_memberships_contains_paid_content":false,"footnotes":"","jetpack_publicize_message":"","jetpack_publicize_feature_enabled":true,"jetpack_social_post_already_shared":true,"jetpack_social_options":{"image_generator_settings":{"template":"highway","default_image_id":0,"font":"","enabled":false},"version":2}},"categories":[10,3],"tags":[],"class_list":["post-40283","post","type-post","status-publish","format-standard","has-post-thumbnail","hentry","category-izlozbe","category-novosti"],"acf":{"facebook_opis":""},"jetpack_publicize_connections":[],"jetpack_featured_media_url":"https:\/\/i0.wp.com\/historiografija.hr\/wp-content\/uploads\/2024\/04\/MGZ-Laszowski.jpg?fit=1635%2C920&ssl=1","jetpack_sharing_enabled":true,"jetpack-related-posts":[],"_links":{"self":[{"href":"https:\/\/historiografija.hr\/index.php?rest_route=\/wp\/v2\/posts\/40283","targetHints":{"allow":["GET"]}}],"collection":[{"href":"https:\/\/historiografija.hr\/index.php?rest_route=\/wp\/v2\/posts"}],"about":[{"href":"https:\/\/historiografija.hr\/index.php?rest_route=\/wp\/v2\/types\/post"}],"author":[{"embeddable":true,"href":"https:\/\/historiografija.hr\/index.php?rest_route=\/wp\/v2\/users\/2"}],"replies":[{"embeddable":true,"href":"https:\/\/historiografija.hr\/index.php?rest_route=%2Fwp%2Fv2%2Fcomments&post=40283"}],"version-history":[{"count":1,"href":"https:\/\/historiografija.hr\/index.php?rest_route=\/wp\/v2\/posts\/40283\/revisions"}],"predecessor-version":[{"id":40285,"href":"https:\/\/historiografija.hr\/index.php?rest_route=\/wp\/v2\/posts\/40283\/revisions\/40285"}],"wp:featuredmedia":[{"embeddable":true,"href":"https:\/\/historiografija.hr\/index.php?rest_route=\/wp\/v2\/media\/40284"}],"wp:attachment":[{"href":"https:\/\/historiografija.hr\/index.php?rest_route=%2Fwp%2Fv2%2Fmedia&parent=40283"}],"wp:term":[{"taxonomy":"category","embeddable":true,"href":"https:\/\/historiografija.hr\/index.php?rest_route=%2Fwp%2Fv2%2Fcategories&post=40283"},{"taxonomy":"post_tag","embeddable":true,"href":"https:\/\/historiografija.hr\/index.php?rest_route=%2Fwp%2Fv2%2Ftags&post=40283"}],"curies":[{"name":"wp","href":"https:\/\/api.w.org\/{rel}","templated":true}]}}